{"id":664224,"date":"2026-09-03T07:24:14","date_gmt":"2026-09-03T07:24:14","guid":{"rendered":"https:\/\/www.europesays.com\/pl\/664224\/"},"modified":"2026-09-03T07:24:14","modified_gmt":"2026-09-03T07:24:14","slug":"wloszki-i-serbki-juz-czekaja-oto-siatkarski-plan-dnia","status":"publish","type":"post","link":"https:\/\/www.europesays.com\/pl\/664224\/","title":{"rendered":"W\u0142oszki i Serbki ju\u017c czekaj\u0105. Oto siatkarski plan dnia"},"content":{"rendered":"\n<p class=\"contentpart contentpart--default contentpart--text\" data-position=\"0\">W \u015brod\u0119 rozegrano pierwsze \u0107wier\u0107fina\u0142owe mecze <a href=\"https:\/\/sportowefakty.wp.pl\/siatkowka\/mistrzostwa-europy-2026-kobiet\" rel=\"nofollow noopener\" target=\"_blank\">Mistrzostw Europy 2026 kobiet<\/a>. Nie by\u0142o w nich sensacyjnych rozstrzygni\u0119\u0107. Serbki bez problemu poradzi\u0142y sobie z Greczynkami, wygrywaj\u0105c 3:0 (do 14, 20 i 17). Z kolei W\u0142oszki zwyci\u0119\u017cy\u0142y ze Szwecj\u0105 3:1. Ten mecz rozpocz\u0119\u0142y od prowadzenia Szwedki, ale potem W\u0142oszki by\u0142y ju\u017c bezkonkurencyjne.<\/p>\n<p class=\"contentpart contentpart--default contentpart--text\" data-position=\"1\">Tym samym Serbki i W\u0142oszki maj\u0105 teraz czas, by dotrze\u0107 do Stambu\u0142u, gdzie zaplanowano mecze fazy medalowej. Dru\u017cyny te czekaj\u0105 na rywalki, kt\u00f3re wy\u0142onione zostan\u0105 w czwartkowych \u0107wier\u0107fina\u0142ach.<\/p>\n<p>  <img decoding=\"async\" src=\"https:\/\/v.wpimg.pl\/X3dwLnN2d1IFFTpdYUl6R0ZNbgcnEHQREVV2TGEGbUtRT2MdOlZ2RBQUKABgQjQcDRotCStBd1IAAWMeIlM7VgwYIAorQAdEFFk_GCkQJQ\" alt=\"\" width=\"45\" height=\"58\" loading=\"lazy\"\/>  <\/p>\n<p class=\"contentpart contentpart--default contentpart--text\" data-position=\"2\">ZOBACZ WIDEO: Kadra siatkarek od \u015brodka. Zobacz vloga z mistrzostw Europy<\/p>\n<p class=\"contentpart contentpart--default contentpart--text\" data-position=\"4\">O godzinie 15:00 rozpocznie si\u0119 mecz Polski z Holandi\u0105. Bia\u0142o-Czerwone w fazie grupowej wygra\u0142y wszystkie pi\u0119\u0107 pojedynk\u00f3w, w tym z Turcj\u0105. Z kolei Holenderki wygra\u0142y cztery mecze i uleg\u0142y tylko reprezentacji Belgii.<\/p>\n<p class=\"contentpart contentpart--default contentpart--text\" data-position=\"5\">Z kolei w 1\/8 fina\u0142u Polki bez wi\u0119kszych problem\u00f3w odprawi\u0142y Portugalki, a Holenderki poradzi\u0142y sobie ze S\u0142oweni\u0105, kt\u00f3r\u0105 odprawi\u0142y dopiero po tie-breaku. Nie b\u0119dzie to \u0142atwe spotkanie dla Polek, bo Pomara\u0144czowe to wymagaj\u0105cy rywal, kt\u00f3rego sta\u0107 na niespodziank\u0119.<\/p>\n<p class=\"contentpart contentpart--default contentpart--text\" data-position=\"6\">Trzy godziny p\u00f3\u017aniej dojdzie do meczu Turcji z Niemcami. Ekipy te spotka\u0142y si\u0119 ju\u017c w fazie grupowej i wtedy g\u00f3r\u0105 by\u0142y Turczynki, kt\u00f3re wygra\u0142y 3:1 Gospodynie mia\u0142y na koncie cztery zwyci\u0119stwa, a Niemki tylko dwa.<\/p>\n<p>  <img decoding=\"async\" src=\"https:\/\/v.wpimg.pl\/X3dwLnN2d1IFFTpdYUl6R0ZNbgcnEHQREVV2TGEGbUtRT2MdOlZ2RBQUKABgQjQcDRotCStBd1IAAWMeIlM7VgwYIAorQAdEFFk_GCkQJQ\" alt=\"\" width=\"45\" height=\"58\" loading=\"lazy\"\/>  <\/p>\n<p class=\"contentpart contentpart--default contentpart--text\" data-position=\"7\">W 1\/8 fina\u0142u Turcja pokona\u0142a Azerbejd\u017can (3:0), a Niemki niespodziewanie odprawi\u0142y z kwitkiem Belgijki (3:2), kt\u00f3re w fazie grupowej odnios\u0142y komplet zwyci\u0119stw.<\/p>\n<p class=\"contentpart contentpart--default contentpart--text\" data-position=\"8\">Plan dnia:<\/p>\n<p class=\"contentpart contentpart--default contentpart--text\" data-position=\"9\"><a href=\"https:\/\/sportowefakty.wp.pl\/siatkowka\/reprezentacja-kobiet\" rel=\"nofollow noopener\" target=\"_blank\">Polska<\/a>\u00a0&#8211; <a href=\"https:\/\/sportowefakty.wp.pl\/siatkowka\/reprezentacja-holandii-kobiet\" rel=\"nofollow noopener\" target=\"_blank\">Holandia<\/a>\u00a0(godz. 15:00)<\/p>\n<p class=\"contentpart contentpart--default contentpart--text\" data-position=\"10\"><a href=\"https:\/\/sportowefakty.wp.pl\/siatkowka\/reprezentacja-niemiec-kobiet\" rel=\"nofollow noopener\" target=\"_blank\">Niemcy<\/a>\u00a0&#8211; <a href=\"https:\/\/sportowefakty.wp.pl\/siatkowka\/reprezentacja-turcji-kobiet\" rel=\"nofollow noopener\" target=\"_blank\">Turcja<\/a>\u00a0(godz. 18:00)<\/p>\n","protected":false},"excerpt":{"rendered":"W \u015brod\u0119 rozegrano pierwsze \u0107wier\u0107fina\u0142owe mecze Mistrzostw Europy 2026 kobiet. Nie by\u0142o w nich sensacyjnych rozstrzygni\u0119\u0107. Serbki bez&hellip;\n","protected":false},"author":2,"featured_media":664225,"comment_status":"","ping_status":"","sticky":false,"template":"","format":"standard","meta":{"footnotes":"","_share_on_mastodon":"0"},"categories":[24],"tags":[7835,1786,124983,295,42,38,40,39,41,539,279,131,127,126,192],"class_list":["post-664224","post","type-post","status-publish","format-standard","has-post-thumbnail","category-sport","tag-grecja","tag-holandia","tag-mistrzostwa-europy-2026-kobiet","tag-niemcy","tag-pl","tag-poland","tag-polish","tag-polska","tag-polski","tag-reprezentacje","tag-serbia","tag-siatkowka","tag-sport","tag-sports","tag-turcja"],"share_on_mastodon":{"url":"https:\/\/pubeurope.com\/@pl\/117205918214303939","error":""},"_links":{"self":[{"href":"https:\/\/www.europesays.com\/pl\/wp-json\/wp\/v2\/posts\/664224","targetHints":{"allow":["GET"]}}],"collection":[{"href":"https:\/\/www.europesays.com\/pl\/wp-json\/wp\/v2\/posts"}],"about":[{"href":"https:\/\/www.europesays.com\/pl\/wp-json\/wp\/v2\/types\/post"}],"author":[{"embeddable":true,"href":"https:\/\/www.europesays.com\/pl\/wp-json\/wp\/v2\/users\/2"}],"replies":[{"embeddable":true,"href":"https:\/\/www.europesays.com\/pl\/wp-json\/wp\/v2\/comments?post=664224"}],"version-history":[{"count":0,"href":"https:\/\/www.europesays.com\/pl\/wp-json\/wp\/v2\/posts\/664224\/revisions"}],"wp:featuredmedia":[{"embeddable":true,"href":"https:\/\/www.europesays.com\/pl\/wp-json\/wp\/v2\/media\/664225"}],"wp:attachment":[{"href":"https:\/\/www.europesays.com\/pl\/wp-json\/wp\/v2\/media?parent=664224"}],"wp:term":[{"taxonomy":"category","embeddable":true,"href":"https:\/\/www.europesays.com\/pl\/wp-json\/wp\/v2\/categories?post=664224"},{"taxonomy":"post_tag","embeddable":true,"href":"https:\/\/www.europesays.com\/pl\/wp-json\/wp\/v2\/tags?post=664224"}],"curies":[{"name":"wp","href":"https:\/\/api.w.org\/{rel}","templated":true}]}}