{"id":664238,"date":"2026-09-03T07:31:15","date_gmt":"2026-09-03T07:31:15","guid":{"rendered":"https:\/\/www.europesays.com\/pl\/664238\/"},"modified":"2026-09-03T07:31:15","modified_gmt":"2026-09-03T07:31:15","slug":"prof-chwedoruk-ujawnia-co-zdecyduje-o-wyniku-wyborow-w-2027-r-afery-juz-nie-obalaja-rzadow-wprost","status":"publish","type":"post","link":"https:\/\/www.europesays.com\/pl\/664238\/","title":{"rendered":"Prof. Chwedoruk ujawnia, co zdecyduje o wyniku wybor\u00f3w w 2027 r. \u201eAfery ju\u017c nie obalaj\u0105 rz\u0105d\u00f3w\u201d \u2013 Wprost"},"content":{"rendered":"\n<p>&#13;<br \/>\nAgnieszka Nies\u0142uchowska, \u201eWprost\u201d: Polityczna jesie\u0144 zacz\u0119\u0142a si\u0119 na\u00a0dobre, pierwsze powakacyjne posiedzenie Sejmu zacz\u0119\u0142o si\u0119 od\u00a0politycznej pysk\u00f3wki i\u00a0przerzucania si\u0119 pos\u0142\u00f3w KO i\u00a0PiS odpowiedzialno\u015bci\u0105 za\u00a0afer\u0119 Zondacrypto. Czy\u00a0ta\u00a0sprawa stanie si\u0119 jednym z\u00a0g\u0142\u00f3wnych motyw\u00f3w kampanii parlamentarnej? &#13;\n<\/p>\n<p>&#13;<br \/>\nProf. Rafa\u0142 Chwedoruk: B\u0119dzie to\u00a0jeden z\u00a0punkt\u00f3w kampanii, cho\u0107 trudno powiedzie\u0107, czy\u00a0najwa\u017cniejszy. Z\u00a0jednej strony to\u00a0afera czytelna, obfituj\u0105ca w\u00a0proste sytuacje wyj\u0119te z\u00a0powszechnych podejrze\u0144 spo\u0142ecznych wobec \u015bwiata polityki. Z\u00a0drugiej \u2013\u00a0tematyka bezpiecze\u0144stwa finansowego pa\u0144stwa oraz\u00a0\u015bwiatowego rynku kryptowalut jest zrozumia\u0142a g\u0142\u00f3wnie dla\u00a0m\u0142odszych i\u00a0\u015brednich wiekowo wyborc\u00f3w. &#13;\n<\/p>\n<p>Trudno przes\u0105dzi\u0107, jak mo\u017ce to\u00a0wp\u0142yn\u0105\u0107 na\u00a0ko\u0144cowy podzia\u0142 mandat\u00f3w. \u017byjemy w\u00a0bardzo stabilnym systemie partyjnym i\u00a0pojedyncze wydarzenia nie\u00a0maj\u0105 ju\u017c takiej si\u0142y oddzia\u0142ywania jak 20-30 lat temu. G\u0142\u00f3wne formacje polityczne nauczy\u0142y si\u0119 radzi\u0107 sobie z\u00a0takimi aferami. <\/p>\n<p>&#13;<br \/>\nKto mo\u017ce najwi\u0119cej straci\u0107 na\u00a0tym skandalu i\u00a0zeznaniach by\u0142ego szefa Zondacrypto Przemys\u0142awa Krala? &#13;\n<\/p>\n<p>&#13;<br \/>\nAfera rozgrywa\u0142a si\u0119 podczas rz\u0105d\u00f3w Prawa i\u00a0Sprawiedliwo\u015bci, wi\u0119c pr\u00f3by przerzucenia winy na\u00a0obecnie rz\u0105dz\u0105cych nie\u00a0b\u0119d\u0105 mia\u0142y wi\u0119kszego znaczenia. Rz\u0105dz\u0105cy maj\u0105 w\u0142asne problemy, z\u00a0kt\u00f3rymi musz\u0105 si\u0119 mierzy\u0107. Ca\u0142a ta\u00a0sytuacja b\u0119dzie jednak elementem rozgrywki wewn\u0105trz prawicy \u2013\u00a0mi\u0119dzy PiS-em a\u00a0\u015brodowiskiem Rozwoju Plus. &#13;<\/p>\n","protected":false},"excerpt":{"rendered":"&#13; Agnieszka Nies\u0142uchowska, \u201eWprost\u201d: Polityczna jesie\u0144 zacz\u0119\u0142a si\u0119 na\u00a0dobre, pierwsze powakacyjne posiedzenie Sejmu zacz\u0119\u0142o si\u0119 od\u00a0politycznej pysk\u00f3wki i\u00a0przerzucania&hellip;\n","protected":false},"author":2,"featured_media":664239,"comment_status":"","ping_status":"","sticky":false,"template":"","format":"standard","meta":{"footnotes":"","_share_on_mastodon":"0"},"categories":[62713],"tags":[73149,1345,49,69033,529,6022,907,3512,99,65514,43315,3654,17994],"class_list":["post-664238","post","type-post","status-publish","format-standard","has-post-thumbnail","category-donald-tusk","tag-agnieszka-niesluchowska","tag-donald-tusk","tag-kraj","tag-kral","tag-pis","tag-po","tag-polityka","tag-premium","tag-tusk","tag-tylko-u-nas","tag-wprost","tag-wybory","tag-zondacrypto"],"share_on_mastodon":{"url":"https:\/\/pubeurope.com\/@pl\/117205944672900880","error":""},"_links":{"self":[{"href":"https:\/\/www.europesays.com\/pl\/wp-json\/wp\/v2\/posts\/664238","targetHints":{"allow":["GET"]}}],"collection":[{"href":"https:\/\/www.europesays.com\/pl\/wp-json\/wp\/v2\/posts"}],"about":[{"href":"https:\/\/www.europesays.com\/pl\/wp-json\/wp\/v2\/types\/post"}],"author":[{"embeddable":true,"href":"https:\/\/www.europesays.com\/pl\/wp-json\/wp\/v2\/users\/2"}],"replies":[{"embeddable":true,"href":"https:\/\/www.europesays.com\/pl\/wp-json\/wp\/v2\/comments?post=664238"}],"version-history":[{"count":0,"href":"https:\/\/www.europesays.com\/pl\/wp-json\/wp\/v2\/posts\/664238\/revisions"}],"wp:featuredmedia":[{"embeddable":true,"href":"https:\/\/www.europesays.com\/pl\/wp-json\/wp\/v2\/media\/664239"}],"wp:attachment":[{"href":"https:\/\/www.europesays.com\/pl\/wp-json\/wp\/v2\/media?parent=664238"}],"wp:term":[{"taxonomy":"category","embeddable":true,"href":"https:\/\/www.europesays.com\/pl\/wp-json\/wp\/v2\/categories?post=664238"},{"taxonomy":"post_tag","embeddable":true,"href":"https:\/\/www.europesays.com\/pl\/wp-json\/wp\/v2\/tags?post=664238"}],"curies":[{"name":"wp","href":"https:\/\/api.w.org\/{rel}","templated":true}]}}