{"id":664240,"date":"2026-09-03T07:32:11","date_gmt":"2026-09-03T07:32:11","guid":{"rendered":"https:\/\/www.europesays.com\/pl\/664240\/"},"modified":"2026-09-03T07:32:11","modified_gmt":"2026-09-03T07:32:11","slug":"rafal-leskiewicz-o-kryptowalutach-reparacjach-g20-i-sporze-o-sady-wprost","status":"publish","type":"post","link":"https:\/\/www.europesays.com\/pl\/664240\/","title":{"rendered":"Rafa\u0142 Le\u015bkiewicz o kryptowalutach, reparacjach, G20 i sporze o s\u0105dy \u2013 Wprost"},"content":{"rendered":"\n<p>&#13;<br \/>\nKarol Nawrocki nie\u00a0zmieni\u0142 stanowiska wobec zawetowanej ustawy o\u00a0rynku kryptowalut \u2013\u00a0przekaza\u0142 w\u00a0TV Republika jego rzecznik Rafa\u0142 Le\u015bkiewicz. Jak stwierdzi\u0142, parlament powinien przyj\u0105\u0107 rozwi\u0105zania zaproponowane przez prezydenta. Rzecznik odrzuci\u0142 zarzuty rz\u0105du, \u017ce\u00a0weto mog\u0142o utrudni\u0107 ochron\u0119 inwestor\u00f3w. Przekonywa\u0142, \u017ce\u00a0to\u00a0gabinet Donalda Tuska przez dwa i\u00a0p\u00f3\u0142 roku nie\u00a0uregulowa\u0142 rynku oraz\u00a0nie\u00a0zapewni\u0142 odpowiednich dzia\u0142a\u0144 nadzoru finansowego i\u00a0s\u0142u\u017cb. Oskar\u017cenia premiera nazwa\u0142 \u201etanim chwytem propagandowym\u201d. &#13;\n<\/p>\n<p>Zdj\u0119cie Nawrockiego z\u00a0Chodzi\u0144skim. Rzecznik prezydenta t\u0142umaczy<\/p>\n<p>&#13;<br \/>\nLe\u015bkiewicz potwierdzi\u0142, \u017ce\u00a012 grudnia do\u00a0prezydenta trafi\u0142o niejawne pismo ABW dotycz\u0105ce zagro\u017ce\u0144. Oceni\u0142 jednak, \u017ce\u00a0dokument by\u0142 og\u00f3lny i\u00a0nie zawiera\u0142 pog\u0142\u0119bionych informacji. Doda\u0142, \u017ce\u00a0materia\u0142y przekazywane g\u0142owie pa\u0144stwa przez s\u0142u\u017cby nie\u00a0zawsze s\u0105 kompletne. &#13;\n<\/p>\n<p>&#13;<br \/>\nW rozmowie pojawi\u0142 si\u0119 tak\u017ce temat zdj\u0119cia Karola Nawrockiego z\u00a0by\u0142ym funkcjonariuszem CBA Arturem Chodzi\u0144skim, kt\u00f3rego prowadz\u0105cy powi\u0105za\u0142 z\u00a0Zondacrypto. Wed\u0142ug Le\u015bkiewicza fotografia powsta\u0142a podczas wydarzenia z\u00a0udzia\u0142em kilkuset os\u00f3b po\u00a0obchodach 11 listopada. Zapewni\u0142, \u017ce\u00a0nie dosz\u0142o wtedy do\u00a0\u017cadnej rozmowy. &#13;\n<\/p>\n<p>Reparacje od\u00a0Niemiec i\u00a0spotkanie z\u00a0Donaldem Trumpem<\/p>\n<p>&#13;<br \/>\nRzecznik broni\u0142 apeli prezydenta o\u00a0reparacje wojenne od\u00a0Niemiec. Jego zdaniem polski rz\u0105d powinien w\u00a0tej sprawie wspiera\u0107 Pa\u0142ac Prezydencki. Odpowiadaj\u0105c na\u00a0krytyk\u0119 Rados\u0142awa Sikorskiego, zarzuci\u0142 szefowi MSZ, \u017ce\u00a0zachowuje si\u0119 jak \u201ehejter internetowy\u201d. &#13;\n<\/p>\n<p>&#13;<br \/>\nLe\u015bkiewicz zapowiedzia\u0142 te\u017c, \u017ce\u00a0Nawrocki spotka si\u0119 z\u00a0Donaldem Trumpem podczas grudniowego szczytu G20 w\u00a0Miami. Nie\u00a0wykluczy\u0142 wcze\u015bniejszej rozmowy przy okazji Zgromadzenia Og\u00f3lnego ONZ w\u00a0Nowym Jorku. Przekonywa\u0142, \u017ce\u00a0prezydent USA popar\u0142 sta\u0142e cz\u0142onkostwo Polski w\u00a0G20. &#13;\n<\/p>\n<p>&#13;<br \/>\nW sprawie sta\u0142ej obecno\u015bci wojsk ameryka\u0144skich w\u00a0Polsce rzecznik oceni\u0142 w\u00a0<a href=\"https:\/\/www.wprost.pl\/kraj\/12430848\/tv-republika-nie-wplacila-rocznej-raty-za-koncesje-uruchomiono-zbiorke.html\" rel=\"nofollow noopener\" target=\"_blank\">TV Republika,<\/a> \u017ce\u00a0dzia\u0142ania operacyjne nale\u017c\u0105 teraz do\u00a0rz\u0105du. Jego zdaniem rozmowy nie\u00a0s\u0105 prowadzone w\u00a0oczekiwanym tempie. &#13;\n<\/p>\n<p>Maciej Berek w\u00a0Trybunale Konstytucyjnym? \u201eS\u0105 w\u0105tpliwo\u015bci\u201d<\/p>\n<p>&#13;<br \/>\nLe\u015bkiewicz krytycznie odni\u00f3s\u0142 si\u0119 r\u00f3wnie\u017c do\u00a0<a href=\"https:\/\/www.wprost.pl\/kraj\/12428550\/maciej-berek-kandydatem-do-tk-marcin-przydacz-z-niecodziennym-porownaniem-donalda-tuska.html\" rel=\"nofollow noopener\" target=\"_blank\">kandydatury Macieja Berka na\u00a0s\u0119dziego Trybuna\u0142u Konstytucyjnego<\/a>. Zasugerowa\u0142, \u017ce\u00a0istniej\u0105 w\u0105tpliwo\u015bci, czy\u00a0by\u0142y minister spe\u0142nia ustawowe wymagania. Nie\u00a0przes\u0105dzi\u0142, czy\u00a0prezydent przyj\u0105\u0142by od\u00a0niego \u015blubowanie. Komentuj\u0105c orzeczenie S\u0105du Najwy\u017cszego dotycz\u0105ce obsady stanowiska prokuratora krajowego, rzecznik uzna\u0142, \u017ce\u00a0funkcj\u0119 t\u0119\u00a0nadal pe\u0142ni Dariusz Barski, a\u00a0nie Dariusz Korneluk. Dzia\u0142ania rz\u0105du w\u00a0sferze wymiaru sprawiedliwo\u015bci okre\u015bli\u0142 jako \u201eputinizacj\u0119 prawa\u201d. To\u00a0polityczna ocena rzecznika prezydenta, z\u00a0kt\u00f3r\u0105 ob\u00f3z rz\u0105dz\u0105cy si\u0119 nie\u00a0zgadza. &#13;\n<\/p>\n<p>&#13;<br \/>\n   Czytaj te\u017c:<br \/><a href=\"https:\/\/www.wprost.pl\/kraj\/12430821\/maciej-berek-w-trybunale-konstytucyjnym-w-sejmie-wrze-gromy-na-tuska.html\" rel=\"follow nofollow noopener\" data-schema=\"WPROST\" data-image=\"https:\/\/img.wprost.pl\/_thumb\/bd\/6b\/6da97fd1e1743627a3c941d6262b.jpeg\" target=\"_blank\">Iskrzy ws. kandydatury Berka do\u00a0TK. \u201eHipokryzja PO\u201d, \u201eCudowny uzdrowiciel\u201d<\/a>   Czytaj te\u017c:<br \/><a href=\"https:\/\/www.wprost.pl\/kraj\/12431139\/spor-o-trybunal-konstytucyjny-tak-karol-nawrocki-moze-zablokowac-plan-donalda-tuska.html\" rel=\"follow nofollow noopener\" data-schema=\"WPROST\" data-image=\"https:\/\/img.wprost.pl\/_thumb\/f0\/35\/3e0e098698a075ff79d99507698f.jpeg\" target=\"_blank\">\u201eSzanta\u017c finansowy\u201d na\u00a0TK? Tak Nawrocki mo\u017ce pokrzy\u017cowa\u0107 plan Tuska<\/a>&#13;<\/p>\n","protected":false},"excerpt":{"rendered":"&#13; Karol Nawrocki nie\u00a0zmieni\u0142 stanowiska wobec zawetowanej ustawy o\u00a0rynku kryptowalut \u2013\u00a0przekaza\u0142 w\u00a0TV Republika jego rzecznik Rafa\u0142 Le\u015bkiewicz. Jak&hellip;\n","protected":false},"author":2,"featured_media":664241,"comment_status":"","ping_status":"","sticky":false,"template":"","format":"standard","meta":{"footnotes":"","_share_on_mastodon":"0"},"categories":[62712],"tags":[690,13467,49,907,1005,40571,16822,61647,284,43315],"class_list":["post-664240","post","type-post","status-publish","format-standard","has-post-thumbnail","category-karol-nawrocki","tag-karol-nawrocki","tag-kprp","tag-kraj","tag-polityka","tag-prezydent","tag-rafal-leskiewicz","tag-rzecznik","tag-stanislaw-wegrowski","tag-tv-republika","tag-wprost"],"share_on_mastodon":{"url":"https:\/\/pubeurope.com\/@pl\/117205948787477777","error":""},"_links":{"self":[{"href":"https:\/\/www.europesays.com\/pl\/wp-json\/wp\/v2\/posts\/664240","targetHints":{"allow":["GET"]}}],"collection":[{"href":"https:\/\/www.europesays.com\/pl\/wp-json\/wp\/v2\/posts"}],"about":[{"href":"https:\/\/www.europesays.com\/pl\/wp-json\/wp\/v2\/types\/post"}],"author":[{"embeddable":true,"href":"https:\/\/www.europesays.com\/pl\/wp-json\/wp\/v2\/users\/2"}],"replies":[{"embeddable":true,"href":"https:\/\/www.europesays.com\/pl\/wp-json\/wp\/v2\/comments?post=664240"}],"version-history":[{"count":0,"href":"https:\/\/www.europesays.com\/pl\/wp-json\/wp\/v2\/posts\/664240\/revisions"}],"wp:featuredmedia":[{"embeddable":true,"href":"https:\/\/www.europesays.com\/pl\/wp-json\/wp\/v2\/media\/664241"}],"wp:attachment":[{"href":"https:\/\/www.europesays.com\/pl\/wp-json\/wp\/v2\/media?parent=664240"}],"wp:term":[{"taxonomy":"category","embeddable":true,"href":"https:\/\/www.europesays.com\/pl\/wp-json\/wp\/v2\/categories?post=664240"},{"taxonomy":"post_tag","embeddable":true,"href":"https:\/\/www.europesays.com\/pl\/wp-json\/wp\/v2\/tags?post=664240"}],"curies":[{"name":"wp","href":"https:\/\/api.w.org\/{rel}","templated":true}]}}