{"id":664252,"date":"2026-09-03T07:42:12","date_gmt":"2026-09-03T07:42:12","guid":{"rendered":"https:\/\/www.europesays.com\/pl\/664252\/"},"modified":"2026-09-03T07:42:12","modified_gmt":"2026-09-03T07:42:12","slug":"koncert-zakopower-xx-miuosh-w-srodmiesciu","status":"publish","type":"post","link":"https:\/\/www.europesays.com\/pl\/664252\/","title":{"rendered":"Koncert &#8211; Zakopower XX MIUOSH w \u015ar\u00f3dmie\u015bciu"},"content":{"rendered":"<p class=\"atomsHappeningContent__desc\">Trasa ZAKOPOWER XX MIUOSH to wyj\u0105tkowy projekt muzyczny \u0142\u0105cz\u0105cy podhala\u0144sk\u0105 dusz\u0119 zespo\u0142u Zakopower z nowoczesn\u0105, alternatywn\u0105 produkcj\u0105 oraz tw\u00f3rczo\u015bci\u0105 rapera i producenta Miuosha. Koncerty stanowi\u0105 \u015bwi\u0119towanie 20-lecia dzia\u0142alno\u015bci grupy Zakopower<\/p>\n<p>Dwie muzyczne indywidualno\u015bci, jeden wsp\u00f3lny mianownik: fascynacja ludowo\u015bci\u0105. W 2026 roku, z okazji XX-lecia zespo\u0142u Zakopower, doczekamy si\u0119 projektu, kt\u00f3ry ujmuje dotychczasowe dokonania zespo\u0142u w zupe\u0142nie nowej perspektywie. Miuosh \u2013 wizjoner i mistrz produkcji \u2013 wzi\u0105\u0142 na warsztat najwa\u017cniejsze utwory grupy, by wyci\u0105gn\u0105\u0107 z nich to, co najbardziej pierwotne i ubra\u0107 je w kola\u017c brzmie\u0144 miasta i naszych korzeni. To nie b\u0119dzie zwyk\u0142y jubileusz. To d\u017awi\u0119kowa podr\u00f3\u017c na skalne Podhale, odbywaj\u0105ca si\u0119 w otoczeniu brzmie\u0144 analogowych syntezator\u00f3w, sampli czy g\u00f3ralski ch\u00f3r\u00f3w, przy asy\u015bcie zaproszonych specjalnie do tego projektu muzyk\u00f3w, kt\u00f3rzy jeszcze z Zakopower nie wyst\u0119powali. <\/p>\n<p>Dla Miuosha to co\u015b nowego &#8211; kierunek, w kt\u00f3rym jeszcze nie pod\u0105\u017ca\u0142. Pasjonuj\u0105ca podr\u00f3\u017c w g\u0142\u0105b jednej z najciekawszych tradycji naszego kontynentu, w asy\u015bcie najlepszych mo\u017cliwych przewodnik\u00f3w.<\/p>\n<p>Zobacz, jak tradycja spotyka si\u0119 z futurystyczn\u0105 produkcj\u0105, a g\u00f3ralskie korzenie Sebastiana Karpiela-Bu\u0142ecki zyskuj\u0105 nowy, hipnotyzuj\u0105cy wymiar.<\/p>\n","protected":false},"excerpt":{"rendered":"Trasa ZAKOPOWER XX MIUOSH to wyj\u0105tkowy projekt muzyczny \u0142\u0105cz\u0105cy podhala\u0144sk\u0105 dusz\u0119 zespo\u0142u Zakopower z nowoczesn\u0105, alternatywn\u0105 produkcj\u0105 oraz&hellip;\n","protected":false},"author":2,"featured_media":664253,"comment_status":"","ping_status":"","sticky":false,"template":"","format":"standard","meta":{"footnotes":"","_share_on_mastodon":"0"},"categories":[51612],"tags":[6226,10195,10723,1081,42,38,40,39,41,1640,22920],"class_list":["post-664252","post","type-post","status-publish","format-standard","has-post-thumbnail","category-lublin","tag-bilety","tag-impreza","tag-koncerty","tag-lublin","tag-pl","tag-poland","tag-polish","tag-polska","tag-polski","tag-srodmiescie","tag-wydarzenie"],"share_on_mastodon":{"url":"https:\/\/pubeurope.com\/@pl\/117205987764312785","error":""},"_links":{"self":[{"href":"https:\/\/www.europesays.com\/pl\/wp-json\/wp\/v2\/posts\/664252","targetHints":{"allow":["GET"]}}],"collection":[{"href":"https:\/\/www.europesays.com\/pl\/wp-json\/wp\/v2\/posts"}],"about":[{"href":"https:\/\/www.europesays.com\/pl\/wp-json\/wp\/v2\/types\/post"}],"author":[{"embeddable":true,"href":"https:\/\/www.europesays.com\/pl\/wp-json\/wp\/v2\/users\/2"}],"replies":[{"embeddable":true,"href":"https:\/\/www.europesays.com\/pl\/wp-json\/wp\/v2\/comments?post=664252"}],"version-history":[{"count":0,"href":"https:\/\/www.europesays.com\/pl\/wp-json\/wp\/v2\/posts\/664252\/revisions"}],"wp:featuredmedia":[{"embeddable":true,"href":"https:\/\/www.europesays.com\/pl\/wp-json\/wp\/v2\/media\/664253"}],"wp:attachment":[{"href":"https:\/\/www.europesays.com\/pl\/wp-json\/wp\/v2\/media?parent=664252"}],"wp:term":[{"taxonomy":"category","embeddable":true,"href":"https:\/\/www.europesays.com\/pl\/wp-json\/wp\/v2\/categories?post=664252"},{"taxonomy":"post_tag","embeddable":true,"href":"https:\/\/www.europesays.com\/pl\/wp-json\/wp\/v2\/tags?post=664252"}],"curies":[{"name":"wp","href":"https:\/\/api.w.org\/{rel}","templated":true}]}}