{"id":664262,"date":"2026-09-03T07:47:17","date_gmt":"2026-09-03T07:47:17","guid":{"rendered":"https:\/\/www.europesays.com\/pl\/664262\/"},"modified":"2026-09-03T07:47:17","modified_gmt":"2026-09-03T07:47:17","slug":"awaria-torowiska-na-reymonta-we-wroclawiu-tramwaje-jezdza-objazdami","status":"publish","type":"post","link":"https:\/\/www.europesays.com\/pl\/664262\/","title":{"rendered":"Awaria torowiska na Reymonta we Wroc\u0142awiu. Tramwaje je\u017cd\u017c\u0105 objazdami"},"content":{"rendered":"\n<p>                <a target=\"_blank\" href=\"http:\/\/www.wykop.pl\/dodaj\/link\/?url=https%3A%2F%2Fwww.radiowroclaw.pl%2Farticles%2Fview%2F163617%2FAwaria-torowiska-na-Reymonta-we-Wroclawiu-Tramwaje-jezdza-objazdami&amp;title=Awaria+torowiska+na+Reymonta+we+Wroc%C5%82awiu.+Tramwaje+je%C5%BCd%C5%BC%C4%85+objazdami&amp;desc=Pi%C4%99%C4%87+linii+tramwajowych+we+Wroc%C5%82awiu+je%C5%BAdzi+objazdami+-+to+oznacza+k%C5%82opoty+dla+mieszka%C5%84c%C3%B3w+Osobowic+i+Po%C5%9Bwi%C4%99tnego.+Wszystko+z+powodu+awarii+torowiska+na+ulicy+Reymonta.\" rel=\"nofollow noopener\"><img decoding=\"async\" alt=\"Dodaj do Wykop.pl\" src=\"http:\/\/www.radiowroclaw.pl\/nlayout\/layout\/wykop-social.svg\"\/><\/a><\/p>\n<p>    <img decoding=\"async\" src=\"https:\/\/www.europesays.com\/pl\/wp-content\/uploads\/2026\/09\/RXGcqOn3su.jpg\" class=\"w-100\" alt=\"Awaria torowiska na Reymonta we Wroc\u0142awiu. Tramwaje je\u017cd\u017c\u0105 objazdami - Pi\u0119\u0107 linii tramwajowych we Wroc\u0142awiu je\u017adzi objazdami.\"\/>Pi\u0119\u0107 linii tramwajowych we Wroc\u0142awiu je\u017adzi objazdami.<\/p>\n<p>Zdj\u0119cie ilustracyjne. Fot. RW<\/p>\n<p>Pi\u0119\u0107 linii tramwajowych we Wroc\u0142awiu je\u017adzi objazdami &#8211; to oznacza k\u0142opoty dla mieszka\u0144c\u00f3w Osobowic i Po\u015bwi\u0119tnego. Wszystko z powodu awarii torowiska na ulicy Reymonta.<\/p>\n<p style=\"text-align: justify;\">To kolejna i pewnie nie ostatnia awaria b\u0119d\u0105cego w bardzo z\u0142ym stanie torowiska na ulicy Reymonta we Wroc\u0142awiu. Z powodu prac torowych nie je\u017cd\u017c\u0105 tramwaje w kierunku Osobowic i Po\u015bwi\u0119tnego. Linie numer 1, 7, 14, 15 i 16 zosta\u0142y skierowane objazdem do Dworca Nadodrze.<\/p>\n<p style=\"text-align: justify;\">Zadysponowano te\u017c zast\u0119pcz\u0105 komunikacj\u0119 autobusow\u0105 w relacjach Dworzec Nadodrze &#8211; Osobowice &#8211; Dworzec Nadodrze oraz Dworzec Nadodrze &#8211; Po\u015bwi\u0119tne &#8211; Dworzec Nadodrze.<\/p>\n<p style=\"text-align: justify;\">By\u0142e\u015b \u015bwiadkiem wypadku lub innego zdarzenia na drodze? A mo\u017ce stoisz w korku i chcesz przestrzec innych kierowc\u00f3w? Zadzwo\u0144 na telefon drogowy Radia Wroc\u0142aw: 71 339 33 55.<\/p>\n<p>        <a name=\"Comments\"\/><br \/>\n    \ufeff<\/p>\n<p>\t\t\t\t<a name=\"Comments\"\/><\/p>\n<p>\t\t\t\t\tDodaj\u0105c komentarz do artyku\u0142u akceptujesz<br \/>\n\t\t\t\t\t<a class=\"fw-bold\" href=\"http:\/\/www.radiowroclaw.pl\/articles\/view\/97405\" title=\"regulamin strony\" rel=\"nofollow noopener\" target=\"_blank\">regulamin strony<\/a>.<br \/>\n\t\t\t\t\tRadio Wroc\u0142aw nie odpowiada za tre\u015b\u0107 komentarzy.<\/p>\n","protected":false},"excerpt":{"rendered":"Pi\u0119\u0107 linii tramwajowych we Wroc\u0142awiu je\u017adzi objazdami. Zdj\u0119cie ilustracyjne. Fot. RW Pi\u0119\u0107 linii tramwajowych we Wroc\u0142awiu je\u017adzi objazdami&hellip;\n","protected":false},"author":2,"featured_media":664263,"comment_status":"","ping_status":"","sticky":false,"template":"","format":"standard","meta":{"footnotes":"","_share_on_mastodon":"0"},"categories":[51607],"tags":[4657,72419,34720,55950,42,38,40,39,41,78858,97970,10539,55110,1853,55111],"class_list":["post-664262","post","type-post","status-publish","format-standard","has-post-thumbnail","category-wroclaw","tag-awaria","tag-jezdza","tag-na","tag-objazdami","tag-pl","tag-poland","tag-polish","tag-polska","tag-polski","tag-reymonta","tag-torowiska","tag-tramwaje","tag-we","tag-wroclaw","tag-wroclawiu"],"share_on_mastodon":{"url":"https:\/\/pubeurope.com\/@pl\/117206008456778814","error":""},"_links":{"self":[{"href":"https:\/\/www.europesays.com\/pl\/wp-json\/wp\/v2\/posts\/664262","targetHints":{"allow":["GET"]}}],"collection":[{"href":"https:\/\/www.europesays.com\/pl\/wp-json\/wp\/v2\/posts"}],"about":[{"href":"https:\/\/www.europesays.com\/pl\/wp-json\/wp\/v2\/types\/post"}],"author":[{"embeddable":true,"href":"https:\/\/www.europesays.com\/pl\/wp-json\/wp\/v2\/users\/2"}],"replies":[{"embeddable":true,"href":"https:\/\/www.europesays.com\/pl\/wp-json\/wp\/v2\/comments?post=664262"}],"version-history":[{"count":0,"href":"https:\/\/www.europesays.com\/pl\/wp-json\/wp\/v2\/posts\/664262\/revisions"}],"wp:featuredmedia":[{"embeddable":true,"href":"https:\/\/www.europesays.com\/pl\/wp-json\/wp\/v2\/media\/664263"}],"wp:attachment":[{"href":"https:\/\/www.europesays.com\/pl\/wp-json\/wp\/v2\/media?parent=664262"}],"wp:term":[{"taxonomy":"category","embeddable":true,"href":"https:\/\/www.europesays.com\/pl\/wp-json\/wp\/v2\/categories?post=664262"},{"taxonomy":"post_tag","embeddable":true,"href":"https:\/\/www.europesays.com\/pl\/wp-json\/wp\/v2\/tags?post=664262"}],"curies":[{"name":"wp","href":"https:\/\/api.w.org\/{rel}","templated":true}]}}