{"id":664350,"date":"2026-09-03T08:41:25","date_gmt":"2026-09-03T08:41:25","guid":{"rendered":"https:\/\/www.europesays.com\/pl\/664350\/"},"modified":"2026-09-03T08:41:25","modified_gmt":"2026-09-03T08:41:25","slug":"ta-zmiana-przyblizy-szczecin-do-budowy-hali-lekkoatletycznej","status":"publish","type":"post","link":"https:\/\/www.europesays.com\/pl\/664350\/","title":{"rendered":"Ta zmiana przybli\u017cy Szczecin do budowy hali lekkoatletycznej"},"content":{"rendered":"<p>\n                        Nowy projekt miejscowego planu zagospodarowania przestrzennego pozwoli postawi\u0107 przy ul. Litewskiej obiekt o wysoko\u015bci 15 metr\u00f3w. Tyle jest niezb\u0119dne, aby mog\u0142a tam powsta\u0107 przygotowana do trening\u00f3w i du\u017cych imprez hala lekkoatletyczna z dodatkow\u0105, stumetrow\u0105 bie\u017cni\u0105 w podziemiach.\n                    <\/p>\n<p>We wtorek (8 wrze\u015bnia) radni przeg\u0142osuj\u0105 projekt planu \u201eZawadzkiego \u2013 Klonowica \u2013 Litewska\u201d. Na razie uzyska\u0142 on pozytywn\u0105 opini\u0119 Komisji ds. Budownictwa i Mieszkalnictwa.<\/p>\n<p>\u2013 Przyst\u0105pili\u015bmy do planu w ubieg\u0142ym roku na wniosek sp\u00f3\u0142ki Szczeci\u0144skie Inwestycje Miejskie, kt\u00f3ra przy ul. Litewskiej b\u0119dzie realizowa\u0142a budow\u0119 hali lekkoatletycznej. G\u0142\u00f3wne zadanie tego planu to podniesienie mo\u017cliwej wysoko\u015bci zabudowy z 12 do 15 metr\u00f3w oraz korekta ustale\u0144 dotycz\u0105cych budowli na cele obrony cywilnej \u2013 t\u0142umaczy\u0142a radnym Zofia Fiuk-Dymek, dyrektor Biura Planowania Przestrzennego.<\/p>\n<p>Hal\u0119 zaplanowano na placu naprzeciwko stadionu, z kt\u00f3rym zreszt\u0105 ma by\u0107 po\u0142\u0105czona tunelem. Aren\u0119 zmaga\u0144 okr\u0105\u017ca\u0107 b\u0119dzie dwustumetrowa bie\u017cnia. Na \u015brodku zaplanowano miejsce na 60-metrowe sprinty, skoki wzwy\u017c, o tyczce, w dal i tr\u00f3jskok, a tak\u017ce pchni\u0119cie kul\u0105. Uzupe\u0142nieniem infrastruktury treningowo-rozgrzewkowej ma by\u0107 stumetrowa bie\u017cnia zlokalizowana na poziomie -1, wydzielona obok parkingu podziemnego.<\/p>\n<p>Wed\u0142ug programu funkcjonalno-u\u017cytkowego biura architektonicznego MD Polska, trybuny pomieszcz\u0105 oko\u0142o 1\u00a0200 os\u00f3b. Hala nie spe\u0142ni wymog\u00f3w najwi\u0119kszych \u015bwiatowych imprez seniorskich, ale b\u0119dzie mo\u017cna w niej organizowa\u0107 Mistrzostwa Polski czy Mistrzostwa Europy Junior\u00f3w.<\/p>\n<p>Obok cz\u0119\u015bci przeznaczonej dla lekkoatlet\u00f3w zaplanowano now\u0105 sal\u0105 gimnastyczn\u0105 dla Zespo\u0142u Szk\u00f3\u0142 Samochodowych. Z pe\u0142nowymiarow\u0105 p\u0142yt\u0105 do gry w siatk\u00f3wk\u0119, pi\u0142k\u0119 r\u0119czn\u0105, koszyk\u00f3wk\u0119 i futsal, a tak\u017ce trybun\u0105 na 200 miejsc.<\/p>\n<p>Pod ziemi\u0105 ma powsta\u0107 parking na ponad 200 miejsc, kt\u00f3ry b\u0119dzie jednocze\u015bnie miejscem ukrycia w przypadku zagro\u017cenia (dla oko\u0142o 2 tysi\u0119cy os\u00f3b).<\/p>\n<p>Koszty budowy nowego kompleksu szacowane s\u0105 na 148 mln z\u0142 i miasto nie jest w stanie wzi\u0105\u0107 ich w ca\u0142o\u015bci na siebie. Dlatego liczy na dofinansowanie ze strony Ministerstwa Obrony Narodowej (na cz\u0119\u015b\u0107 dotycz\u0105c\u0105 parkingu-schronienia) oraz przede wszystkim Ministerstwa Sportu i Turystyki.<\/p>\n","protected":false},"excerpt":{"rendered":"Nowy projekt miejscowego planu zagospodarowania przestrzennego pozwoli postawi\u0107 przy ul. Litewskiej obiekt o wysoko\u015bci 15 metr\u00f3w. Tyle jest&hellip;\n","protected":false},"author":2,"featured_media":664351,"comment_status":"","ping_status":"","sticky":false,"template":"","format":"standard","meta":{"footnotes":"","_share_on_mastodon":"0"},"categories":[51611],"tags":[291,1089,3839,3511,261,3840,42,38,40,907,39,41,123,2307,26,1092],"class_list":["post-664350","post","type-post","status-publish","format-standard","has-post-thumbnail","category-szczecin","tag-historia","tag-imprezy","tag-interwencje","tag-inwestycje","tag-kultura","tag-lokale","tag-pl","tag-poland","tag-polish","tag-polityka","tag-polska","tag-polski","tag-rozrywka","tag-szczecin","tag-wiadomosci","tag-wydarzenia"],"share_on_mastodon":{"url":"https:\/\/pubeurope.com\/@pl\/117206219955544020","error":""},"_links":{"self":[{"href":"https:\/\/www.europesays.com\/pl\/wp-json\/wp\/v2\/posts\/664350","targetHints":{"allow":["GET"]}}],"collection":[{"href":"https:\/\/www.europesays.com\/pl\/wp-json\/wp\/v2\/posts"}],"about":[{"href":"https:\/\/www.europesays.com\/pl\/wp-json\/wp\/v2\/types\/post"}],"author":[{"embeddable":true,"href":"https:\/\/www.europesays.com\/pl\/wp-json\/wp\/v2\/users\/2"}],"replies":[{"embeddable":true,"href":"https:\/\/www.europesays.com\/pl\/wp-json\/wp\/v2\/comments?post=664350"}],"version-history":[{"count":0,"href":"https:\/\/www.europesays.com\/pl\/wp-json\/wp\/v2\/posts\/664350\/revisions"}],"wp:featuredmedia":[{"embeddable":true,"href":"https:\/\/www.europesays.com\/pl\/wp-json\/wp\/v2\/media\/664351"}],"wp:attachment":[{"href":"https:\/\/www.europesays.com\/pl\/wp-json\/wp\/v2\/media?parent=664350"}],"wp:term":[{"taxonomy":"category","embeddable":true,"href":"https:\/\/www.europesays.com\/pl\/wp-json\/wp\/v2\/categories?post=664350"},{"taxonomy":"post_tag","embeddable":true,"href":"https:\/\/www.europesays.com\/pl\/wp-json\/wp\/v2\/tags?post=664350"}],"curies":[{"name":"wp","href":"https:\/\/api.w.org\/{rel}","templated":true}]}}