{"id":664356,"date":"2026-09-03T08:44:26","date_gmt":"2026-09-03T08:44:26","guid":{"rendered":"https:\/\/www.europesays.com\/pl\/664356\/"},"modified":"2026-09-03T08:44:26","modified_gmt":"2026-09-03T08:44:26","slug":"witold-skrzydlewski-znow-nie-wzial-jencow-mocne-wypowiedzi-wlasciciela-orla-lodz","status":"publish","type":"post","link":"https:\/\/www.europesays.com\/pl\/664356\/","title":{"rendered":"Witold Skrzydlewski zn\u00f3w nie wzi\u0105\u0142 je\u0144c\u00f3w. Mocne wypowiedzi w\u0142a\u015bciciela Or\u0142a \u0141\u00f3d\u017a"},"content":{"rendered":"<p>Witold Skrzydlewski by\u0142 jednym z go\u015bci \u015brodowego Kolegium \u017bu\u017clowego w Canal+ Sport, gdzie zacz\u0105\u0142 od podsumowania wyst\u0119pu swej dru\u017cyny w rundzie zasadniczej.<\/p>\n<p>Dalszy ci\u0105g artyku\u0142u pod materia\u0142em wideo<\/p>\n<p>H. Skrzydlewska Orze\u0142 by\u0142 rewelacj\u0105 sezonu w Metalkas 2. Ekstralidze. Skazywany na spadek, awansowa\u0142 do fazy play-off i wci\u0105\u017c ma szans\u0119 na PGE Ekstralig\u0119.<\/p>\n<p><a href=\"https:\/\/przegladsportowy.onet.pl\/\" title=\"Strona g\u0142\u00f3wna serwisu\" aria-label=\"Strona g\u0142\u00f3wna serwisu\" data-astro-prefetch=\"tap\" class=\"ods-a-logo-main-desktop\" rel=\"nofollow noopener\" target=\"_blank\"><img src=\"https:\/\/cdn.przegladsportowy.onet.pl\/img\/Logo_desktop_Onet.svg\" class=\"ods-a-logo-main-desktop__image\" alt=\"Logo\" width=\"107\" height=\"60\" fetchpriority=\"high\" decoding=\"sync\" style=\"height:60px\"\/><\/a><\/p>\n<p class=\"ods-m-google-article__text\">Czytaj nas cz\u0119\u015bciej w Google<\/p>\n<p><a href=\"https:\/\/google.com\/preferences\/source?q=przegladsportowy.onet.pl\" target=\"_blank\" rel=\"noopener noreferrer nofollow\" aria-label=\"Dodaj w Google\" title=\"Dodaj w Google\" class=\"ods-a-button ods-a-button__primary ods-a-button__default ods-a-button-l\">Dodaj w Google<\/a><\/p>\n<p>\u2014 Nie mog\u0119 powiedzie\u0107, \u017ce nie jestem dumny, ale uwa\u017cam, \u017ce oni swoje play-offy przegrali meczem z Ostrowem w \u0141odzi i p\u00f3\u017aniej wszystko zale\u017ca\u0142o nie od nas, tylko od dru\u017cyny z Pi\u0142y. Dlatego b\u0119d\u0119 tej dru\u017cynie z Pi\u0142y kibicowa\u0142, \u017ceby si\u0119 utrzyma\u0142a w tej naszej klasie rozgrywkowej \u2014 zacz\u0105\u0142 Skrzydlewski.<\/p>\n<p>W\u0142a\u015bciciel ekipy z \u0141odzi mia\u0142 pretensje, \u017ce w utrzymaniu miejsca w pierwszej czw\u00f3rce jego ekipie musia\u0142 pom\u00f3c zesp\u00f3\u0142 z Pi\u0142y, kt\u00f3ry sensacyjnie zremisowa\u0142 w Rzeszowie 45:45, grzebi\u0105c szans\u0119 na play-offy miejscowej Dakar Development Stali.<\/p>\n<p>\u2014 Na pewno si\u0119 ciesz\u0119, ale dumny bym by\u0142, jakbym nie musia\u0142 czeka\u0107 na kogo\u015b. Nam si\u0119 tak naprawd\u0119 fuksem uda\u0142o, \u017ce jeste\u015bmy \u2014 doda\u0142.<\/p>\n<p>W p\u00f3\u0142fina\u0142ach rywalem \u0142odzian jest Abramczyk Polonia Bydgoszcz \u2014 absolutny faworyt Metalkas 2. Ekstraligi, niepokonana w ca\u0142ych rozgrywkach. Pierwszy mecz w \u0141odzi zako\u0144czy\u0142 si\u0119 wynikiem 45:45. Rewan\u017c zaplanowano na najbli\u017csz\u0105 niedziel\u0119 (6 wrze\u015bnia).<\/p>\n<p>\u2014 Odpowiem uczciwie. Przed meczem ten wynik bra\u0142bym w ciemno, natomiast je\u015bli prowadzili\u015bmy nawet dziesi\u0119cioma punktami przed biegami nominowanymi&#8230; To jest wad\u0105 naszego klubu, \u017ce ju\u017c trzeci mecz z rz\u0119du przed biegami nominowanymi prowadzimy, a p\u00f3\u017aniej dwa razy przegrywamy 5:1 no to jest&#8230; To wtedy Kanclerz [Jerzy \u2014 prezes Abramczyk Polonii Bydgoszcz \u2014 przyp. red.] by nie m\u00f3g\u0142 powiedzie\u0107, \u017ce on w \u017cyciu \u017cadnego meczu nie przegra\u0142. Ja m\u00f3wi\u0119 teraz: jak to, a u nas? Ale to tylko remis. Mnie si\u0119 wydaje, \u017ce jakby\u015bmy go tak pukn\u0119li w ten tupecik, to by by\u0142o bardzo mi\u0142o \u2014 skomentowa\u0142 ze \u015bmiechem Skrzydlewski.<\/p>\n<p>Trener premii nie dostanie!<\/p>\n<p>Za awans do play-off kontrowersyjny biznesmen przyzna\u0142 swojej dru\u017cynie premi\u0119. Ca\u0142a ekipa po sezonie ma si\u0119 wybra\u0107 na Ibiz\u0119.<\/p>\n<p>\u2014 To nie jest dok\u0142adnie tak. Przed seri\u0105 mecz\u00f3w, kt\u00f3re mieli\u015bmy: Ostr\u00f3w, Rybnik i Krosno, dawa\u0142em dru\u017cynie 150 tys. z\u0142 premii, jak wygra te wszystkie trzy mecze. Wtedy piliby\u015bmy ju\u017c szampana, \u017ce jeste\u015bmy w play-offach. Nie uda\u0142o si\u0119, bo Ostr\u00f3w od razu nam wla\u0142, bo tor zrobili\u015bmy dla nich. Kolega Gapi\u0144ski (Tomasz \u2014 trener go\u015bci) jak przyjecha\u0142 i zobaczy\u0142 tor, to mi podzi\u0119kowa\u0142, \u017ce dla jego dru\u017cyny zrobili\u015bmy tor. No pi\u0119knie \u2014 zacz\u0105\u0142 Skrzydlewski.<\/p>\n<p>\u2014 P\u00f3\u017aniej zaproponowa\u0142em dru\u017cynie, \u017ce utrzymamy si\u0119 i b\u0119dziemy w tych play-offach jecha\u0107, to dostan\u0105 200 tys. premii. Tak naprawd\u0119 to powinni si\u0119 t\u0105 premi\u0105 podzieli\u0107 z dru\u017cyn\u0105 z Pi\u0142y, bo dzi\u0119ki nim jeste\u015bmy w tych play-offach. Ale my\u015bl\u0119, \u017ce si\u0119 nie podziel\u0105. Jak to m\u00f3wi\u0105, &#8222;nasz trener J\u0105der bez j\u0105der&#8221; zarz\u0105dzi\u0142, \u017ce b\u0119dzie tak. Czy oni pojad\u0105 na Ibiz\u0119 czy gdzie\u015b? Maj\u0105 200 tys. do podzia\u0142u i jak zadecyduj\u0105, tak zrobi\u0105. Tylko w tym podziale nie uczestniczy trener, bo ja uwa\u017cam, \u017ce zawodnicy powinni dosta\u0107. Jak mu kupi\u0105 bilet i go zabior\u0105 na kolarza, to dlaczego nie \u2014 podsumowa\u0142 prezes Or\u0142a.<\/p>\n","protected":false},"excerpt":{"rendered":"Witold Skrzydlewski by\u0142 jednym z go\u015bci \u015brodowego Kolegium \u017bu\u017clowego w Canal+ Sport, gdzie zacz\u0105\u0142 od podsumowania wyst\u0119pu swej&hellip;\n","protected":false},"author":2,"featured_media":664357,"comment_status":"","ping_status":"","sticky":false,"template":"","format":"standard","meta":{"footnotes":"","_share_on_mastodon":"0"},"categories":[51608],"tags":[2718,61195,7201,3652,91014,30647,48,46,2719,42,38,40,39,41,47,30646,174],"class_list":["post-664356","post","type-post","status-publish","format-standard","has-post-thumbnail","category-lodz","tag-1_liga_zuzlowa","tag-bottomfeed_styl","tag-jerzy_kanclerz","tag-lodz","tag-maciej_jader","tag-metalkas_2_ekstraliga","tag-nat_styl","tag-omp","tag-orzel_lodz","tag-pl","tag-poland","tag-polish","tag-polska","tag-polski","tag-screening_general","tag-witold_skrzydlewski","tag-zuzel"],"share_on_mastodon":{"url":"https:\/\/pubeurope.com\/@pl\/117206231774813184","error":""},"_links":{"self":[{"href":"https:\/\/www.europesays.com\/pl\/wp-json\/wp\/v2\/posts\/664356","targetHints":{"allow":["GET"]}}],"collection":[{"href":"https:\/\/www.europesays.com\/pl\/wp-json\/wp\/v2\/posts"}],"about":[{"href":"https:\/\/www.europesays.com\/pl\/wp-json\/wp\/v2\/types\/post"}],"author":[{"embeddable":true,"href":"https:\/\/www.europesays.com\/pl\/wp-json\/wp\/v2\/users\/2"}],"replies":[{"embeddable":true,"href":"https:\/\/www.europesays.com\/pl\/wp-json\/wp\/v2\/comments?post=664356"}],"version-history":[{"count":0,"href":"https:\/\/www.europesays.com\/pl\/wp-json\/wp\/v2\/posts\/664356\/revisions"}],"wp:featuredmedia":[{"embeddable":true,"href":"https:\/\/www.europesays.com\/pl\/wp-json\/wp\/v2\/media\/664357"}],"wp:attachment":[{"href":"https:\/\/www.europesays.com\/pl\/wp-json\/wp\/v2\/media?parent=664356"}],"wp:term":[{"taxonomy":"category","embeddable":true,"href":"https:\/\/www.europesays.com\/pl\/wp-json\/wp\/v2\/categories?post=664356"},{"taxonomy":"post_tag","embeddable":true,"href":"https:\/\/www.europesays.com\/pl\/wp-json\/wp\/v2\/tags?post=664356"}],"curies":[{"name":"wp","href":"https:\/\/api.w.org\/{rel}","templated":true}]}}