{"id":664386,"date":"2026-09-03T08:59:11","date_gmt":"2026-09-03T08:59:11","guid":{"rendered":"https:\/\/www.europesays.com\/pl\/664386\/"},"modified":"2026-09-03T08:59:11","modified_gmt":"2026-09-03T08:59:11","slug":"maciej-berek-kandydatem-do-tk-czy-karol-nawrocki-odbierze-slubowanie-wprost","status":"publish","type":"post","link":"https:\/\/www.europesays.com\/pl\/664386\/","title":{"rendered":"Maciej Berek kandydatem do TK. Czy Karol Nawrocki odbierze \u015blubowanie? \u2013 Wprost"},"content":{"rendered":"\n<p>&#13;<br \/>\nMaciej Berek, do\u00a0niedawna minister i\u00a0bliski wsp\u00f3\u0142pracownik Donalda Tuska, mo\u017ce zosta\u0107 wybrany przez Sejm na\u00a0s\u0119dziego Trybuna\u0142u Konstytucyjnego. Kandydatura budzi sprzeciw PiS i\u00a0w\u0105tpliwo\u015bci cz\u0119\u015bci koalicji. Politycy PiS oczekuj\u0105, \u017ce\u00a0Karol Nawrocki nie\u00a0odbierze od\u00a0Berka \u015blubowania. \u2013\u00a0Nawrocki powinien jecha\u0107 twardo \u2013\u00a0m\u00f3wi jeden z\u00a0rozm\u00f3wc\u00f3w Onetu nale\u017c\u0105cy do\u00a0partii. Brak \u015blubowania pozwoli\u0142by prawicy kwestionowa\u0107 status nowego s\u0119dziego i\u00a0wydawane z\u00a0jego udzia\u0142em orzeczenia. &#13;\n<\/p>\n<p>Donald Tusk chce prze\u0142omu w\u00a0Trybunale<\/p>\n<p>&#13;<br \/>\nWyb\u00f3r Berka ma\u00a0by\u0107 wa\u017cnym elementem planu rz\u0105du dotycz\u0105cego zmian w\u00a0TK. Wed\u0142ug jego zwolennik\u00f3w kandydaci wybrani przez obecny Sejm mogliby zyska\u0107 wi\u0119kszo\u015b\u0107 w\u00a0Trybunale. Otworzy\u0142oby to\u00a0drog\u0119 m.in. do\u00a0rozpatrzenia wniosku prokuratury o\u00a0uchylenie immunitetu prezesowi TK Bogdanowi \u015awi\u0119czkowskiemu w\u00a0zwi\u0105zku ze\u00a0spraw\u0105 Pegasusa. &#13;\n<\/p>\n<p>&#13;<br \/>\nTusk przyzna\u0142, \u017ce\u00a0kandydatura jego niedawnego wsp\u00f3\u0142pracownika mo\u017ce by\u0107 postrzegana jako \u201enieestetyczna\u201d, ale\u00a0zamierza j\u0105 przeforsowa\u0107. Nie\u00a0ma\u00a0jednak pewno\u015bci, czy\u00a0Berek zdob\u0119dzie wymagan\u0105 wi\u0119kszo\u015b\u0107. Zastrze\u017cenia zg\u0142aszaj\u0105 przedstawiciele Nowej Lewicy, Polski 2050 i\u00a0klubu Centrum. &#13;\n<\/p>\n<p>Pa\u0142ac Prezydencki sprawdzi kwalifikacje Berka na\u00a0s\u0119dziego TK<\/p>\n<p>&#13;<br \/>\nW otoczeniu prezydenta analizowane s\u0105 formalne kwalifikacje kandydata. Marcin Przydacz wskaza\u0142, \u017ce\u00a0nale\u017cy ustali\u0107, czy\u00a0Berek spe\u0142nia ustawowe warunki obj\u0119cia urz\u0119du s\u0119dziego TK. Podobne w\u0105tpliwo\u015bci wyrazi\u0142 <a href=\"https:\/\/www.wprost.pl\/kraj\/12431229\/rafal-leskiewicz-o-kryptowalutach-reparacjach-g20-i-sporze-o-sady.html\" rel=\"nofollow noopener\" target=\"_blank\">rzecznik prezydenta Rafa\u0142 Le\u015bkiewicz<\/a>. &#13;\n<\/p>\n<p>&#13;<br \/>\nPrzepisy wymagaj\u0105 spe\u0142nienia kryteri\u00f3w przewidzianych dla\u00a0s\u0119dzi\u00f3w S\u0105du Najwy\u017cszego lub\u00a0Naczelnego S\u0105du Administracyjnego. Jednym ze\u00a0sposob\u00f3w jest wykazanie co\u00a0najmniej 10-letniego do\u015bwiadczenia w\u00a0zawodzie adwokata, radcy prawnego lub\u00a0notariusza. Koalicjanci napisali we\u00a0wniosku, \u017ce\u00a0Berek jest radc\u0105 prawnym od\u00a02001\u00a0r. W\u00a0latach 2022\u20132023 prowadzi\u0142 kancelari\u0119, a\u00a0wcze\u015bniej mia\u0142 wykonywa\u0107 zaw\u00f3d na\u00a0podstawie um\u00f3w cywilnoprawnych. PiS i\u00a0przedstawiciele pa\u0142acu kwestionuj\u0105, czy\u00a0spe\u0142nia w\u00a0ten spos\u00f3b ustawowe kryterium. &#13;\n<\/p>\n<p>Nawrocki odm\u00f3wi odebrania \u015blubowania?<\/p>\n<p>&#13;<br \/>\nZastrze\u017cenia do\u00a0sta\u017cu zawodowego mog\u0105 sta\u0107 si\u0119 podstaw\u0105 odmowy lub\u00a0op\u00f3\u017anienia odebrania \u015blubowania. Decyzja nie\u00a0zosta\u0142a jednak przes\u0105dzona, najpierw kandydatur\u0119 <a href=\"https:\/\/www.wprost.pl\/kraj\/12430821\/maciej-berek-w-trybunale-konstytucyjnym-w-sejmie-wrze-gromy-na-tuska.html\" rel=\"nofollow noopener\" target=\"_blank\">Macieja Berka<\/a> musi zatwierdzi\u0107 Sejm. Du\u017cy wp\u0142yw na\u00a0stanowisko prezydenta ma\u00a0mie\u0107 szef jego kancelarii Zbigniew Bogucki. Nie\u00a0rozstrzyga on publicznie, czy\u00a0wyb\u00f3r Berka b\u0119dzie wa\u017cny. Sugeruje jednak, \u017ce\u00a0by\u0142y minister mo\u017ce przenie\u015b\u0107 polityk\u0119 rz\u0105du do\u00a0Trybuna\u0142u, cho\u0107 jak podkre\u015bla, \u201etam polityki nie\u00a0powinno by\u0107\u201d. &#13;\n<\/p>\n<p>&#13;<br \/>\n   Czytaj te\u017c:<br \/><a href=\"https:\/\/www.wprost.pl\/kraj\/12431286\/walka-o-trybunal-konstytucyjny-zurek-murem-za-berkiem-zukowska-z-kontra.html\" rel=\"follow nofollow noopener\" data-schema=\"WPROST\" data-image=\"https:\/\/img.wprost.pl\/_thumb\/bb\/74\/3e834bb7dd474ceedd5e5896ec42.jpeg\" target=\"_blank\">Berek jak Paw\u0142owicz? Ostra reakcja \u017burka. \u201ePor\u00f3wnanie krzes\u0142a do\u00a0krzes\u0142a elektrycznego\u201d<\/a>   Czytaj te\u017c:<br \/><a href=\"https:\/\/www.wprost.pl\/kraj\/12431139\/spor-o-trybunal-konstytucyjny-tak-karol-nawrocki-moze-zablokowac-plan-donalda-tuska.html\" rel=\"follow nofollow noopener\" data-schema=\"WPROST\" data-image=\"https:\/\/img.wprost.pl\/_thumb\/f0\/35\/3e0e098698a075ff79d99507698f.jpeg\" target=\"_blank\">\u201eSzanta\u017c finansowy\u201d na\u00a0TK? Tak Nawrocki mo\u017ce pokrzy\u017cowa\u0107 plan Tuska<\/a>&#13;<\/p>\n","protected":false},"excerpt":{"rendered":"&#13; Maciej Berek, do\u00a0niedawna minister i\u00a0bliski wsp\u00f3\u0142pracownik Donalda Tuska, mo\u017ce zosta\u0107 wybrany przez Sejm na\u00a0s\u0119dziego Trybuna\u0142u Konstytucyjnego. Kandydatura&hellip;\n","protected":false},"author":2,"featured_media":664387,"comment_status":"","ping_status":"","sticky":false,"template":"","format":"standard","meta":{"footnotes":"","_share_on_mastodon":"0"},"categories":[62712],"tags":[690,49,51372,2460,907,1005,2226,11829,61647,8233,8232,43315],"class_list":["post-664386","post","type-post","status-publish","format-standard","has-post-thumbnail","category-karol-nawrocki","tag-karol-nawrocki","tag-kraj","tag-maciej-berek","tag-palac-prezydencki","tag-polityka","tag-prezydent","tag-sedzia","tag-sedziowie","tag-stanislaw-wegrowski","tag-tk","tag-trybunal-konstytucyjny","tag-wprost"],"share_on_mastodon":{"url":"https:\/\/pubeurope.com\/@pl\/117206290585601247","error":""},"_links":{"self":[{"href":"https:\/\/www.europesays.com\/pl\/wp-json\/wp\/v2\/posts\/664386","targetHints":{"allow":["GET"]}}],"collection":[{"href":"https:\/\/www.europesays.com\/pl\/wp-json\/wp\/v2\/posts"}],"about":[{"href":"https:\/\/www.europesays.com\/pl\/wp-json\/wp\/v2\/types\/post"}],"author":[{"embeddable":true,"href":"https:\/\/www.europesays.com\/pl\/wp-json\/wp\/v2\/users\/2"}],"replies":[{"embeddable":true,"href":"https:\/\/www.europesays.com\/pl\/wp-json\/wp\/v2\/comments?post=664386"}],"version-history":[{"count":0,"href":"https:\/\/www.europesays.com\/pl\/wp-json\/wp\/v2\/posts\/664386\/revisions"}],"wp:featuredmedia":[{"embeddable":true,"href":"https:\/\/www.europesays.com\/pl\/wp-json\/wp\/v2\/media\/664387"}],"wp:attachment":[{"href":"https:\/\/www.europesays.com\/pl\/wp-json\/wp\/v2\/media?parent=664386"}],"wp:term":[{"taxonomy":"category","embeddable":true,"href":"https:\/\/www.europesays.com\/pl\/wp-json\/wp\/v2\/categories?post=664386"},{"taxonomy":"post_tag","embeddable":true,"href":"https:\/\/www.europesays.com\/pl\/wp-json\/wp\/v2\/tags?post=664386"}],"curies":[{"name":"wp","href":"https:\/\/api.w.org\/{rel}","templated":true}]}}