{"id":664398,"date":"2026-09-03T09:08:13","date_gmt":"2026-09-03T09:08:13","guid":{"rendered":"https:\/\/www.europesays.com\/pl\/664398\/"},"modified":"2026-09-03T09:08:13","modified_gmt":"2026-09-03T09:08:13","slug":"wiadomosci-szczecin-przyjaciele-wody-wracaja-do-szkol-i-przedszkoli-zwik-szczecin-rusza-z-zapisami","status":"publish","type":"post","link":"https:\/\/www.europesays.com\/pl\/664398\/","title":{"rendered":"Wiadomo\u015bci Szczecin &#8211; \u201ePrzyjaciele wody\u201d wracaj\u0105 do szk\u00f3\u0142 i przedszkoli. ZWiK Szczecin rusza z zapisami"},"content":{"rendered":"<p>We wrze\u015bniu ruszaj\u0105 zapisy na bezp\u0142atne zaj\u0119cia edukacyjne \u201ePrzyjaciele wody\u201d. Pracownicy ZWiK Szczecin od pa\u017adziernika b\u0119d\u0105 odwiedza\u0107 przedszkola i szko\u0142y podstawowe, aby podczas interaktywnych spotka\u0144 uczy\u0107 najm\u0142odszych, sk\u0105d bierze si\u0119 woda w kranie, jak j\u0105 oszcz\u0119dza\u0107 i dlaczego odpowiednie nawodnienie jest tak wa\u017cne.<br \/>&#13;<br \/>\n\u00a0<\/p>\n<p>\u00a0<\/p>\n<p>\u201ePrzyjaciele wody\u201d \u2013 bezp\u0142atne zaj\u0119cia dla dzieci<\/p>\n<p>Program \u201ePrzyjaciele wody\u201d cieszy si\u0119 du\u017cym zainteresowaniem szczeci\u0144skich plac\u00f3wek. W poprzednim roku szkolnym ze spotka\u0144 z pracownikami ZWiK skorzysta\u0142o 56 plac\u00f3wek, a zaj\u0119cia obj\u0119\u0142y prawie 4000 dzieci.<\/p>\n<p>&#13;<\/p>\n<p>Podczas warsztat\u00f3w najm\u0142odsi dowiaduj\u0105 si\u0119 m.in., sk\u0105d bierze si\u0119 woda w kranie, jak nale\u017cy dba\u0107 o zasoby wodne i czym jest ekologia\u00a0&#8211; m\u00f3wi Hanna Pieczy\u0144ska, rzecznik prasowy Zak\u0142adu Wodoci\u0105g\u00f3w i Kanalizacji w Szczecinie. &#8211; Rozmawiaj\u0105 r\u00f3wnie\u017c o zdrowiu, nawodnieniu organizmu oraz produktach, kt\u00f3re pomagaj\u0105 dostarcza\u0107 organizmowi wod\u0119.<\/p>\n<p>&#13;<\/p>\n<p>Nowa edycja programu b\u0119dzie realizowana w ramach projektu \u201eWoda dla Szczecina\u201d.<br \/>&#13;<br \/>\n\u00a0<\/p>\n<p>&#13;<br \/>\nKto mo\u017ce wzi\u0105\u0107 udzia\u0142?<\/p>\n<p>Zaj\u0119cia skierowane s\u0105 do najm\u0142odszych mieszka\u0144c\u00f3w Szczecina:<\/p>\n<p>&#13;<br \/>\n\t&#13;<\/p>\n<p>przedszkola \u2013 dzieci w wieku 4\u20136 lat,<\/p>\n<p>&#13;<br \/>\n\t&#13;<br \/>\n\t&#13;<\/p>\n<p>szko\u0142y podstawowe \u2013 zer\u00f3wki oraz klasy I\u2013III.<\/p>\n<p>&#13;<br \/>\n\t&#13;<\/p>\n<p>Spotkania s\u0105 dostosowane do wieku uczestnik\u00f3w i \u0142\u0105cz\u0105 edukacj\u0119 ekologiczn\u0105 z zabaw\u0105.<br \/>&#13;<br \/>\n\u00a0<\/p>\n<p>&#13;<br \/>\nCzego dzieci dowiedz\u0105 si\u0119 podczas warsztat\u00f3w?<\/p>\n<p>Bezp\u0142atne, interaktywne zaj\u0119cia prowadzone przez pracownik\u00f3w ZWiK Szczecin pozwol\u0105 dzieciom pozna\u0107 drog\u0119, jak\u0105 pokonuje woda \u2013 od \u017ar\u00f3d\u0142a a\u017c do kranu.<\/p>\n<p>W programie znalaz\u0142y si\u0119 m.in. zagadnienia dotycz\u0105ce:<\/p>\n<p>&#13;<br \/>\n\t&#13;<\/p>\n<p>drogi wody od \u017ar\u00f3d\u0142a do kranu,<\/p>\n<p>&#13;<br \/>\n\t&#13;<br \/>\n\t&#13;<\/p>\n<p>oszcz\u0119dzania wody na co dzie\u0144,<\/p>\n<p>&#13;<br \/>\n\t&#13;<br \/>\n\t&#13;<\/p>\n<p>ochrony zasob\u00f3w wodnych,<\/p>\n<p>&#13;<br \/>\n\t&#13;<br \/>\n\t&#13;<\/p>\n<p>znaczenia prawid\u0142owego nawodnienia organizmu,<\/p>\n<p>&#13;<br \/>\n\t&#13;<br \/>\n\t&#13;<\/p>\n<p>ekologii i dbania o \u015brodowisko.<\/p>\n<p>&#13;<br \/>\n\t&#13;<\/p>\n<p>Jedno spotkanie trwa oko\u0142o 30\u201345 minut.<\/p>\n<p>Zapisy na zaj\u0119cia ruszaj\u0105 14 wrze\u015bnia&#13;<br \/>\n&#13;\n<\/p>\n<p>Cho\u0107 zaj\u0119cia rozpoczn\u0105 si\u0119 dopiero w pa\u017adzierniku, organizatorzy zach\u0119caj\u0105 do wcze\u015bniejszego zg\u0142aszania plac\u00f3wek. Zainteresowanie programem jest du\u017ce, dlatego liczba dost\u0119pnych termin\u00f3w mo\u017ce szybko si\u0119 wyczerpa\u0107.<\/p>\n<p>Zg\u0142oszenia b\u0119d\u0105 przyjmowane od 14 wrze\u015bnia pod adresem e-mail oraz numerami telefon\u00f3w:<\/p>\n<p><a href=\"https:\/\/wiadomosci.szczecin.eu\/artykul\/mieszkancy\/mailto:s.wicorek@zwik.szczecin.pl\" rel=\"nofollow noopener\" target=\"_blank\">s.wicorek@zwik.szczecin.pl<\/a><br \/>&#13;<br \/>\n91 42 56 731 \/ 697 071 284<br \/>&#13;<br \/>\n\u00a0<\/p>\n<p>&#13;<br \/>\nZWiK Szczecin zaprasza tak\u017ce do wsp\u00f3\u0142pracy przy wydarzeniach<\/p>\n<p>ZWiK Szczecin przypomina r\u00f3wnie\u017c o mo\u017cliwo\u015bci wsp\u00f3\u0142pracy przy organizacji lokalnych wydarze\u0144. Sp\u00f3\u0142ka od lat anga\u017cuje si\u0119 w inicjatywy miejskie, a od 2024 roku uczestniczy tak\u017ce w wydarzeniach kulturalnych, naukowych i spo\u0142ecznych.\u00a0ZWiK bra\u0142 udzia\u0142 lub wsp\u00f3\u0142organizowa\u0142 ju\u017c ponad 150 lokalnych wydarze\u0144. W\u015br\u00f3d nich by\u0142y m.in. biegi Bulwarowe, regaty, P\u00f3\u0142maraton Szczecin, festyny, imprezy sportowe i kulturalne, kongresy oraz akcje spo\u0142eczne.<\/p>\n<p>&#13;<\/p>\n<p>Podczas wydarze\u0144 mieszka\u0144cy mog\u0105 korzysta\u0107 ze stoisk z wod\u0105 oraz punkt\u00f3w nawadniania\u00a0&#8211; m\u00f3wi Hanna Pieczy\u0144ska. &#8211; ZWiK zach\u0119ca organizator\u00f3w do zg\u0142aszania r\u00f3wnie\u017c nowych inicjatyw, kt\u00f3re mog\u0142yby zosta\u0107 wsparte obecno\u015bci\u0105 sp\u00f3\u0142ki i dost\u0119pem do szczeci\u0144skiej kran\u00f3wki.<\/p>\n<p>&#13;<\/p>\n<p>\u201eWoda dla Szczecina\u201d z unijnym dofinansowaniem&#13;<br \/>\n&#13;\n<\/p>\n<p>Program realizowany jest w ramach projektu \u201eWoda dla Szczecina\u201d, dofinansowanego ze \u015brodk\u00f3w Unii Europejskiej w ramach programu Fundusze Europejskie na Infrastruktur\u0119, Klimat, \u015arodowisko 2021\u20132027.<\/p>\n<p>Zaj\u0119cia \u201ePrzyjaciele wody\u201d maj\u0105 nie tylko przekazywa\u0107 dzieciom wiedz\u0119 o wodzie, ale tak\u017ce od najm\u0142odszych lat kszta\u0142towa\u0107 dobre nawyki zwi\u0105zane z jej oszcz\u0119dzaniem, ochron\u0105 \u015brodowiska i dbaniem o prawid\u0142owe nawodnienie.<\/p>\n<p>\u00a0<\/p>\n<p><img decoding=\"async\" alt=\"Dofinansowanie. Baner informacyjny\" src=\"https:\/\/www.europesays.com\/pl\/wp-content\/uploads\/2026\/09\/UE DOFINANSOWANIE.png\" style=\"height:130px; width:900px\"\/><\/p>\n","protected":false},"excerpt":{"rendered":"We wrze\u015bniu ruszaj\u0105 zapisy na bezp\u0142atne zaj\u0119cia edukacyjne \u201ePrzyjaciele wody\u201d. Pracownicy ZWiK Szczecin od pa\u017adziernika b\u0119d\u0105 odwiedza\u0107 przedszkola&hellip;\n","protected":false},"author":2,"featured_media":664399,"comment_status":"","ping_status":"","sticky":false,"template":"","format":"standard","meta":{"footnotes":"","_share_on_mastodon":"0"},"categories":[51611],"tags":[1264,63503,7936,1635,42,38,40,39,41,17122,21876,129119,2307,420,5360,54229,5203,129120,52094,78129],"class_list":["post-664398","post","type-post","status-publish","format-standard","has-post-thumbnail","category-szczecin","tag-dzieci","tag-edukacja-ekologiczna","tag-ekologia","tag-fundusze-europejskie","tag-pl","tag-poland","tag-polish","tag-polska","tag-polski","tag-przedszkola","tag-przedszkole","tag-przyjaciele-wody","tag-szczecin","tag-szkola","tag-szkoly","tag-warsztaty","tag-woda","tag-woda-dla-szczecina","tag-zwik","tag-zwik-szczecin"],"share_on_mastodon":{"url":"https:\/\/pubeurope.com\/@pl\/117206327019745237","error":""},"_links":{"self":[{"href":"https:\/\/www.europesays.com\/pl\/wp-json\/wp\/v2\/posts\/664398","targetHints":{"allow":["GET"]}}],"collection":[{"href":"https:\/\/www.europesays.com\/pl\/wp-json\/wp\/v2\/posts"}],"about":[{"href":"https:\/\/www.europesays.com\/pl\/wp-json\/wp\/v2\/types\/post"}],"author":[{"embeddable":true,"href":"https:\/\/www.europesays.com\/pl\/wp-json\/wp\/v2\/users\/2"}],"replies":[{"embeddable":true,"href":"https:\/\/www.europesays.com\/pl\/wp-json\/wp\/v2\/comments?post=664398"}],"version-history":[{"count":0,"href":"https:\/\/www.europesays.com\/pl\/wp-json\/wp\/v2\/posts\/664398\/revisions"}],"wp:featuredmedia":[{"embeddable":true,"href":"https:\/\/www.europesays.com\/pl\/wp-json\/wp\/v2\/media\/664399"}],"wp:attachment":[{"href":"https:\/\/www.europesays.com\/pl\/wp-json\/wp\/v2\/media?parent=664398"}],"wp:term":[{"taxonomy":"category","embeddable":true,"href":"https:\/\/www.europesays.com\/pl\/wp-json\/wp\/v2\/categories?post=664398"},{"taxonomy":"post_tag","embeddable":true,"href":"https:\/\/www.europesays.com\/pl\/wp-json\/wp\/v2\/tags?post=664398"}],"curies":[{"name":"wp","href":"https:\/\/api.w.org\/{rel}","templated":true}]}}