{"id":664406,"date":"2026-09-03T09:12:08","date_gmt":"2026-09-03T09:12:08","guid":{"rendered":"https:\/\/www.europesays.com\/pl\/664406\/"},"modified":"2026-09-03T09:12:08","modified_gmt":"2026-09-03T09:12:08","slug":"wroclaw-jesienny-sezon-koncertowy-w-imparcie-centrum-i-firleju","status":"publish","type":"post","link":"https:\/\/www.europesays.com\/pl\/664406\/","title":{"rendered":"Wroc\u0142aw: jesienny sezon koncertowy w Imparcie Centrum i Firleju"},"content":{"rendered":"<p>&#13;<br \/>\n                                        &#13;<\/p>\n<p>Jesie\u0144 we Wroc\u0142awiu up\u0142ynie pod znakiem koncert\u00f3w, festiwali i spotka\u0144 z muzyk\u0105.\u00a0Impart Centrum i Firlej przygotowa\u0142y na najbli\u017csze miesi\u0105ce program obejmuj\u0105cy jazz, piosenk\u0119 autorsk\u0105, rock, elektronik\u0119, muzyk\u0119 alternatywn\u0105 oraz wydarzenia dla dzieci i rodzin.<\/p>\n<p>&#13;<\/p>\n<p>Od pa\u017adziernika do grudnia na wroc\u0142awskich scenach pojawi\u0105 si\u0119 zar\u00f3wno uznani arty\u015bci, jak i przedstawiciele m\u0142odej polskiej sceny. W repertuarze znalaz\u0142y si\u0119 tak\u017ce festiwale, koncerty tematyczne i projekty prezentowane w cyklu \u201ePrzed premier\u0105\u201d.<\/p>\n<p>&#13;<\/p>\n<p>Jesienny sezon rozpocznie si\u0119 seri\u0105 wydarze\u0144 zwi\u0105zanych z polsk\u0105 piosenk\u0105. Myrczek &amp; Schmidt Quintet z Krzysztofem Herdzinem si\u0119gn\u0105 po tw\u00f3rczo\u015b\u0107 Wojciecha M\u0142ynarskiego, a Marcin Januszkiewicz zaprezentuje program \u201ePokolenie Y\u201d, oparty na utworach Jacka Cygana.<\/p>\n<p>&#13;<\/p>\n<p>Na scenie pojawi si\u0119 r\u00f3wnie\u017c Marek Dyjak z programem \u201eM\u0119\u017cczy\u017ani\u201d. W pa\u017adziernikowym repertuarze znajdzie si\u0119 tak\u017ce koncert Bo\u017eo Vre\u0107o z programem \u201eSevdahology\u201d oraz wyst\u0119p czeskiego artysty Ventolina.<\/p>\n<p>&#13;<br \/>\nPa\u017adziernik we Wroc\u0142awiu: od M\u0142ynarskiego po elektronik\u0119&#13;<\/p>\n<p>Pa\u017adziernik przyniesie tak\u017ce spotkanie r\u00f3\u017cnych muzycznych stylistyk w Firleju. Koza i Kuba Wi\u0119cek wyst\u0105pi\u0105 wraz z live bandem, a Micha\u0142 So\u0142tan zaprezentuje koncert oparty na gitarowej improwizacji i bezpo\u015brednim kontakcie z publiczno\u015bci\u0105.<\/p>\n<p>&#13;<\/p>\n<p>W ramach cyklu \u201ePrzed premier\u0105\u201d publiczno\u015b\u0107 b\u0119dzie mog\u0142a pozna\u0107 And\u017celik\u0119 W\u00f3jcik w repertuarze innym ni\u017c ten, z kt\u00f3rym artystka by\u0142a dotychczas kojarzona.<\/p>\n<p>&#13;<\/p>\n<p>Pe\u0142n\u0105 list\u0119 pa\u017adziernikowych wydarze\u0144 mo\u017cna znale\u017a\u0107 na stronach organizator\u00f3w:<\/p>\n<p>&#13;<br \/>\n&#13;<br \/>\nMyrczek &amp; Schmidt Quintet z Krzysztofem Herdzinem&#13;<br \/>\nMarcin Januszkiewicz \u2013 \u201ePokolenie Y\u201d&#13;<br \/>\nMarek Dyjak \u2013 \u201eM\u0119\u017cczy\u017ani\u201d&#13;<br \/>\nBo\u017eo Vre\u0107o \u2013 \u201eSevdahology\u201d&#13;<br \/>\nVentolin&#13;<br \/>\nKoza i Kuba Wi\u0119cek&#13;<br \/>\nMicha\u0142 So\u0142tan&#13;<br \/>\nAnd\u017celika W\u00f3jcik&#13;<br \/>\n&#13;<br \/>\nListopad: jazz, rock i muzyka alternatywna&#13;<\/p>\n<p>Listopadowy program otworzy muzyczna oferta dla mi\u0142o\u015bnik\u00f3w jazzu. Podczas \u201eZaduszek jazzowych\u201d wyst\u0105pi Piotr Wojtasik Quintet z Wroc\u0142aw String Quartet.<\/p>\n<p>&#13;<\/p>\n<p>W kolejnych tygodniach na scenie pojawi\u0105 si\u0119 laureaci Jazzu nad Odr\u0105 \u2013 Fleeting Monument. Zaplanowano r\u00f3wnie\u017c koncert duetu Makowicz &amp; Medyna, prezentuj\u0105cego program inspirowany nowojorsk\u0105 tradycj\u0105 jazzow\u0105.<\/p>\n<p>&#13;<\/p>\n<p>Mi\u0142o\u015bnicy mocniejszych brzmie\u0144 b\u0119d\u0105 mogli wybra\u0107 si\u0119 na festiwal WRockOUT. W jego programie znalaz\u0142y si\u0119 wyst\u0119py zespo\u0142\u00f3w Wirefall, Leniwiec i Polimorfizm.<\/p>\n<p>&#13;<br \/>\n&#13;<br \/>\n\u201eZaduszki jazzowe\u201d&#13;<br \/>\nFleeting Monument&#13;<br \/>\nMakowicz &amp; Medyna&#13;<br \/>\nWRockOUT&#13;<br \/>\n&#13;<br \/>\nKoncerty i wydarzenia pod koniec listopada&#13;<\/p>\n<p>W listopadowym repertuarze znalaz\u0142y si\u0119 r\u00f3wnie\u017c propozycje z pogranicza elektroniki i muzyki alternatywnej. Wyst\u0105pi\u0105 Yana Couto i Piotr Paduszy\u0144ski, Pejza\u017c Live oraz Blauka.<\/p>\n<p>&#13;<\/p>\n<p>W cyklu \u201ePrzed premier\u0105\u201d zaprezentuje si\u0119 debiutuj\u0105ca w nim Izabela Kubrak.<\/p>\n<p>&#13;<\/p>\n<p>Ko\u0144c\u00f3wk\u0119 miesi\u0105ca wype\u0142ni\u0105 wydarzenia o zr\u00f3\u017cnicowanym charakterze. Publiczno\u015b\u0107 b\u0119dzie mog\u0142a us\u0142ysze\u0107 operowe przeboje podczas \u201eW\u0142oskiej uczty\u201d, a nast\u0119pnie wzi\u0105\u0107 udzia\u0142 w XIII Festiwalu \u201ePie\u015bniarze Niepokorni\u201d.<\/p>\n<p>&#13;<\/p>\n<p>Listopadowy program zamkn\u0105 Andrzejki z Andrzejem Poniedzielskim.<\/p>\n<p>&#13;<br \/>\n&#13;<br \/>\nYana Couto i Piotr Paduszy\u0144ski&#13;<br \/>\nPejza\u017c Live&#13;<br \/>\nBlauka&#13;<br \/>\nIzabela Kubrak&#13;<br \/>\n\u201eW\u0142oska uczta\u201d&#13;<br \/>\nXIII Festiwal \u201ePie\u015bniarze Niepokorni\u201d&#13;<br \/>\nAndrzej Poniedzielski&#13;<br \/>\n&#13;<br \/>\nGrudzie\u0144 pod znakiem solowych projekt\u00f3w&#13;<\/p>\n<p>Grudniowy program przyniesie dwa koncerty prezentuj\u0105ce odmienne muzyczne kierunki. Marta Zalewska wyst\u0105pi z programem \u201eProste historie SOLO ACT TOUR\u201d, opartym na solowym i organicznym brzmieniu.<\/p>\n<p>&#13;<\/p>\n<p>Z kolei formacja Daj Ognia zaprezentuje program \u201eMuzyka urojonej wioski\u201d. Arty\u015bci si\u0119gn\u0105 po inspiracje dark folkiem i brzmieniem archaicznych instrument\u00f3w.<\/p>\n<p>&#13;<br \/>\n&#13;<br \/>\nMarta Zalewska \u2013 \u201eProste historie SOLO ACT TOUR\u201d&#13;<br \/>\nDaj Ognia \u2013 \u201eMuzyka urojonej wioski\u201d&#13;<br \/>\n&#13;<br \/>\nOferta dla dzieci i rodzin we Wroc\u0142awiu&#13;<\/p>\n<p>Jesienny program Strefy Kultury obejmuje r\u00f3wnie\u017c wydarzenia skierowane do najm\u0142odszych. Przez ca\u0142y sezon organizowane b\u0119d\u0105 bajkowe przedstawienia i rodzinne koncerty, dostosowane do r\u00f3\u017cnych grup wiekowych.<\/p>\n<p>&#13;<\/p>\n<p>Pe\u0142ny repertuar oraz informacje o biletach na wszystkie wydarzenia dost\u0119pne s\u0105 na stronie <a href=\"https:\/\/rpxxdg.clicks.mlsend.com\/tb\/c\/eyJ2Ijoie1wiYVwiOjEyNTI4NDAsXCJsXCI6MTk3NDA0OTY2ODE5NzI2OTQzLFwiclwiOjE5NzQwNDk3Nzg3MTcxNzY2M30iLCJzIjoiODVlZDg5NjRmMTc5NWExMCJ9\" rel=\"nofollow noopener\" target=\"_blank\">Strefy Kultury<\/a>.<\/p>\n<p>                            &#13;<br \/>\n                \t\t\t                            &#13;<br \/>\n                                                        &#13;<br \/>\n\t\t\t\t\t\t\t            &#13;<br \/>\n                            &#13;<br \/>\n                            &#13;<\/p>\n","protected":false},"excerpt":{"rendered":"&#13; &#13; Jesie\u0144 we Wroc\u0142awiu up\u0142ynie pod znakiem koncert\u00f3w, festiwali i spotka\u0144 z muzyk\u0105.\u00a0Impart Centrum i Firlej przygotowa\u0142y&hellip;\n","protected":false},"author":2,"featured_media":664407,"comment_status":"","ping_status":"","sticky":false,"template":"","format":"standard","meta":{"footnotes":"","_share_on_mastodon":"0"},"categories":[51607],"tags":[19952,51809,42,38,40,39,41,1853],"class_list":["post-664406","post","type-post","status-publish","format-standard","has-post-thumbnail","category-wroclaw","tag-db","tag-dw","tag-pl","tag-poland","tag-polish","tag-polska","tag-polski","tag-wroclaw"],"share_on_mastodon":{"url":"https:\/\/pubeurope.com\/@pl\/117206341707898330","error":""},"_links":{"self":[{"href":"https:\/\/www.europesays.com\/pl\/wp-json\/wp\/v2\/posts\/664406","targetHints":{"allow":["GET"]}}],"collection":[{"href":"https:\/\/www.europesays.com\/pl\/wp-json\/wp\/v2\/posts"}],"about":[{"href":"https:\/\/www.europesays.com\/pl\/wp-json\/wp\/v2\/types\/post"}],"author":[{"embeddable":true,"href":"https:\/\/www.europesays.com\/pl\/wp-json\/wp\/v2\/users\/2"}],"replies":[{"embeddable":true,"href":"https:\/\/www.europesays.com\/pl\/wp-json\/wp\/v2\/comments?post=664406"}],"version-history":[{"count":0,"href":"https:\/\/www.europesays.com\/pl\/wp-json\/wp\/v2\/posts\/664406\/revisions"}],"wp:featuredmedia":[{"embeddable":true,"href":"https:\/\/www.europesays.com\/pl\/wp-json\/wp\/v2\/media\/664407"}],"wp:attachment":[{"href":"https:\/\/www.europesays.com\/pl\/wp-json\/wp\/v2\/media?parent=664406"}],"wp:term":[{"taxonomy":"category","embeddable":true,"href":"https:\/\/www.europesays.com\/pl\/wp-json\/wp\/v2\/categories?post=664406"},{"taxonomy":"post_tag","embeddable":true,"href":"https:\/\/www.europesays.com\/pl\/wp-json\/wp\/v2\/tags?post=664406"}],"curies":[{"name":"wp","href":"https:\/\/api.w.org\/{rel}","templated":true}]}}