{"id":664410,"date":"2026-09-03T09:14:14","date_gmt":"2026-09-03T09:14:14","guid":{"rendered":"https:\/\/www.europesays.com\/pl\/664410\/"},"modified":"2026-09-03T09:14:14","modified_gmt":"2026-09-03T09:14:14","slug":"polska-platforma-tanca-we-wroclawiu-12-spektakli-i-premiera-ekspozycji","status":"publish","type":"post","link":"https:\/\/www.europesays.com\/pl\/664410\/","title":{"rendered":"Polska Platforma Ta\u0144ca we Wroc\u0142awiu. 12 spektakli i premiera \u201eEkspozycji\u201d"},"content":{"rendered":"<p>&#13;<br \/>\n                                        &#13;<br \/>\n            \t\t\t\t\t\t\t\t\t\t\t\t\t\t\t                        &#13;<\/p>\n<p>Od 17 do 20 wrze\u015bnia we Wroc\u0142awiu odb\u0119dzie si\u0119 9. edycja Polskiej Platformy Ta\u0144ca \u2013 najwa\u017cniejszego w kraju biennale ta\u0144ca i choreografii. Wydarzenie otworzy premiera spektaklu \u201eEkspozycje\u201d Marii Stok\u0142osy, przygotowanego z udzia\u0142em wroc\u0142awskich tancerzy i tancerek.<\/p>\n<p>&#13;<\/p>\n<p>Podczas czterech dni zaprezentowanych zostanie \u0142\u0105cznie 12 spektakli, w tym dziewi\u0119\u0107 produkcji wybranych przez mi\u0119dzynarodowe jury. Do stolicy Dolnego \u015al\u0105ska przyjad\u0105 tak\u017ce arty\u015bci i przedstawiciele \u015brodowiska tanecznego z r\u00f3\u017cnych kraj\u00f3w. W programie znalaz\u0142y si\u0119 r\u00f3wnie\u017c wydarzenia bran\u017cowe, warsztaty, spotkania, spacer choreograficzny po Parku Szczytnickim i bitwa taneczna.<\/p>\n<p>&#13;<\/p>\n<p>Polska Platforma Ta\u0144ca jest organizowana przez Narodowy Instytut Muzyki i Ta\u0144ca. W 2026 roku wsp\u00f3\u0142organizatorem wydarzenia zosta\u0142 Wroc\u0142aw reprezentowany przez Instytut im. Jerzego Grotowskiego.<\/p>\n<p>&#13;<\/p>\n<p>\u2013 Wyr\u00f3\u017cnikiem Platformy jest jej wyj\u0105tkowy charakter. Daje ona przestrze\u0144 do refleksji nad kondycj\u0105 ta\u0144ca wsp\u00f3\u0142czesnego, jego potrzebami i przysz\u0142o\u015bci\u0105, a tak\u017ce do zawi\u0105zywania sojuszy i wypracowywania wsp\u00f3lnych perspektyw \u2013 m\u00f3wi Joanna Szymajda, dyrektorka Narodowego Instytutu Muzyki i Ta\u0144ca.<\/p>\n<p>&#13;<br \/>\nWroc\u0142aw ta\u0144czy od kwietnia&#13;<\/p>\n<p>Tegoroczna edycja \u0142\u0105czy wsp\u00f3\u0142czesn\u0105 choreografi\u0119 z tradycj\u0105 sztuk performatywnych we Wroc\u0142awiu. Jak podkre\u015blaj\u0105 organizatorzy, miasto ma d\u0142ug\u0105 histori\u0119 dzia\u0142a\u0144 artystycznych zwi\u0105zanych z teatrem, pantomim\u0105, teatrem otwartym i happeningiem.<\/p>\n<p>&#13;<\/p>\n<p>\u2013 Moje miasto ma w\u0142asn\u0105 histori\u0119 zwi\u0105zan\u0105 ze sztukami performatywnymi \u2013 d\u0142ug\u0105, nieoczywist\u0105 i wci\u0105\u017c \u017cyw\u0105. Jerzy Grotowski i Teatr Laboratorium zmienili spos\u00f3b my\u015blenia o aktorze i jego relacji z widzem. Henryk Tomaszewski stworzy\u0142 jeden z najwa\u017cniejszych polskich j\u0119zyk\u00f3w pantomimy. W mie\u015bcie rozwija\u0142y si\u0119 tak\u017ce teatr otwarty, happening i dzia\u0142ania artystyczne wychodz\u0105ce poza tradycyjn\u0105 scen\u0119 \u2013 m\u00f3wi Marek Gluzi\u0144ski, kurator programu towarzysz\u0105cego tegorocznej Platformy.<\/p>\n<p>&#13;<\/p>\n<p>Obecno\u015b\u0107 Polskiej Platformy Ta\u0144ca we Wroc\u0142awiu sta\u0142a si\u0119 r\u00f3wnie\u017c pretekstem do regularnej obecno\u015bci ta\u0144ca w kulturalnym \u017cyciu miasta. Od kwietnia, w ramach inicjatywy \u201eWroc\u0142aw ta\u0144czy!\u201d, odbywaj\u0105 si\u0119 warsztaty, pota\u0144c\u00f3wki, pokazy filmowe i performanse.<\/p>\n<p>&#13;<\/p>\n<p>Przez ca\u0142e lato w centrum Wroc\u0142awia mo\u017cna by\u0142o korzysta\u0107 z bezp\u0142atnego parkietu tanecznego. Kulminacj\u0105 programu przygotowuj\u0105cego miasto do wrze\u015bniowego festiwalu b\u0119dzie spektakl \u201eEkspozycje\u201d.<\/p>\n<p>&#13;<br \/>\n\u201eEkspozycje\u201d otworz\u0105 festiwal&#13;<\/p>\n<p>Polsk\u0105 Platform\u0119 Ta\u0144ca otworz\u0105 \u201eEkspozycje\u201d w choreografii Marii Stok\u0142osy. Spektakl powstawa\u0142 od czerwca do wrze\u015bnia specjalnie na t\u0119 okazj\u0119. W przedstawieniu wyst\u0105pi siedmioro wroc\u0142awskich tancerzy i tancerek wy\u0142onionych w otwartym naborze.<\/p>\n<p>&#13;<\/p>\n<p>\u2013 Tytu\u0142 gra wieloma znaczeniami. \u201eEksponowa\u0107\u201d to uczyni\u0107 co\u015b widzialnym, ale te\u017c wystawi\u0107 na dzia\u0142anie \u015bwiat\u0142a, promieniowania, oceny czy uwagi \u2013 m\u00f3wi Maria Stok\u0142osa.<\/p>\n<p>&#13;<\/p>\n<p>Spektakl ma by\u0107 zaproszeniem do uwa\u017cnego patrzenia na ruch. Tw\u00f3rcy zwracaj\u0105 uwag\u0119 na r\u00f3\u017cnice, zmiany i napi\u0119cia, bez konieczno\u015bci natychmiastowego ich rozpoznawania czy nazywania.<\/p>\n<p>&#13;<\/p>\n<p>W programie towarzysz\u0105cym znalaz\u0142y si\u0119 r\u00f3wnie\u017c \u201eMy Home, No Home\u201d \u2013 najnowszy spektakl Nazareth Panadero i Michaela Streckera, tancerzy zwi\u0105zanych z Tanztheater Wuppertal za\u0142o\u017conym przez Pin\u0119 Bausch, oraz \u201eMateria\u0142y do Pokoj\u00f3wek\u201d Studia WACHOWICZ\/FRET. Drugi z projekt\u00f3w dotyczy kobiet z do\u015bwiadczeniem uchod\u017actwa, to\u017csamo\u015bci i kszta\u0142towania j\u0119zyka opisu ich do\u015bwiadcze\u0144.<\/p>\n<p>&#13;<br \/>\nDziewi\u0119\u0107 spektakli wybranych przez mi\u0119dzynarodowe jury&#13;<\/p>\n<p>W programie g\u0142\u00f3wnym Polskiej Platformy Ta\u0144ca pokazanych zostanie dziewi\u0119\u0107 spektakli wybranych przez mi\u0119dzynarodowe jury z\u0142o\u017cone z przedstawicieli i przedstawicielek \u015brodowisk tanecznych z Litwy, Francji, W\u0142och, Bu\u0142garii i Japonii.<\/p>\n<p>&#13;<\/p>\n<p>Wybrane produkcje zosta\u0142y docenione za oryginalno\u015b\u0107, poziom artystyczny i innowacyjne podej\u015bcie do sztuki ta\u0144ca. We Wroc\u0142awiu zobacz\u0105 je nie tylko widzowie, ale tak\u017ce krytycy, kuratorzy oraz przedstawiciele festiwali i instytucji kulturalnych z ca\u0142ego \u015bwiata.<\/p>\n<p>&#13;<\/p>\n<p>\u2013 Kiedy ogl\u0105da\u0142em prace polskich artyst\u00f3w i artystek, wielkie wra\u017cenie zrobi\u0142a na mnie cecha, kt\u00f3ra \u0142\u0105czy wielu z nich: szerokie spojrzenie. Inspiruje ich nie tylko wielow\u0105tkowa historia Polski i Europy, ale te\u017c wsp\u00f3\u0142czesna technologia, filozofia, rozmaite tradycje i pr\u0105dy kulturowe z ca\u0142ego \u015bwiata \u2013 m\u00f3wi Takao Norikoshi, jeden z juror\u00f3w tegorocznej Platformy.<\/p>\n<p>&#13;<\/p>\n<p>W programie g\u0142\u00f3wnym znalaz\u0142y si\u0119:<\/p>\n<p>&#13;<br \/>\n&#13;<br \/>\n\u201eGlory Game\u201d | chor. Dominik Wi\u0119cek&#13;<br \/>\n\u201eRapeflower\u201d | chor. Hana Umeda&#13;<br \/>\n\u201eTo bitch or not to bitch\u201d | chor. Hertz Haus&#13;<br \/>\n\u201eKocham balet\u201d | chor. Ramona Nagabczy\u0144ska&#13;<br \/>\n\u201eThe Spell\u201d | chor. Marta Kosieradzka, Marta Luiza Jankowska&#13;<br \/>\n\u201eThreesome\/Trzy\u201d | chor. Wojciech Grudzi\u0144ski&#13;<br \/>\n\u201eRooms by the Sea. \u0106wiczenia w s\u0142uchaniu\u201d | chor. Joanna Le\u015bnierowska&#13;<br \/>\n\u201ewho cares\u201d | chor. Agnieszka Brzezi\u0144ska&#13;<br \/>\n\u201eWoW\u201d | chor. Marta Wo\u0142owiec&#13;<br \/>\n&#13;<\/p>\n<p>Spektakle podejmuj\u0105 mi\u0119dzy innymi temat kreowania wizerunku, spo\u0142ecznych oczekiwa\u0144 i \u017cycia na pokaz. Dotykaj\u0105 tak\u017ce do\u015bwiadczenia traumy i wykluczenia oraz skupiaj\u0105 si\u0119 na fizyczno\u015bci, mo\u017cliwo\u015bciach cia\u0142a i jego relacji z przestrzeni\u0105, \u015bwiat\u0142em, obrazem i innymi dziedzinami sztuki.<\/p>\n<p>&#13;<br \/>\nWarsztaty, spotkania i wydarzenia towarzysz\u0105ce&#13;<\/p>\n<p>Program festiwalu obejmuje r\u00f3wnie\u017c wydarzenia skierowane do \u015brodowiska zawodowego. Zaplanowano warsztaty, panele, spotkania oraz program PolandDances Producers! dla producentek i producent\u00f3w.<\/p>\n<p>&#13;<\/p>\n<p>Jednym z wydarze\u0144 b\u0119dzie spacer choreograficzny w Parku Szczytnickim. W Studiu Na Grobli odb\u0119dzie si\u0119 natomiast bitwa taneczna z udzia\u0142em reprezentant\u00f3w r\u00f3\u017cnych styl\u00f3w.<\/p>\n<p>&#13;<\/p>\n<p>\u2013 Czeka nas kilka bardzo intensywnych dni, podczas kt\u00f3rych Wroc\u0142aw stanie si\u0119 miejscem spotkania ca\u0142ego \u015brodowiska tanecznego, ale te\u017c publiczno\u015bci. Przygotowali\u015bmy mi\u0119dzynarodowe warsztaty prowadzone przez tancerzy zwi\u0105zanych z Tanztheater Wuppertal, program PolandDances Producers! dla producentek i producent\u00f3w, speed dating, obiady performatywne, a tak\u017ce festiwalowy klub Sikalaf\u0105 Freaky Neon Bar, kt\u00f3ry b\u0119dzie miejscem spotka\u0144 i nieformalnego sp\u0119dzania czasu \u2013 m\u00f3wi Marek Gluzi\u0144ski.<\/p>\n<p>&#13;<\/p>\n<p>Ostatniego dnia festiwalu odb\u0119d\u0105 si\u0119 r\u00f3wnie\u017c bezp\u0142atne \u201eZabawy choreograficzne. \u017byj\u0105ce cia\u0142a.\u201d dla rodzic\u00f3w z ma\u0142ymi dzie\u0107mi. Zaj\u0119cia odb\u0119d\u0105 si\u0119 w \u017byjni BWA Wroc\u0142aw. Zapisy rozpoczn\u0105 si\u0119 8 wrze\u015bnia.<\/p>\n<p>&#13;<\/p>\n<p><a class=\"lightbox\" alt=\"Polska Platforma Ta\u0144ca 2026 we Wroc\u0142awiu \u2013 spektakle, premiery i wydarzenia taneczne\" href=\"https:\/\/www.europesays.com\/pl\/wp-content\/uploads\/2026\/09\/doba_pl_279160-b9ea7ddd1842ebd225cdac44674e72ce_1280x720_onlyx.jpg\"><img loading=\"lazy\" decoding=\"async\" class=\"imgBigger\" src=\"https:\/\/www.europesays.com\/pl\/wp-content\/uploads\/2026\/09\/doba_pl_279160-b9ea7ddd1842ebd225cdac44674e72ce_1280x720_onlyx.jpg\" width=\"800\" height=\"421\" border=\"0\"\/><\/a><\/p>\n<p>&#13;<br \/>\nProgram Polskiej Platformy Ta\u0144ca Wroc\u0142aw 2026&#13;<\/p>\n<p>17 wrze\u015bnia, czwartek<\/p>\n<p>&#13;<\/p>\n<p>16:30\u201318:00 | Centrum Sztuk Performatywnych Instytutu Grotowskiego<br \/>Oficjalne otwarcie Polskiej Platformy Ta\u0144ca<\/p>\n<p>&#13;<\/p>\n<p>19:00 | Centrum Sztuk Performatywnych Instytutu Grotowskiego<br \/>\u201eEkspozycje\u201d | spektakl \u2013 premiera otwarcia<br \/>chor. Maria Stok\u0142osa<\/p>\n<p>&#13;<\/p>\n<p>19:00 oraz 20:30 | Wroc\u0142awski Teatr Wsp\u00f3\u0142czesny<br \/>\u201ewho cares\u201d | spektakl<br \/>chor. Agnieszka Brzezi\u0144ska<\/p>\n<p>&#13;<\/p>\n<p>21:30 | Narodowe Forum Muzyki<br \/>\u201eKocham balet\u201d | spektakl<br \/>chor. Ramona Nagabczy\u0144ska<\/p>\n<p>&#13;<\/p>\n<p>23:00\u201301:00 | Klub festiwalowy Sikalaf\u0105 Freaky Neon Bar<\/p>\n<p>&#13;<\/p>\n<p>18 wrze\u015bnia, pi\u0105tek<\/p>\n<p>&#13;<\/p>\n<p>10:00\u201313:00 | Akademia Sztuk Teatralnych<br \/>\u201ePolandDances Producers!\u201d | wydarzenie bran\u017cowe<br \/>transmisja online na kanale YouTube NIMiT<\/p>\n<p>&#13;<\/p>\n<p>18:30 | Narodowe Forum Muzyki<br \/>\u201eGlory Game\u201d | spektakl<br \/>chor. Dominik Wi\u0119cek<\/p>\n<p>&#13;<\/p>\n<p>20:00 | Wroc\u0142awski Teatr Wsp\u00f3\u0142czesny<br \/>\u201eTo bitch or not to bitch\u201d | spektakl<br \/>chor. Hertz Haus<\/p>\n<p>&#13;<\/p>\n<p>22:00 | Centrum Sztuk Performatywnych Instytutu Grotowskiego<br \/>\u201eThreesome\/Trzy\u201d | spektakl<br \/>chor. Wojciech Grudzi\u0144ski<\/p>\n<p>&#13;<\/p>\n<p>23:00\u201301:00 | Klub festiwalowy Sikalaf\u0105 Freaky Neon Bar<\/p>\n<p>&#13;<\/p>\n<p>19 wrze\u015bnia, sobota<\/p>\n<p>&#13;<\/p>\n<p>17:00 | Centrum Sztuk Performatywnych Instytutu Grotowskiego<br \/>\u201eRooms by the Sea. \u0106wiczenia w s\u0142uchaniu\u201d | spektakl<br \/>chor. Joanna Le\u015bnierowska<\/p>\n<p>&#13;<\/p>\n<p>19:15 | Wroc\u0142awski Teatr Wsp\u00f3\u0142czesny<br \/>\u201eRapeflower\u201d | spektakl<br \/>chor. Hana Umeda<\/p>\n<p>&#13;<\/p>\n<p>21:15 | Akademia Sztuk Teatralnych<br \/>\u201eWoW\u201d | spektakl<br \/>chor. Marta Wo\u0142owiec<\/p>\n<p>&#13;<\/p>\n<p>23:00\u201301:00 | Klub festiwalowy Sikalaf\u0105 Freaky Neon Bar<\/p>\n<p>&#13;<\/p>\n<p>20 wrze\u015bnia, niedziela<\/p>\n<p>&#13;<\/p>\n<p>11:30\u201312:15, 12:30\u201313:15 | \u017byjnia BWA Wroc\u0142aw<br \/>\u201eZabawy choreograficzne. \u017byj\u0105ce cia\u0142a.\u201d | warsztaty dla rodzic\u00f3w z dzie\u0107mi<\/p>\n<p>&#13;<\/p>\n<p>12:00\u201314:00 | Park Szczytnicki<br \/>Spacer performatywny<\/p>\n<p>&#13;<\/p>\n<p>17:00 | Centrum Sztuk Performatywnych Instytutu Grotowskiego<br \/>\u201eMateria\u0142y do Pokoj\u00f3wek\u201d | spektakl<br \/>Studio WACHOWICZ\/FRET<\/p>\n<p>&#13;<\/p>\n<p>19:00 | Wroc\u0142awski Teatr Wsp\u00f3\u0142czesny<br \/>\u201eMy Home, No Home\u201d | spektakl<br \/>chor. Nazareth Panadero, Michael Strecker<\/p>\n<p>&#13;<\/p>\n<p>19:00, 20:30 | Akademia Sztuk Teatralnych<br \/>\u201eThe Spell\u201d | spektakl<br \/>chor. Marta Kosieradzka, Marta Luiza Jankowska<\/p>\n<p>&#13;<\/p>\n<p>21:15 | Akademia Sztuk Teatralnych<br \/>Oficjalne zamkni\u0119cie Polskiej Platformy Ta\u0144ca Wroc\u0142aw 2026<\/p>\n<p>&#13;<\/p>\n<p>23:00\u201301:00 | Klub festiwalowy Sikalaf\u0105 Freaky Neon Bar<\/p>\n<p>&#13;<br \/>\nDodatkowa pula bilet\u00f3w&#13;<\/p>\n<p>9. edycja Polskiej Platformy Ta\u0144ca Wroc\u0142aw 2026 odb\u0119dzie si\u0119 w dniach 17\u201320 wrze\u015bnia. Spektakle prezentowane b\u0119d\u0105 w Centrum Sztuk Performatywnych Instytutu Grotowskiego (PIEKARNIA \u017bywa Kultura), Narodowym Forum Muzyki, Wroc\u0142awskim Teatrze Wsp\u00f3\u0142czesnym oraz wroc\u0142awskiej filii Akademii Sztuk Teatralnych.<\/p>\n<p>&#13;<\/p>\n<p>Do sprzeda\u017cy trafi\u0142a dodatkowa pula bilet\u00f3w na spektakle. Bilety mo\u017cna kupi\u0107 przez stron\u0119 www.polskaplatformatanca.pl\/bilety. Bezpo\u015brednio przed spektaklami, w przypadku wolnych miejsc, dost\u0119pne b\u0119d\u0105 tak\u017ce pojedyncze bilety last minute.<\/p>\n<p>&#13;<\/p>\n<p>Na czas festiwalu \u017byjnia BWA Wroc\u0142aw, gdzie trwa letnia ods\u0142ona wystawy-sytuacji \u201eNegocjacje s\u0142oneczne\u201d, stanie si\u0119 miejscem odpoczynku i regeneracji w otoczeniu sztuki. Wst\u0119p do galerii jest bezp\u0142atny.<\/p>\n<p>&#13;<\/p>\n<p>Godziny otwarcia \u017byjni BWA Wroc\u0142aw podczas festiwalu to 12:00\u201320:00 w dniach 17\u201318 wrze\u015bnia oraz 11:00\u201318:00 w dniach 19\u201320 wrze\u015bnia. Na warsztaty organizowane w ramach Polskiej Platformy Ta\u0144ca obowi\u0105zuj\u0105 zapisy od 8 wrze\u015bnia.<\/p>\n<p>&#13;<\/p>\n<p>Pe\u0142ny program wydarzenia oraz informacje dotycz\u0105ce bilet\u00f3w i zapis\u00f3w dost\u0119pne s\u0105 na stronie www.polskaplatformatanca.pl oraz www.grotowski-institute.pl.<\/p>\n<p>&#13;<\/p>\n<p>Polska Platforma Ta\u0144ca jest organizowana przez Narodowy Instytut Muzyki i Ta\u0144ca, a w 2026 roku jej wsp\u00f3\u0142organizatorem jest Instytut im. Jerzego Grotowskiego. Wydarzenie jest finansowane ze \u015brodk\u00f3w Ministerstwa Kultury i Dziedzictwa Narodowego.<\/p>\n<p>                            &#13;<br \/>\n                \t\t\t                            &#13;<br \/>\n                                                        &#13;<br \/>\n\t\t\t\t\t\t\t            &#13;<br \/>\n                            &#13;<br \/>\n                            &#13;<\/p>\n","protected":false},"excerpt":{"rendered":"&#13; &#13; &#13; Od 17 do 20 wrze\u015bnia we Wroc\u0142awiu odb\u0119dzie si\u0119 9. edycja Polskiej Platformy Ta\u0144ca \u2013&hellip;\n","protected":false},"author":2,"featured_media":664411,"comment_status":"","ping_status":"","sticky":false,"template":"","format":"standard","meta":{"footnotes":"","_share_on_mastodon":"0"},"categories":[12],"tags":[19952,51809,42,38,40,39,41],"class_list":["post-664410","post","type-post","status-publish","format-standard","has-post-thumbnail","category-polska","tag-db","tag-dw","tag-pl","tag-poland","tag-polish","tag-polska","tag-polski"],"share_on_mastodon":{"url":"https:\/\/pubeurope.com\/@pl\/117206350435919405","error":""},"_links":{"self":[{"href":"https:\/\/www.europesays.com\/pl\/wp-json\/wp\/v2\/posts\/664410","targetHints":{"allow":["GET"]}}],"collection":[{"href":"https:\/\/www.europesays.com\/pl\/wp-json\/wp\/v2\/posts"}],"about":[{"href":"https:\/\/www.europesays.com\/pl\/wp-json\/wp\/v2\/types\/post"}],"author":[{"embeddable":true,"href":"https:\/\/www.europesays.com\/pl\/wp-json\/wp\/v2\/users\/2"}],"replies":[{"embeddable":true,"href":"https:\/\/www.europesays.com\/pl\/wp-json\/wp\/v2\/comments?post=664410"}],"version-history":[{"count":0,"href":"https:\/\/www.europesays.com\/pl\/wp-json\/wp\/v2\/posts\/664410\/revisions"}],"wp:featuredmedia":[{"embeddable":true,"href":"https:\/\/www.europesays.com\/pl\/wp-json\/wp\/v2\/media\/664411"}],"wp:attachment":[{"href":"https:\/\/www.europesays.com\/pl\/wp-json\/wp\/v2\/media?parent=664410"}],"wp:term":[{"taxonomy":"category","embeddable":true,"href":"https:\/\/www.europesays.com\/pl\/wp-json\/wp\/v2\/categories?post=664410"},{"taxonomy":"post_tag","embeddable":true,"href":"https:\/\/www.europesays.com\/pl\/wp-json\/wp\/v2\/tags?post=664410"}],"curies":[{"name":"wp","href":"https:\/\/api.w.org\/{rel}","templated":true}]}}