{"id":664420,"date":"2026-09-03T09:19:09","date_gmt":"2026-09-03T09:19:09","guid":{"rendered":"https:\/\/www.europesays.com\/pl\/664420\/"},"modified":"2026-09-03T09:19:09","modified_gmt":"2026-09-03T09:19:09","slug":"raper-kizo-opublikowal-zdjecie-z-prezydentem-burza-w-komentarzach","status":"publish","type":"post","link":"https:\/\/www.europesays.com\/pl\/664420\/","title":{"rendered":"Raper Kizo opublikowa\u0142 zdj\u0119cie z prezydentem. Burza w komentarzach"},"content":{"rendered":"\n<p>&#13;<br \/>\nKizo, a\u00a0w\u0142a\u015bciwie Patryk Wozi\u0144ski, to\u00a0popularny polski raper, autor tekst\u00f3w i\u00a0tw\u00f3rca wielu muzycznych hit\u00f3w. <a href=\"https:\/\/dorzeczy.pl\/opinie\/936025\/kubanczyk-zachwycony-nawrockim-mamy-swietnego-prezydenta.html\" target=\"_blank\" rel=\"nofollow noopener\">Muzyk spotka\u0142 si\u0119 z\u00a0Karolem Nawrockim<\/a> w\u00a0Pa\u0142acu Prezydenckim i\u00a0pochwali\u0142 si\u0119 tym w\u00a0mediach spo\u0142eczno\u015bciowych. Pod postem wybuch\u0142a burza. &#13;\n<\/p>\n<p>Kizo pokaza\u0142 si\u0119 z\u00a0prezydentem. Lawina komentarzy <\/p>\n<p>&#13;<br \/>\nRaper opublikowa\u0142 w\u00a0\u015brod\u0119 wsp\u00f3lne zdj\u0119cie z\u00a0prezydentem, a\u00a0fotografia szybko zwr\u00f3ci\u0142a uwag\u0119 internaut\u00f3w. Na\u00a0drugim planie wida\u0107 bowiem sprz\u0119t do\u00a0\u0107wicze\u0144, a\u00a0konkretnie \u0142awk\u0119 do\u00a0wyciskania sztangi. Kizo nie\u00a0zdecydowa\u0142 si\u0119 na\u00a0d\u0142ugi opis. Zdj\u0119cie opatrzy\u0142 jednym s\u0142owem: &#8222;Si\u0142a&#8221;, dodaj\u0105c do\u00a0niego emotikon bia\u0142o-czerwonej flagi. &#13;\n<\/p>\n<p>&#13;<br \/>\nfacebook&#13;\n<\/p>\n<p>&#13;<br \/>\nPo kilku godzinach Kizo postanowi\u0142 uzupe\u0142ni\u0107 publikacj\u0119 o\u00a0komentarz z\u00a0symbolami popcornu. Najprawdopodobniej w\u00a0ten spos\u00f3b odni\u00f3s\u0142 si\u0119 do\u00a0reakcji internaut\u00f3w, kt\u00f3rzy \u017cywo komentowali jego spotkanie z\u00a0g\u0142ow\u0105 pa\u0144stwa. &#13;\n<\/p>\n<p>&#13;<br \/>\n&#8222;W\u00a0czym si\u0142a?&#8221;; &#8222;Kabaret&#8221;; &#8222;Nied\u0142ugo burdel tam zrobi\u0105&#8221;; &#8222;No zawiod\u0142e\u015b mnie Kizo. Przykro&#8221;; &#8222;Dwa Klauny&#8221;; &#8222;Qwa nast\u0119pny&#8221;; &#8222;Nast\u0119pny m\u0105dry inaczej, r\u0119ce opadaj\u0105&#8221;; &#8222;Bardziej si\u0119 nie\u00a0mog\u0142e\u015b skompromitowa\u0107&#8221;; &#8222;\u017benada&#8221; \u2013\u00a0pisali przeciwnicy g\u0142owy pa\u0144stwa. &#13;\n<\/p>\n<p>&#13;<br \/>\nPojawi\u0142y si\u0119 te\u017c g\u0142osy aprobaty. &#8222;Super,w ko\u0144cu z\u00a0najlepszym prezydentem RP&#8221;; &#8222;Panowie prosz\u0119 Przywr\u00f3cicie porz\u0105dki. Ciesz\u0119 si\u0119 ze\u00a0to\u00a0nasz Prezydent&#8221;; &#8222;Ch\u0142opaki z\u00a0Gda\u0144skich blok\u00f3w&#8221;; &#8222;No i\u00a0fajnie&#8221;; &#8222;Elegancko&#8221; \u2013\u00a0mo\u017cna przeczyta\u0107 w\u00a0komentarzach drugiej strony. &#13;\n<\/p>\n<p>Raper o\u00a0znajomo\u015bci z\u00a0Karolem Nawrockim<\/p>\n<p>&#13;<br \/>\nNie jest to\u00a0jednak pierwsza sytuacja, w\u00a0kt\u00f3rej Kizo m\u00f3wi\u0142 o\u00a0swojej relacji z\u00a0Karolem Nawrockim. Raper ju\u017c wcze\u015bniej opowiada\u0142 o\u00a0niej w\u00a0Kanale Zero podczas rozmowy z\u00a0Krzysztofem Stanowskim. Jak zdradzi\u0142, jego znajomo\u015b\u0107 z\u00a0obecnym prezydentem zacz\u0119\u0142a si\u0119 jeszcze w\u00a0czasach, gdy Nawrocki kierowa\u0142 Muzeum II\u00a0Wojny \u015awiatowej w\u00a0Gda\u0144sku. &#13;\n<\/p>\n<p>&#13;<br \/>\n&#8222;Zaprosi\u0142 mnie kiedy\u015b, by\u00a0pokaza\u0107 Muzeum&#8221; \u2013\u00a0m\u00f3wi\u0142 Kizo. &#13;\n<\/p>\n<p>&#13;<br \/>\nKrzysztof Stanowski dopytywa\u0142 w\u00f3wczas o\u00a0pocz\u0105tki tej relacji: \u2013\u00a0Bo\u00a0wszyscy my\u015bleli, \u017ce\u00a0si\u0119 znacie z\u00a0sali bokserskiej. &#13;\n<\/p>\n<p>&#13;<br \/>\nRaper wyja\u015bni\u0142, \u017ce\u00a0do\u00a0pierwszego kontaktu dosz\u0142o za\u00a0po\u015brednictwem znajomego. &#13;\n<\/p>\n<p>&#13;<br \/>\n\u2013 Przez koleg\u0119 zadzwoni\u0142. Powiedzia\u0142: &#8222;S\u0142uchaj, bo\u00a0Karol ci\u0119 zaprasza do\u00a0Muzeum&#8221;. I\u00a0tak si\u0119 zakumplowali\u015bmy \u2013\u00a0wspomina\u0142 Kizo. &#13;\n<\/p>\n<p>&#13;<br \/>\n   Czytaj te\u017c:<br \/><a href=\"https:\/\/dorzeczy.pl\/opinie\/927604\/eldo-opowiedzial-jak-poznal-sie-z-prezydentem-nawrockim.html\" rel=\"follow nofollow noopener\" data-schema=\"DORZECZY\" data-image=\"https:\/\/img.dorzeczy.pl\/_thumb\/5f\/cd\/85c93b712a85ba61d6b8982eb363.jpeg\" target=\"_blank\">Eldo opowiedzia\u0142, jak pozna\u0142 Nawrockiego. &#8222;Dzie\u0144 dobry, panie raperze&#8221;<\/a>   Czytaj te\u017c:<br \/><a href=\"https:\/\/rozrywka.dorzeczy.pl\/muzyka\/934537\/skolim-zagra-u-prezydenta-zabson-wprost-o-medialnej-burzy.html\" rel=\"follow nofollow noopener\" data-schema=\"DORZECZY\" data-image=\"https:\/\/img.dorzeczy.pl\/_thumb\/be\/93\/6be81019769bb200448066f445b9.jpeg\" target=\"_blank\">Burza ws. Skolima u\u00a0prezydenta. Znany muzyk m\u00f3wi wprost: To\u00a0legendarne<\/a>&#13;<\/p>\n","protected":false},"excerpt":{"rendered":"&#13; Kizo, a\u00a0w\u0142a\u015bciwie Patryk Wozi\u0144ski, to\u00a0popularny polski raper, autor tekst\u00f3w i\u00a0tw\u00f3rca wielu muzycznych hit\u00f3w. Muzyk spotka\u0142 si\u0119 z\u00a0Karolem&hellip;\n","protected":false},"author":2,"featured_media":664421,"comment_status":"","ping_status":"","sticky":false,"template":"","format":"standard","meta":{"footnotes":"","_share_on_mastodon":"0"},"categories":[22],"tags":[98,122,8819,690,71789,5567,49,287,1252,102,42,38,40,39,41,1005,1877,123],"class_list":["post-664420","post","type-post","status-publish","format-standard","has-post-thumbnail","category-rozrywka","tag-dorzeczy","tag-entertainment","tag-hejt","tag-karol-nawrocki","tag-kizo","tag-komentarze","tag-kraj","tag-malgorzata-puzyr","tag-muzyka","tag-opinie","tag-pl","tag-poland","tag-polish","tag-polska","tag-polski","tag-prezydent","tag-raper","tag-rozrywka"],"share_on_mastodon":{"url":"https:\/\/pubeurope.com\/@pl\/117206369404140160","error":""},"_links":{"self":[{"href":"https:\/\/www.europesays.com\/pl\/wp-json\/wp\/v2\/posts\/664420","targetHints":{"allow":["GET"]}}],"collection":[{"href":"https:\/\/www.europesays.com\/pl\/wp-json\/wp\/v2\/posts"}],"about":[{"href":"https:\/\/www.europesays.com\/pl\/wp-json\/wp\/v2\/types\/post"}],"author":[{"embeddable":true,"href":"https:\/\/www.europesays.com\/pl\/wp-json\/wp\/v2\/users\/2"}],"replies":[{"embeddable":true,"href":"https:\/\/www.europesays.com\/pl\/wp-json\/wp\/v2\/comments?post=664420"}],"version-history":[{"count":0,"href":"https:\/\/www.europesays.com\/pl\/wp-json\/wp\/v2\/posts\/664420\/revisions"}],"wp:featuredmedia":[{"embeddable":true,"href":"https:\/\/www.europesays.com\/pl\/wp-json\/wp\/v2\/media\/664421"}],"wp:attachment":[{"href":"https:\/\/www.europesays.com\/pl\/wp-json\/wp\/v2\/media?parent=664420"}],"wp:term":[{"taxonomy":"category","embeddable":true,"href":"https:\/\/www.europesays.com\/pl\/wp-json\/wp\/v2\/categories?post=664420"},{"taxonomy":"post_tag","embeddable":true,"href":"https:\/\/www.europesays.com\/pl\/wp-json\/wp\/v2\/tags?post=664420"}],"curies":[{"name":"wp","href":"https:\/\/api.w.org\/{rel}","templated":true}]}}