{"id":664436,"date":"2026-09-03T09:30:26","date_gmt":"2026-09-03T09:30:26","guid":{"rendered":"https:\/\/www.europesays.com\/pl\/664436\/"},"modified":"2026-09-03T09:30:26","modified_gmt":"2026-09-03T09:30:26","slug":"tyle-zarobila-zona-piesiewicza-7-miesieczna-umowa-doradczyni-prezesa","status":"publish","type":"post","link":"https:\/\/www.europesays.com\/pl\/664436\/","title":{"rendered":"Tyle zarobi\u0142a \u017cona Piesiewicza. 7-miesi\u0119czna umowa, doradczyni prezesa"},"content":{"rendered":"<p>Rados\u0142aw Piesiewicz us\u0142ysza\u0142 zarzuty p\u0142atnej protekcji oraz zaspokojenia grupy wierzycieli Zondacrypto z pokrzywdzeniem innych w zwi\u0105zku z gro\u017c\u0105c\u0105 niewyp\u0142acalno\u015bci\u0105. Prezes PKOl trafi\u0142 do aresztu, gdzie sp\u0119dzi najbli\u017csze trzy miesi\u0105ce, <a href=\"https:\/\/przegladsportowy.onet.pl\/igrzyska-olimpijskie\/prokuratura-bierze-sie-za-firme-piesiewicza-pojawia-sie-9-mln-zl\/mby3nke\" id=\"92a82e7f-1277-4b21-9ad8-9965782b71c6\" rel=\"nofollow noopener\" target=\"_blank\">a na jaw wychodz\u0105 kolejne fakty w sprawie<\/a>. Okazuje si\u0119, \u017ce niezwykle ciekawa jest te\u017c posta\u0107 \u017cony prezesa Polskiego Komitetu Olimpijskiego.Dalszy ci\u0105g artyku\u0142u pod materia\u0142em wideo<\/p>\n<p>W kwietniu agenci CBA weszli do Polskiego Komitetu Olimpijskiego i domu prezesa. Zabezpieczyli no\u015bniki danych w ramach \u015bledztwa dotycz\u0105cego mo\u017cliwej zbrodni VAT-owskiej.<\/p>\n<p><a href=\"https:\/\/przegladsportowy.onet.pl\/\" title=\"Strona g\u0142\u00f3wna serwisu\" aria-label=\"Strona g\u0142\u00f3wna serwisu\" data-astro-prefetch=\"tap\" class=\"ods-a-logo-main-desktop\" rel=\"nofollow noopener\" target=\"_blank\"><img src=\"https:\/\/cdn.przegladsportowy.onet.pl\/img\/Logo_desktop_Onet.svg\" class=\"ods-a-logo-main-desktop__image\" alt=\"Logo\" width=\"107\" height=\"60\" fetchpriority=\"high\" decoding=\"sync\" style=\"height:60px\"\/><\/a><\/p>\n<p class=\"ods-m-google-article__text\">Czytaj nas cz\u0119\u015bciej w Google<\/p>\n<p><a href=\"https:\/\/google.com\/preferences\/source?q=przegladsportowy.onet.pl\" target=\"_blank\" rel=\"noopener noreferrer nofollow\" aria-label=\"Dodaj w Google\" title=\"Dodaj w Google\" class=\"ods-a-button ods-a-button__primary ods-a-button__default ods-a-button-l\">Dodaj w Google<\/a><a href=\"https:\/\/przegladsportowy.onet.pl\/igrzyska-olimpijskie\/radoslaw-piesiewicz-przerwal-milczenie-po-akcji-cba-mowi-wprost-niezwykla-zbieznosc\/4vgx608\" id=\"bae74459-260b-469e-93a7-883191c81db8\" rel=\"nofollow noopener\" target=\"_blank\">\u2014 Zabezpieczono komputer, telefon m\u00f3j i ma\u0142\u017conki<\/a> \u2014 relacjonowa\u0142 sam Piesiewicz. Nie wszyscy pami\u0119taj\u0105, jakie stanowisko w przesz\u0142o\u015bci obj\u0119\u0142a \u017cona szefa PKOl.O \u017conie Rados\u0142awa Piesiewicza te\u017c jest g\u0142o\u015bno. &#8222;Niewiarygodny skandal&#8221;<\/p>\n<p>&#8222;To te\u017c jest bardzo s\u0142ynna posta\u0107 i silny zwi\u0105zek rodziny Piesiewicz\u00f3w z PiS-em. Dlatego Jaros\u0142aw Kaczy\u0144ski ponosi za to polityczn\u0105 odpowiedzialno\u015b\u0107. Przypominam, \u017ce Agnieszka Piesiewicz z uporem maniaka pracowa\u0142a przez 6 lub 7 miesi\u0119cy jako doradczyni w banku Pekao S.A. Uwaga, zarabia\u0142a 164 tys. z\u0142 miesi\u0119cznie&#8221; \u2014 opowiedzia\u0142a na swoim kanale YouTube Dominika Wielowieyska.<\/p>\n<p>Media donosi\u0142y, \u017ce Agnieszka Piesiewicz mia\u0142a na prze\u0142omie 2022 i 2023 r. otrzyma\u0107 a\u017c 1,15 mln z\u0142! Ca\u0142a sprawa by\u0142a tym bardziej kontrowersyjna, \u017ce prezesem wspomnianej firmy by\u0142 w\u00f3wczas Leszek Skiba, kojarzony w\u0142a\u015bnie ze \u015brodowiskiem Prawa i Sprawiedliwo\u015bci.<\/p>\n<p>&#8222;Leszek Skiba, mianowany przez PiS, by\u0142 wtedy prezesem Pekao S.A. \u015aladu dzia\u0142alno\u015bci nie ma. Wcze\u015bniej zajmowa\u0142a si\u0119 handlem artyku\u0142ami biurowymi. Takie by\u0142o jej do\u015bwiadczenie, po kt\u00f3rym zosta\u0142a zatrudniona jako doradczyni. Przepraszam bardzo, jest to tak niewiarygodny skandal&#8230;&#8221; \u2014 komentuje wprost Wielowieyska.<\/p>\n<p>&#8222;Minister Sasin nie m\u00f3g\u0142 o tym nie wiedzie\u0107, poniewa\u017c w zarz\u0105dzie by\u0142 by\u0142y dyrektor jego gabinetu, bardzo bliski jego wsp\u00f3\u0142pracownik. R\u0105czka r\u0105czk\u0119 myje&#8221; \u2014 ocenia dziennikarka.<\/p>\n<p>&#8222;Historia z \u017con\u0105 Piesiewicza daje mi du\u017co do my\u015blenia. Dlatego bardzo powa\u017cnie traktuj\u0119 te zarzuty prokuratury. My\u015bl\u0119, \u017ce ta sprawa jest naprawd\u0119 rozwojowa i Jaros\u0142aw Kaczy\u0144ski nie mo\u017ce tutaj uchyla\u0107 si\u0119 od odpowiedzialno\u015bci politycznej. To jest jego ekipa polityk\u00f3w i u\u017cywaj\u0105c jego ulubionych s\u0142\u00f3w, ci ludzie stworzyli ten uk\u0142ad&#8221; \u2014 podsumowuje znana dziennikarka.<\/p>\n","protected":false},"excerpt":{"rendered":"Rados\u0142aw Piesiewicz us\u0142ysza\u0142 zarzuty p\u0142atnej protekcji oraz zaspokojenia grupy wierzycieli Zondacrypto z pokrzywdzeniem innych w zwi\u0105zku z gro\u017c\u0105c\u0105&hellip;\n","protected":false},"author":2,"featured_media":664437,"comment_status":"","ping_status":"","sticky":false,"template":"","format":"standard","meta":{"footnotes":"","_share_on_mastodon":"0"},"categories":[52122],"tags":[128289,61195,2399,48,46,6010,752,42,38,40,39,41,15348,15346,47,130],"class_list":["post-664436","post","type-post","status-publish","format-standard","has-post-thumbnail","category-pko-bank-polski","tag-adshield_tst0","tag-bottomfeed_styl","tag-igrzyska_olimpijskie","tag-nat_styl","tag-omp","tag-pko-bank-polski","tag-pko-bp","tag-pl","tag-poland","tag-polish","tag-polska","tag-polski","tag-polski_komitet_olimpijski","tag-radoslaw_piesiewicz","tag-screening_general","tag-wiadomosci_sportowe"],"share_on_mastodon":{"url":"https:\/\/pubeurope.com\/@pl\/117206413403574636","error":""},"_links":{"self":[{"href":"https:\/\/www.europesays.com\/pl\/wp-json\/wp\/v2\/posts\/664436","targetHints":{"allow":["GET"]}}],"collection":[{"href":"https:\/\/www.europesays.com\/pl\/wp-json\/wp\/v2\/posts"}],"about":[{"href":"https:\/\/www.europesays.com\/pl\/wp-json\/wp\/v2\/types\/post"}],"author":[{"embeddable":true,"href":"https:\/\/www.europesays.com\/pl\/wp-json\/wp\/v2\/users\/2"}],"replies":[{"embeddable":true,"href":"https:\/\/www.europesays.com\/pl\/wp-json\/wp\/v2\/comments?post=664436"}],"version-history":[{"count":0,"href":"https:\/\/www.europesays.com\/pl\/wp-json\/wp\/v2\/posts\/664436\/revisions"}],"wp:featuredmedia":[{"embeddable":true,"href":"https:\/\/www.europesays.com\/pl\/wp-json\/wp\/v2\/media\/664437"}],"wp:attachment":[{"href":"https:\/\/www.europesays.com\/pl\/wp-json\/wp\/v2\/media?parent=664436"}],"wp:term":[{"taxonomy":"category","embeddable":true,"href":"https:\/\/www.europesays.com\/pl\/wp-json\/wp\/v2\/categories?post=664436"},{"taxonomy":"post_tag","embeddable":true,"href":"https:\/\/www.europesays.com\/pl\/wp-json\/wp\/v2\/tags?post=664436"}],"curies":[{"name":"wp","href":"https:\/\/api.w.org\/{rel}","templated":true}]}}