{"id":664444,"date":"2026-09-03T09:34:13","date_gmt":"2026-09-03T09:34:13","guid":{"rendered":"https:\/\/www.europesays.com\/pl\/664444\/"},"modified":"2026-09-03T09:34:13","modified_gmt":"2026-09-03T09:34:13","slug":"narodowe-czytanie-2026-w-ogrodzie-botanicznym-umcs-2026-aktualnosci-lublin","status":"publish","type":"post","link":"https:\/\/www.europesays.com\/pl\/664444\/","title":{"rendered":"Narodowe Czytanie 2026 w Ogrodzie Botanicznym UMCS &#8211; 2026 &#8211; Aktualno\u015bci &#8211; Lublin"},"content":{"rendered":"<p>Ogr\u00f3d Botaniczny UMCS po raz kolejny w\u0142\u0105cza si\u0119 w og\u00f3lnopolsk\u0105 akcj\u0119 Narodowego Czytania i zaprasza na spotkanie, kt\u00f3re odb\u0119dzie si\u0119 5 wrze\u015bnia 2026 r. w godzinach 11.00-14.00 przy Dworku Ko\u015bciuszk\u00f3w.<\/p>\n<p>Tegoroczn\u0105 lektur\u0105 s\u0105\u00a0\u201eDziady\u201d Adama Mickiewicza, jedno z najwybitniejszych dzie\u0142 polskiego romantyzmu. Dramat ten \u0142\u0105czy ludowe obrz\u0119dy z refleksj\u0105 nad histori\u0105, wolno\u015bci\u0105, odpowiedzialno\u015bci\u0105 i losem cz\u0142owieka. Utw\u00f3r od pokole\u0144 zajmuje szczeg\u00f3lne miejsce w polskiej kulturze i literaturze.<\/p>\n<p>Wybrane fragmenty dzie\u0142a przeczytaj\u0105 przedstawiciele Zwi\u0105zku Uczelni Lubelskich (UMCS, KUL, UM, PL), naukowcy, arty\u015bci, a tak\u017ce reprezentanci zaprzyja\u017anionych szk\u00f3\u0142 i instytucji edukacyjnych:<\/p>\n<p>prof. dr hab. Dorota Ko\u0142ody\u0144ska, prorektor ds. student\u00f3w i jako\u015bci kszta\u0142cenia UMCS<br \/>\ndr hab. Arkadiusz Bereza, prorektor ds. og\u00f3lnych UMCS, prof. UMCS<br \/>\nEwa Burniak, dyrektor generalna Uniwersytetu Medycznego w Lublinie<br \/>\nMiros\u0142aw \u017buber, kanclerz Politechniki Lubelskiej<br \/>\ndr hab. Marcin Jakimiak, zast\u0119pca kanclerza Politechniki Lubelskiej<br \/>\nprof. dr hab. Dariusz Sk\u00f3rczewski, dziekan Wydzia\u0142u Nauk Humanistycznych Katolickiego Uniwersytetu Lubelskiego im. Jana Paw\u0142a II<br \/>\nprof. dr hab. Ma\u0142gorzata Karwatowska, kierownik Katedry Edukacji Polonistycznej Instytutu J\u0119zykoznawstwa i Literaturoznawstwa UMCS<br \/>\nprof. dr hab. Maria Juda, kierownik Katedry Informacji i Kultury Cyfrowej Instytutu Nauk o Kulturze UMCS<br \/>\ndr hab. Ewa G\u0142a\u017cewska, prof. UMCS, dyrektor Instytutu Nauk o Kulturze UMCS<br \/>\nprof. dr hab. Robert Litwi\u0144ski, kierownik Katedry Bada\u0144 Nad XX-XXI W. Instytutu Historii UMCS<br \/>\nprof. dr hab. Bo\u017cenna Czarnecka, emerytowany profesor Wydzia\u0142u Biologii i Biotechnologii UMCS<br \/>\ndr hab. n. farm.\u00a0Maciej Strzemski, prof. UM, Uniwersytet Medyczny w Lublinie<br \/>\nKrystyna Szyd\u0142owska, artystka scen lubelskich<br \/>\nJolanta Kozak, redaktor naczelna magazynu regionalnego \u201cPanorama Lubelska\u201d<br \/>\nKrzysztof Wojciechowski, przyrodnik, spo\u0142ecznik, regionalista, publicysta i t\u0142umacz<\/p>\n<p>przedstawiciele jednostek:<\/p>\n<p>Specjalny O\u015brodek Szkolno-Wychowawczy dla Dzieci i M\u0142odzie\u017cy Nies\u0142ysz\u0105cej i S\u0142abos\u0142ysz\u0105cej im. Jana Paw\u0142a II w Lublinie<br \/>\nZesp\u00f3\u0142 Szk\u00f3\u0142 nr 12 im. Tadeusza Ko\u015bciuszki w Lublinie<br \/>\nZesp\u00f3\u0142 Szkolno-Przedszkolny nr 8 w Lublinie<br \/>\nZesp\u00f3\u0142 Ludowy S\u0142awiniacy<br \/>\nSzko\u0142a Podstawowa im. Kardyna\u0142a Stefana Wyszy\u0144skiego w Konopnicy<br \/>\nBiblioteka Publiczna Gminy Konopnica<\/p>\n<p>Serdecznie zapraszamy do udzia\u0142u w wydarzeniu! Zach\u0119camy r\u00f3wnie\u017c do przyniesienia w\u0142asnych egzemplarzy dzie\u0142a Adama Mickiewicza \u2013 b\u0119dzie mo\u017cna opatrzy\u0107 je okoliczno\u015bciowym stemplem przygotowanym specjalnie na Narodowe Czytanie 2026.<\/p>\n<p>W godzinach 10.30-12.30 wst\u0119p do Ogrodu Botanicznego UMCS b\u0119dzie bezp\u0142atny na has\u0142o \u201eNarodowe Czytanie\u201d (wej\u015bcie od strony ulicy Willowej).<\/p>\n","protected":false},"excerpt":{"rendered":"Ogr\u00f3d Botaniczny UMCS po raz kolejny w\u0142\u0105cza si\u0119 w og\u00f3lnopolsk\u0105 akcj\u0119 Narodowego Czytania i zaprasza na spotkanie, kt\u00f3re&hellip;\n","protected":false},"author":2,"featured_media":664445,"comment_status":"","ping_status":"","sticky":false,"template":"","format":"standard","meta":{"footnotes":"","_share_on_mastodon":"0"},"categories":[51612],"tags":[129126,17744,13360,129129,291,129137,70981,129138,129134,1081,129131,64211,129127,7217,129128,127893,129133,42,129135,38,40,39,41,78933,88326,11108,129130,129125,129136,76558,58534,129132,129139,126361],"class_list":["post-664444","post","type-post","status-publish","format-standard","has-post-thumbnail","category-lublin","tag-adama","tag-czlowieka","tag-dramat","tag-dziel","tag-historia","tag-kulturze","tag-lektura","tag-literaturze","tag-losem","tag-lublin","tag-ludowe","tag-laczy","tag-mickiewicza","tag-miejsce","tag-najwybitniejszych","tag-obrzedy","tag-odpowiedzialnoscia","tag-pl","tag-pokolen","tag-poland","tag-polish","tag-polska","tag-polski","tag-polskiego","tag-polskiej","tag-refleksja","tag-romantyzmu","tag-sa-dziady","tag-szczegolne","tag-tegoroczna","tag-utwor","tag-wolnoscia","tag-wybrane","tag-zajmuje"],"share_on_mastodon":{"url":"https:\/\/pubeurope.com\/@pl\/117206428377209864","error":""},"_links":{"self":[{"href":"https:\/\/www.europesays.com\/pl\/wp-json\/wp\/v2\/posts\/664444","targetHints":{"allow":["GET"]}}],"collection":[{"href":"https:\/\/www.europesays.com\/pl\/wp-json\/wp\/v2\/posts"}],"about":[{"href":"https:\/\/www.europesays.com\/pl\/wp-json\/wp\/v2\/types\/post"}],"author":[{"embeddable":true,"href":"https:\/\/www.europesays.com\/pl\/wp-json\/wp\/v2\/users\/2"}],"replies":[{"embeddable":true,"href":"https:\/\/www.europesays.com\/pl\/wp-json\/wp\/v2\/comments?post=664444"}],"version-history":[{"count":0,"href":"https:\/\/www.europesays.com\/pl\/wp-json\/wp\/v2\/posts\/664444\/revisions"}],"wp:featuredmedia":[{"embeddable":true,"href":"https:\/\/www.europesays.com\/pl\/wp-json\/wp\/v2\/media\/664445"}],"wp:attachment":[{"href":"https:\/\/www.europesays.com\/pl\/wp-json\/wp\/v2\/media?parent=664444"}],"wp:term":[{"taxonomy":"category","embeddable":true,"href":"https:\/\/www.europesays.com\/pl\/wp-json\/wp\/v2\/categories?post=664444"},{"taxonomy":"post_tag","embeddable":true,"href":"https:\/\/www.europesays.com\/pl\/wp-json\/wp\/v2\/tags?post=664444"}],"curies":[{"name":"wp","href":"https:\/\/api.w.org\/{rel}","templated":true}]}}