{"id":664446,"date":"2026-09-03T09:35:09","date_gmt":"2026-09-03T09:35:09","guid":{"rendered":"https:\/\/www.europesays.com\/pl\/664446\/"},"modified":"2026-09-03T09:35:09","modified_gmt":"2026-09-03T09:35:09","slug":"przedsiebiorcy-rekomenduja-na-tych-kierunkach-warto-studiowac","status":"publish","type":"post","link":"https:\/\/www.europesays.com\/pl\/664446\/","title":{"rendered":"Przedsi\u0119biorcy rekomenduj\u0105: na tych kierunkach warto studiowa\u0107"},"content":{"rendered":"<p>\n                        Trwa uzupe\u0142niaj\u0105ca rekrutacja na uczelnie wy\u017csze w Szczecinie. To idealny czas, by zdecydowa\u0107 si\u0119 na studia, kt\u00f3re rozwijaj\u0105, zapewniaj\u0105 edukacyjne wyzwania, a jednocze\u015bnie s\u0105 szans\u0105 na dobr\u0105 i stabiln\u0105 prac\u0119. Zachodniopomorski Uniwersytet Technologiczny w Szczecinie to uczelnia, kt\u00f3ra w ka\u017cdym roku akademickim proponuje studentom nowe mo\u017cliwo\u015bci zdobywania wiedzy. \u2013 Przedsi\u0119biorcom w regionie potrzeba absolwent\u00f3w ch\u0119tnych do pracy i gotowych do podejmowania wyzwa\u0144. M\u0142ody cz\u0142owiek w firmie to energia, \u015bwie\u017ce spojrzenie i nowe mo\u017cliwo\u015bci \u2013 m\u00f3wi Hanna Mojsiuk, prezes P\u00f3\u0142nocnej Izby Gospodarczej w Szczecinie.\n                    <\/p>\n<p>                                                                            \u201eZUT potrafi \u0142\u0105czy\u0107 teori\u0119 z wiedz\u0105 praktyczn\u0105\u201d<\/p>\n<p align=\"JUSTIFY\">Zachodniopomorski Uniwersytet Technologiczny w Szczecinie przygotowa\u0142 na rok akademicki 2026\/2027 dwa g\u0142\u00f3wne nowe kierunki studi\u00f3w: analityk\u0119 gospodarcz\u0105 oraz sztuczn\u0105 inteligencj\u0119. Oba kierunki cieszy\u0142y si\u0119 wielkim zainteresowaniem, a sztuczna inteligencja okaza\u0142a si\u0119 prawdziwym rekrutacyjnym przebojem.<\/p>\n<p align=\"JUSTIFY\">Jak m\u00f3wi\u0105 zachodniopomorscy przedsi\u0119biorcy, rynek pracy bardzo potrzebuje takich pracownik\u00f3w jak absolwenci ZUT.<\/p>\n<p align=\"JUSTIFY\">\u2013 Oba kierunki pokazuj\u0105 nowoczesne podej\u015bcie w\u0142adz uczelni do kszta\u0142towania polityki edukacyjnej ZUT. Sztuczna inteligencja jest ju\u017c nasz\u0105 codzienno\u015bci\u0105, ale jej m\u0105dre wykorzystanie w firmach pozostaje wci\u0105\u017c spraw\u0105 otwart\u0105. Osobi\u015bcie cieszy mnie, \u017ce powsta\u0142 kierunek analityka gospodarcza. Brakuje nam w regionie rzetelnych analiz gospodarczych, kt\u00f3re b\u0119d\u0105 wspiera\u0107 przedsi\u0119biorc\u00f3w w budowaniu strategii rozwoju \u2013 m\u00f3wi Hanna Mojsiuk.<\/p>\n<p align=\"JUSTIFY\">\u2013 Przedsi\u0119biorcy chc\u0105 bra\u0107 aktywny udzia\u0142 w kszta\u0142towaniu program\u00f3w akademickich. To sprzyja temu, by student jeszcze w czasie trwania procesu edukacyjnego do\u0142\u0105cza\u0142 do firm i mia\u0142 niemal pewn\u0105 prac\u0119 \u2013 t\u0142umaczy Hanna Mojsiuk.<\/p>\n<p align=\"JUSTIFY\">\u2013 ZUT potrafi \u0142\u0105czy\u0107 teori\u0119 z wiedz\u0105 praktyczn\u0105. Uczelnia szybko dopasowuje kierunki do realnych potrzeb rynku, czego przyk\u0142adem jest sztuczna inteligencja \u2013 dodaje Marcin Paw\u0142owski, wiceprezes firmy Polfund.\u00a0<\/p>\n<p>Rolnictwo i TSL. \u201eM\u0142odzi ludzie si\u0119gaj\u0105 po niestandardowe rozwi\u0105zania\u201d<\/p>\n<p align=\"JUSTIFY\">Zachodniopomorski Uniwersytet Technologiczny obejmuje w swojej strukturze r\u00f3wnie\u017c wydzia\u0142y wywodz\u0105ce si\u0119 z dawnej Akademii Rolniczej w Szczecinie. Studenci ZUT ucz\u0105 si\u0119 wi\u0119c tak\u017ce zagadnie\u0144 zwi\u0105zanych z rolnictwem czy dobrostanem zwierz\u0105t.<\/p>\n<p align=\"JUSTIFY\">Firma Masar podbija rynek wysokiej jako\u015bci mi\u0119sem i w\u0119dlinami. Wielu pami\u0119ta, \u017ce rodow\u00f3d firmy wywodzi si\u0119 z Akademii Rolniczej, gdzie w zak\u0142adzie od 1992 roku by\u0142y produkowane w\u0142a\u015bnie \u201ew\u0119dliny z akademii\u201d<\/p>\n<p align=\"JUSTIFY\">\u2013 Wa\u017cne, aby m\u0142odzi ludzie studiowali kierunki zwi\u0105zane z hodowl\u0105 zwierz\u0105t i rolnictwem. Nowoczesne rolnictwo skupia si\u0119 na rozwoju, wi\u0119c m\u0142odzie\u0144czej pasji i kreatywno\u015bci w tej bran\u017cy bardzo nam potrzeba \u2013 m\u00f3wi Marcin Ogar, w\u0142a\u015bciciel masarni Masar.<\/p>\n<p align=\"JUSTIFY\">Przemys\u0142aw Ho\u0142owacz, dyrektor ds. rozwoju Grupy CSL, przekonuje, \u017ce jest praca dla absolwent\u00f3w zwi\u0105zanych z takimi kierunkami jak transport, spedycja i logistyka. Na rynku brakuje nie tylko kierowc\u00f3w, lecz tak\u017ce in\u017cynier\u00f3w, menad\u017cer\u00f3w logistyki oraz spedytor\u00f3w.<\/p>\n<p>\u00a0<\/p>\n<p align=\"JUSTIFY\">\u2013 Na Pomorzu Zachodnim sektor TSL rozwija si\u0119 bardzo dynamicznie. Mamy nowoczesny port, perspektyw\u0119 Przyl\u0105dku Pomerania czy nowe fabryki rozwijaj\u0105ce sektor offshore. Nie da si\u0119 ukry\u0107, \u017ce rozw\u00f3j tych ga\u0142\u0119zi gospodarki jest uzale\u017cniony od tego, czy m\u0142ode kadry b\u0119d\u0105 dost\u0119pne dla firm na rynku. Bez m\u0142odych ludzi niemo\u017cliwy jest post\u0119p. Widzimy, \u017ce m\u0142odzi spedytorzy czy logistycy ch\u0119tnie si\u0119gaj\u0105 po niestandardowe rozwi\u0105zania zwi\u0105zane np. ze sztuczn\u0105 inteligencj\u0105 \u2013 m\u00f3wi Przemys\u0142aw Ho\u0142owacz.\u00a0<\/p>\n<p>Energetyka to przysz\u0142o\u015b\u0107<\/p>\n<p align=\"JUSTIFY\">Z Zachodniopomorskim Uniwersytetem Technologicznym wsp\u00f3\u0142pracuje tak\u017ce Szczeci\u0144ska Energetyka Cieplna.<\/p>\n<p align=\"JUSTIFY\">\u2013 W tej chwili zast\u0119pujemy \u017ar\u00f3d\u0142a w\u0119glowe odnawialnymi \u017ar\u00f3d\u0142ami energii i rozwi\u0105zaniami ekologicznymi. Stawiamy na zr\u00f3wnowa\u017cony rozw\u00f3j i czyste rozwi\u0105zania \u2013 m\u00f3wi Agnieszka Fr\u0105ckowska ze Szczeci\u0144skiej Energetyki Cieplnej.<\/p>\n<p align=\"JUSTIFY\">\u2013 Na pewno wsp\u00f3\u0142pracujemy z takimi kierunkami jak energetyka, in\u017cynieria \u015brodowiska, elektrotechnika, automatyka, czyli dziedzinami, kt\u00f3re prowadz\u0105 do dekarbonizacji. Do 2030 roku zamierzamy odej\u015b\u0107 od w\u0119gla. Potrzeba nam specjalist\u00f3w, kt\u00f3rzy b\u0119d\u0105 te procesy wspiera\u0107 \u2013 m\u00f3wi Micha\u0142 Kieruczenko, przedstawiciel SEC.<\/p>\n<p align=\"JUSTIFY\">Przedsi\u0119biorcy nie maj\u0105 w\u0105tpliwo\u015bci, \u017ce szczeci\u0144skie uczelnie w ostatnich latach przesz\u0142y ogromny progres, a relacje \u015bwiata nauki i biznesu znacz\u0105co si\u0119 poprawi\u0142y, co przek\u0142ada si\u0119 na lepsz\u0105 ofert\u0119 dla student\u00f3w i jej komplementarno\u015b\u0107 z zapotrzebowaniem zachodniopomorskiego rynku pracy.<\/p>\n","protected":false},"excerpt":{"rendered":"Trwa uzupe\u0142niaj\u0105ca rekrutacja na uczelnie wy\u017csze w Szczecinie. To idealny czas, by zdecydowa\u0107 si\u0119 na studia, kt\u00f3re rozwijaj\u0105,&hellip;\n","protected":false},"author":2,"featured_media":664447,"comment_status":"","ping_status":"","sticky":false,"template":"","format":"standard","meta":{"footnotes":"","_share_on_mastodon":"0"},"categories":[51611],"tags":[291,1089,3839,3511,261,3840,42,38,40,907,39,41,123,2307,26,1092],"class_list":["post-664446","post","type-post","status-publish","format-standard","has-post-thumbnail","category-szczecin","tag-historia","tag-imprezy","tag-interwencje","tag-inwestycje","tag-kultura","tag-lokale","tag-pl","tag-poland","tag-polish","tag-polityka","tag-polska","tag-polski","tag-rozrywka","tag-szczecin","tag-wiadomosci","tag-wydarzenia"],"share_on_mastodon":{"url":"https:\/\/pubeurope.com\/@pl\/117206432396377363","error":""},"_links":{"self":[{"href":"https:\/\/www.europesays.com\/pl\/wp-json\/wp\/v2\/posts\/664446","targetHints":{"allow":["GET"]}}],"collection":[{"href":"https:\/\/www.europesays.com\/pl\/wp-json\/wp\/v2\/posts"}],"about":[{"href":"https:\/\/www.europesays.com\/pl\/wp-json\/wp\/v2\/types\/post"}],"author":[{"embeddable":true,"href":"https:\/\/www.europesays.com\/pl\/wp-json\/wp\/v2\/users\/2"}],"replies":[{"embeddable":true,"href":"https:\/\/www.europesays.com\/pl\/wp-json\/wp\/v2\/comments?post=664446"}],"version-history":[{"count":0,"href":"https:\/\/www.europesays.com\/pl\/wp-json\/wp\/v2\/posts\/664446\/revisions"}],"wp:featuredmedia":[{"embeddable":true,"href":"https:\/\/www.europesays.com\/pl\/wp-json\/wp\/v2\/media\/664447"}],"wp:attachment":[{"href":"https:\/\/www.europesays.com\/pl\/wp-json\/wp\/v2\/media?parent=664446"}],"wp:term":[{"taxonomy":"category","embeddable":true,"href":"https:\/\/www.europesays.com\/pl\/wp-json\/wp\/v2\/categories?post=664446"},{"taxonomy":"post_tag","embeddable":true,"href":"https:\/\/www.europesays.com\/pl\/wp-json\/wp\/v2\/tags?post=664446"}],"curies":[{"name":"wp","href":"https:\/\/api.w.org\/{rel}","templated":true}]}}