{"id":664456,"date":"2026-09-03T09:40:14","date_gmt":"2026-09-03T09:40:14","guid":{"rendered":"https:\/\/www.europesays.com\/pl\/664456\/"},"modified":"2026-09-03T09:40:14","modified_gmt":"2026-09-03T09:40:14","slug":"krakow-maks-chce-psa-zakonczyl-drugie-lato-w-drodze-teatr-kto-ponownie-przemierzyl-polske-z-teat","status":"publish","type":"post","link":"https:\/\/www.europesays.com\/pl\/664456\/","title":{"rendered":"Krak\u00f3w. \u201eMaks chce psa\u201d zako\u0144czy\u0142 drugie lato w drodze. Teatr KTO ponownie przemierzy\u0142 Polsk\u0119 z teat"},"content":{"rendered":"<p>Teatr KTO zako\u0144czy\u0142 drugi sezon objazdowego projektu \u201eMaks chce psa\u201d, realizowanego w ramach programu Lato w teatrze Instytutu Teatralnego im. Zbigniewa Raszewskiego. Przez wakacyjne tygodnie bia\u0142o-niebieski namiot cyrkowy ponownie w\u0119drowa\u0142 po Polsce, zamieniaj\u0105c kolejne miejscowo\u015bci w miejsca teatralnych spotka\u0144. Tegoroczna podr\u00f3\u017c zako\u0144czy\u0142a si\u0119 w Warszawie, na zielonym Jazdowie, podczas obchod\u00f3w 23. urodzin Instytutu Teatralnego.<\/p>\n<p>            <a data-lightbox=\"article-gallery\" href=\"https:\/\/e-teatr.pl\/files\/multimedias\/182604\/fot._B._Zawi__a_namiot_dr.jpg\" rel=\"nofollow noopener\" target=\"_blank\">&#13;<br \/>\n        <img loading=\"lazy\" decoding=\"async\" src=\"https:\/\/www.europesays.com\/pl\/wp-content\/uploads\/2026\/09\/thumb_fot._B._Zawi__a_namiot_dr.jpg\" alt=\"\" title=\"Maks chce psa\" width=\"1100\" height=\"770\"\/>      <\/a><\/p>\n<p>fot. B. Zawi\u0142a\/ mat. teatru<\/p>\n<p class=\"MsoNormal\">To ju\u017c drugie lato, kt\u00f3re Teatr&#13;<br \/>\nKTO sp\u0119dzi\u0142 w drodze ze spektaklem \u201eMaks chce psa\u201d w re\u017cyserii Daniela&#13;<br \/>\nArbaczewskiego. W kolejnych miejscowo\u015bciach pod bia\u0142o-niebieskim szapito&#13;<br \/>\nspotyka\u0142y si\u0119 dzieci, rodzice, dziadkowie i ca\u0142e rodziny. Dla cz\u0119\u015bci widz\u00f3w&#13;<br \/>\nteatr pojawia\u0142 si\u0119 niemal dos\u0142ownie pod domem \u2013 wraz z pe\u0142noprawn\u0105 przestrzeni\u0105&#13;<br \/>\nsceniczn\u0105, artystami, spektaklem i dzia\u0142aniami edukacyjnymi. Ka\u017cdemu&#13;<br \/>\nprzedstawieniu towarzyszy\u0142y warsztaty. By\u0142a to przestrze\u0144 wsp\u00f3lnej zabawy,&#13;<br \/>\nrozmowy i dzia\u0142ania, ale r\u00f3wnie\u017c mo\u017cliwo\u015b\u0107 przed\u0142u\u017cenia teatralnego spotkania&#13;<br \/>\npoza sam czas przedstawienia.<\/p>\n<p class=\"MsoNormal\" style=\"text-align:justify\">\u2013 Ta wsp\u00f3\u0142praca jest dla nas&#13;<br \/>\nwyj\u0105tkowo cenna, bo opiera si\u0119 na bardzo podobnym rozumieniu roli teatru.&#13;<br \/>\nInstytut Teatralny od lat tworzy programy, kt\u00f3re nie traktuj\u0105 widza jako&#13;<br \/>\nbiernego odbiorcy, ale jako uczestnika. My natomiast od pocz\u0105tku istnienia KTO&#13;<br \/>\nwierzymy w teatr, kt\u00f3ry wychodzi do ludzi, przekracza mury swojej siedziby i&#13;<br \/>\nszuka publiczno\u015bci tam, gdzie ona naprawd\u0119 jest. W tym projekcie te dwa sposoby&#13;<br \/>\nmy\u015blenia spotykaj\u0105 si\u0119 w spos\u00f3b niezwykle naturalny. Fakt, \u017ce realizujemy go&#13;<br \/>\nju\u017c drugi sezon, jest dla mnie najlepszym dowodem warto\u015bci tego partnerstwa&#13;<br \/>\n\u2013 m\u00f3wi Jerzy Zo\u0144, dyrektor Teatru KTO. <\/p>\n<p class=\"MsoNormal\" style=\"text-align:justify\">Objazdowa formu\u0142a projektu \u0142\u0105czy&#13;<br \/>\ndo\u015bwiadczenie Teatru KTO w pracy poza tradycyjn\u0105 scen\u0105 z wieloletnim&#13;<br \/>\ndo\u015bwiadczeniem Instytutu Teatralnego w obszarze pedagogiki teatru. Wsp\u00f3\u0142praca&#13;<br \/>\nobu instytucji pozwoli\u0142a po\u0142\u0105czy\u0107 profesjonalne przedstawienie z dzia\u0142aniami&#13;<br \/>\nedukacyjnymi i dotrze\u0107 z nimi r\u00f3wnie\u017c do miejsc, w kt\u00f3rych dost\u0119p do oferty&#13;<br \/>\nteatralnej jest na co dzie\u0144 mniejszy.<\/p>\n<p class=\"MsoNormal\" style=\"text-align:justify\">\u2013 Nie zapraszamy&#13;<br \/>\npubliczno\u015bci do naszego \u015bwiata &#8211; to my przywozimy ten \u015bwiat do niej. Dla Teatru&#13;<br \/>\nKTO, kt\u00f3ry wyr\u00f3s\u0142 przecie\u017c z tradycji teatru w\u0119drownego i teatru obecnego w&#13;<br \/>\nprzestrzeni publicznej, jest to do\u015bwiadczenie bardzo naturalne i bardzo wa\u017cne. Ka\u017cdy&#13;<br \/>\nprzystanek wygl\u0105da troch\u0119 inaczej, bo wsz\u0119dzie spotykamy innych ludzi i inn\u0105&#13;<br \/>\nenergi\u0119. Dzieci bardzo szybko oswajaj\u0105 t\u0119 przestrze\u0144, zaczynaj\u0105 zadawa\u0107&#13;<br \/>\npytania, opowiada\u0107 w\u0142asne historie. Namiot pozwala stworzy\u0107 na kilka godzin&#13;<br \/>\nmiejsce, kt\u00f3re naprawd\u0119 nale\u017cy do nich. To w\u0142a\u015bnie te spotkania s\u0105 dla ca\u0142ego&#13;<br \/>\nzespo\u0142u najmocniejszym do\u015bwiadczeniem tej podr\u00f3\u017cy \u2013 podkre\u015bla Martyna&#13;<br \/>\nNowakowska, producentka i koordynatorka projektu ze strony Teatru KTO.<\/p>\n<p class=\"MsoNormal\" style=\"text-align:justify\">Ze spektaklem \u201eMaks chce psa\u201d w&#13;<br \/>\nte wakacje odwiedzili\u015bmy ma\u0142e miejscowo\u015bci w dw\u00f3ch wojew\u00f3dztwach&#13;<br \/>\n(wielkopolskim i dolno\u015bl\u0105skim), w kt\u00f3rych zaprezentowali\u015bmy spektakl \u0142\u0105cznie&#13;<br \/>\ndwana\u015bcie razy. Fina\u0142em tegorocznej trasy by\u0142a Warszawa. Ostatnie prezentacje&#13;<br \/>\nodby\u0142y si\u0119 na Jazdowie podczas 23. urodzin Instytutu Teatralnego im. Zbigniewa&#13;<br \/>\nRaszewskiego. Trudno by\u0142o o bardziej symboliczne zako\u0144czenie drugiego sezonu:&#13;<br \/>\npo tygodniach podr\u00f3\u017cy spektakl wr\u00f3ci\u0142 do instytucji, z kt\u00f3rej programowej idei&#13;<br \/>\nwyrasta ca\u0142e przedsi\u0119wzi\u0119cie.<\/p>\n<p class=\"MsoNormal\" style=\"text-align:justify\">&#8211; Namiot cyrkowy jest dla mnie&#13;<br \/>\nsymbolem mobilno\u015bci, otwarto\u015bci i dost\u0119pno\u015bci. Docieramy z nim do miejscowo\u015bci&#13;<br \/>\nw ca\u0142ej Polsce, w kt\u00f3rych nie ma teatr\u00f3w, a czasem nawet sal, gdzie mo\u017cna&#13;<br \/>\nzagra\u0107 przedstawienie. Przyjazd namiotu do tych miejsc jest prawdziwym&#13;<br \/>\nteatralnym \u015bwi\u0119tem, a jego przestrze\u0144 jest go\u015bcinna i dost\u0119pna dla wszystkich!&#13;<br \/>\nBardzo wa\u017cn\u0105 cz\u0119\u015bci\u0105 tego projektu jest dla mnie wsp\u00f3\u0142praca z lokalnymi&#13;<br \/>\no\u015brodkami kultury. To dzi\u0119ki nim namiot mo\u017ce pojawi\u0107 si\u0119 w kolejnych miejscach,&#13;<br \/>\na sam projekt staje si\u0119 nie tylko przyjazdem teatru, ale przede wszystkim&#13;<br \/>\nobecno\u015bci\u0105 w lokalnej spo\u0142eczno\u015bci. My\u015bl\u0119, \u017ce w\u0142a\u015bnie w tych relacjach tkwi&#13;<br \/>\nnajwi\u0119ksza si\u0142a projektu. W namiocie chodzi przede wszystkim o ludzi, relacje i&#13;<br \/>\nwsp\u00f3lne do\u015bwiadczenie. Wierz\u0119, \u017ce teatr to przede wszystkim przestrze\u0144&#13;<br \/>\nspotkania. \u2013 m\u00f3wi Emilia Malczyk \u2013 producentka i koordynatorka projektu w&#13;<br \/>\nInstytucie Teatralnym. <\/p>\n<p class=\"MsoNormal\" style=\"text-align:justify\">Powodzenie przedsi\u0119wzi\u0119cia by\u0142o&#13;<br \/>\nefektem pracy wielu os\u00f3b: artyst\u00f3w i artystek, os\u00f3b prowadz\u0105cych warsztaty,&#13;<br \/>\nproducent\u00f3w, koordynator\u00f3w, ekipy technicznej, lokalnych organizator\u00f3w i&#13;<br \/>\npartner\u00f3w goszcz\u0105cych projekt w kolejnych miejscowo\u015bciach. Najwa\u017cniejszym uczestnikiem&#13;<br \/>\ntej podr\u00f3\u017cy pozostawa\u0142a jednak publiczno\u015b\u0107.<\/p>\n<p class=\"MsoNormal\" style=\"text-align:justify\">Pe\u0142en namiot, rozmowy po&#13;<br \/>\nspektaklach, dzieci\u0119ca ciekawo\u015b\u0107, \u015bmiech, wzruszenia i nieko\u0144cz\u0105ce si\u0119 pytania&#13;<br \/>\no Maksa, Bruna oraz o to, czy posiadanie psa rzeczywi\u015bcie jest spe\u0142nieniem&#13;<br \/>\nmarze\u0144, po raz kolejny pokaza\u0142y, \u017ce teatr w\u0119drowny mo\u017ce sta\u0107 si\u0119 narz\u0119dziem&#13;<br \/>\nbudowania wsp\u00f3lnego do\u015bwiadczenia i kontaktu z kultur\u0105 tam, gdzie na co dzie\u0144&#13;<br \/>\nnie zawsze jest ona na wyci\u0105gni\u0119cie r\u0119ki.<\/p>\n<p class=\"MsoNormal\" style=\"text-align:justify\">Lato w teatrze&#13;<br \/>\njest programem Instytutu Teatralnego im. Zbigniewa Raszewskiego w Warszawie&#13;<br \/>\nfinansowanym ze \u015brodk\u00f3w Ministerstwa Kultury i Dziedzictwa Narodowego. Jego&#13;<br \/>\ncelem jest popularyzowanie pedagogiki teatru. Program obejmuje konkurs grantowy&#13;<br \/>\nna realizacj\u0119 dwutygodniowych kolonii lub p\u00f3\u0142kolonii teatralnych dla dzieci i&#13;<br \/>\nm\u0142odzie\u017cy, wakacyjne objazdy spektakli w namiocie cyrkowym oraz Stref\u0119 Rozwoju,&#13;<br \/>\nczyli wsparcie, szkolenia i spotkania dla os\u00f3b chc\u0105cych si\u0119 rozwija\u0107&#13;<br \/>\nw obszarze pedagogiki teatru. Wi\u0119cej informacji na stronie <a href=\"http:\/\/www.latowteatrze.pl\/\" rel=\"nofollow noopener\" target=\"_blank\">www.latowteatrze.pl<\/a>. <\/p>\n<p class=\"MsoNormal\">\n<p>\u00a0<\/p><\/p>\n","protected":false},"excerpt":{"rendered":"Teatr KTO zako\u0144czy\u0142 drugi sezon objazdowego projektu \u201eMaks chce psa\u201d, realizowanego w ramach programu Lato w teatrze Instytutu&hellip;\n","protected":false},"author":2,"featured_media":664457,"comment_status":"","ping_status":"","sticky":false,"template":"","format":"standard","meta":{"footnotes":"","_share_on_mastodon":"0"},"categories":[51606],"tags":[2434,8588,6588,17490,16331,51630,1304,42,38,40,39,41,649,650,11541,51629,8815,51631,8767,51628,800,8816],"class_list":["post-664456","post","type-post","status-publish","format-standard","has-post-thumbnail","category-krakow","tag-aktor","tag-aktorzy","tag-festiwal","tag-festiwale","tag-kariera","tag-kariery","tag-krakow","tag-pl","tag-poland","tag-polish","tag-polska","tag-polski","tag-premiera","tag-premiery","tag-realizacja","tag-realizacje","tag-repertuar","tag-ruch-teatralny","tag-sztuka","tag-sztuki","tag-teatr","tag-teatry"],"share_on_mastodon":{"url":"https:\/\/pubeurope.com\/@pl\/117206452976247670","error":""},"_links":{"self":[{"href":"https:\/\/www.europesays.com\/pl\/wp-json\/wp\/v2\/posts\/664456","targetHints":{"allow":["GET"]}}],"collection":[{"href":"https:\/\/www.europesays.com\/pl\/wp-json\/wp\/v2\/posts"}],"about":[{"href":"https:\/\/www.europesays.com\/pl\/wp-json\/wp\/v2\/types\/post"}],"author":[{"embeddable":true,"href":"https:\/\/www.europesays.com\/pl\/wp-json\/wp\/v2\/users\/2"}],"replies":[{"embeddable":true,"href":"https:\/\/www.europesays.com\/pl\/wp-json\/wp\/v2\/comments?post=664456"}],"version-history":[{"count":0,"href":"https:\/\/www.europesays.com\/pl\/wp-json\/wp\/v2\/posts\/664456\/revisions"}],"wp:featuredmedia":[{"embeddable":true,"href":"https:\/\/www.europesays.com\/pl\/wp-json\/wp\/v2\/media\/664457"}],"wp:attachment":[{"href":"https:\/\/www.europesays.com\/pl\/wp-json\/wp\/v2\/media?parent=664456"}],"wp:term":[{"taxonomy":"category","embeddable":true,"href":"https:\/\/www.europesays.com\/pl\/wp-json\/wp\/v2\/categories?post=664456"},{"taxonomy":"post_tag","embeddable":true,"href":"https:\/\/www.europesays.com\/pl\/wp-json\/wp\/v2\/tags?post=664456"}],"curies":[{"name":"wp","href":"https:\/\/api.w.org\/{rel}","templated":true}]}}