{"id":664462,"date":"2026-09-03T09:43:13","date_gmt":"2026-09-03T09:43:13","guid":{"rendered":"https:\/\/www.europesays.com\/pl\/664462\/"},"modified":"2026-09-03T09:43:13","modified_gmt":"2026-09-03T09:43:13","slug":"warszawa-premiera-spektaklu-osiecka-w-teatrze-ateneum-w-pazdzierniku","status":"publish","type":"post","link":"https:\/\/www.europesays.com\/pl\/664462\/","title":{"rendered":"Warszawa. Premiera spektaklu \u201eOsiecka\u201d w Teatrze Ateneum \u2013 w pa\u017adzierniku"},"content":{"rendered":"<p>Teatr Ateneum zaprasza na premier\u0119 spektaklu \u201eOsiecka\u201d w re\u017cyserii Ewy Telegi. W roli tytu\u0142owej Katarzyna \u0141ochowska.<\/p>\n<p>            <a data-lightbox=\"article-gallery\" href=\"https:\/\/e-teatr.pl\/files\/multimedias\/182599\/osiecka.jpg\" rel=\"nofollow noopener\" target=\"_blank\">&#13;<br \/>\n        <img loading=\"lazy\" decoding=\"async\" src=\"https:\/\/www.europesays.com\/pl\/wp-content\/uploads\/2026\/09\/thumb_osiecka.jpg\" alt=\"\" title=\"\" width=\"1080\" height=\"1440\"\/>      <\/a><\/p>\n<p>fot. mat. teatru<\/p>\n<p>To nie jest recital. To teatralna, muzyczna opowie\u015b\u0107 o kobiecie na \u017cyciowym zakr\u0119cie &#8211; o kobiecie, kt\u00f3rej \u017cycie kolebie si\u0119 niczym balia, kt\u00f3ra kocha, ale wie, \u017ce to mi\u0142o\u015b\u0107 beznadziejna, bo on \u201ekocha swoj\u0105 \u017con\u0119\u201d.<\/p>\n<p>O kobiecie, kt\u00f3ra nieustannie pr\u00f3buje pogodzi\u0107 mi\u0142o\u015b\u0107 z wolno\u015bci\u0105, pragnienie blisko\u015bci z potrzeb\u0105 niezale\u017cno\u015bci.<\/p>\n<p>Na scenie wybrzmi\u0105 najbardziej znane i mniej oczywiste utwory Osieckiej. Piosenki, listy, fragmenty prozy i zapisk\u00f3w uk\u0142adaj\u0105 si\u0119 w intymny portret kobiety pozostaj\u0105cej w nieustannym wewn\u0119trznym rozdarciu.<\/p>\n<p>To opowie\u015b\u0107 o uczuciach, kt\u00f3re nie daj\u0105 prostych odpowiedzi, o \u017cyciu, o mi\u0142o\u015bci, kt\u00f3ra bywa niespe\u0142niona, o samotno\u015bci, t\u0119sknocie, poczuciu humoru i niezwyk\u0142ej umiej\u0119tno\u015bci zamieniania codzienno\u015bci w poezj\u0119.<\/p>\n<p>Akcja spektaklu rozgrywa si\u0119 w nocnym barze &#8211; miejscu spotka\u0144, oczekiwania i wspomnie\u0144. Plastyczn\u0105 inspiracj\u0105 dla przedstawienia jest malarstwo Edwarda Hoppera, z jego charakterystycznym klimatem melancholii, ciszy i ludzi pozostaj\u0105cych obok siebie, a jednak samotnych.<\/p>\n<p>\u201eOSIECKA\u201d opowiada o tym, co w ludzkim do\u015bwiadczeniu pozostaje niezmienne: o mi\u0142o\u015bci, stracie, nadziei i nieustannym poszukiwaniu w\u0142asnego miejsca.<\/p>\n<p>TW\u00d3RCY<\/p>\n<p>Re\u017cyseria, opracowanie scenariusza: Ewa Telega<br \/>Asystentka re\u017cysera: Paulina Staniaszek<br \/>Scenografia, \u015bwiat\u0142a i kostiumy: Joanna Zemanek<br \/>Projekcje: Ignacy Ciunelis<br \/>Aran\u017cacje muzyczne:\u00a0 Mateusz D\u0119bski<br \/>Inspicjent: Wojciech Gratkowski, Agnieszka Hornowska, Jerzy Kacperski<\/p>\n<p>OBSADA<\/p>\n<p>Katarzyna \u0141ochowska<br \/>Mateusz D\u0119bski (go\u015bcinie)<br \/>Franciszek Wajdzik (go\u015bcinnie)<\/p>\n<p>***<\/p>\n<p>Premiera: 3 PA\u0179DZIERNIKA 2026 r. o godz. 19:00.<br \/>Kolejne spektakle: 4.10 I 8.10 I 9.10 I 10.10 I 11.10<br \/>Patroni medialni premiery: TVP KULTURA I RMF CLASSIC.<\/p>\n","protected":false},"excerpt":{"rendered":"Teatr Ateneum zaprasza na premier\u0119 spektaklu \u201eOsiecka\u201d w re\u017cyserii Ewy Telegi. W roli tytu\u0142owej Katarzyna \u0141ochowska. &#13; fot.&hellip;\n","protected":false},"author":2,"featured_media":664463,"comment_status":"","ping_status":"","sticky":false,"template":"","format":"standard","meta":{"footnotes":"","_share_on_mastodon":"0"},"categories":[51605],"tags":[2434,8588,6588,17490,16331,51630,42,38,40,39,41,649,650,11541,51629,8815,51631,8767,51628,800,8816,435],"class_list":["post-664462","post","type-post","status-publish","format-standard","has-post-thumbnail","category-warszawa","tag-aktor","tag-aktorzy","tag-festiwal","tag-festiwale","tag-kariera","tag-kariery","tag-pl","tag-poland","tag-polish","tag-polska","tag-polski","tag-premiera","tag-premiery","tag-realizacja","tag-realizacje","tag-repertuar","tag-ruch-teatralny","tag-sztuka","tag-sztuki","tag-teatr","tag-teatry","tag-warszawa"],"share_on_mastodon":{"url":"https:\/\/pubeurope.com\/@pl\/117206464626133990","error":""},"_links":{"self":[{"href":"https:\/\/www.europesays.com\/pl\/wp-json\/wp\/v2\/posts\/664462","targetHints":{"allow":["GET"]}}],"collection":[{"href":"https:\/\/www.europesays.com\/pl\/wp-json\/wp\/v2\/posts"}],"about":[{"href":"https:\/\/www.europesays.com\/pl\/wp-json\/wp\/v2\/types\/post"}],"author":[{"embeddable":true,"href":"https:\/\/www.europesays.com\/pl\/wp-json\/wp\/v2\/users\/2"}],"replies":[{"embeddable":true,"href":"https:\/\/www.europesays.com\/pl\/wp-json\/wp\/v2\/comments?post=664462"}],"version-history":[{"count":0,"href":"https:\/\/www.europesays.com\/pl\/wp-json\/wp\/v2\/posts\/664462\/revisions"}],"wp:featuredmedia":[{"embeddable":true,"href":"https:\/\/www.europesays.com\/pl\/wp-json\/wp\/v2\/media\/664463"}],"wp:attachment":[{"href":"https:\/\/www.europesays.com\/pl\/wp-json\/wp\/v2\/media?parent=664462"}],"wp:term":[{"taxonomy":"category","embeddable":true,"href":"https:\/\/www.europesays.com\/pl\/wp-json\/wp\/v2\/categories?post=664462"},{"taxonomy":"post_tag","embeddable":true,"href":"https:\/\/www.europesays.com\/pl\/wp-json\/wp\/v2\/tags?post=664462"}],"curies":[{"name":"wp","href":"https:\/\/api.w.org\/{rel}","templated":true}]}}