{"id":664486,"date":"2026-09-03T09:58:11","date_gmt":"2026-09-03T09:58:11","guid":{"rendered":"https:\/\/www.europesays.com\/pl\/664486\/"},"modified":"2026-09-03T09:58:11","modified_gmt":"2026-09-03T09:58:11","slug":"orlen-buduje-energetyczny-sojusz-na-baltyku-2","status":"publish","type":"post","link":"https:\/\/www.europesays.com\/pl\/664486\/","title":{"rendered":"ORLEN buduje energetyczny sojusz na Ba\u0142tyku"},"content":{"rendered":"<p>Porozumienie skupia 14 sygnatariuszy z Polski, Finlandii, Szwecji, Danii, Niemiec, Litwy, \u0141otwy, Estonii i Norwegii. Opr\u00f3cz ORLEN do inicjatywy przyst\u0105pi\u0142y: Eesti Energia, Enefit, Fortum, KN Energies, DNV Energy Systems, Topsoe, Siemens Energy, Adven, Steady Energy, P2X Solutions, Latvenergo, Gasgrid Finland oraz Orsted.<\/p>\n<p>Porozumienie tworzy przestrze\u0144 do \u0142\u0105czenia kompetencji przedsi\u0119biorstw, wymiany do\u015bwiadcze\u0144 i przygotowania przedsi\u0119wzi\u0119\u0107 o znaczeniu mi\u0119dzynarodowym. W\u015br\u00f3d priorytet\u00f3w znalaz\u0142y si\u0119 m.in. rozw\u00f3j morskiej energetyki wiatrowej, integracja rynku <a href=\"https:\/\/www.gospodarkamorska.pl\/przemysl-stoczniowy-przemysl-morski-stocznie-statki\" rel=\"nofollow noopener\" target=\"_blank\">LNG<\/a> i BioLNG, budowa regionalnego rynku wodoru, transport i sk\u0142adowanie CO2 oraz rozw\u00f3j ma\u0142ych reaktor\u00f3w modu\u0142owych. Wa\u017cnym elementem b\u0119dzie tak\u017ce wsp\u00f3\u0142praca przy pozyskaniu finansowania z program\u00f3w Unii Europejskiej i innych mi\u0119dzynarodowych \u017ar\u00f3de\u0142.<\/p>\n<p>Dla ORLEN oznacza to mo\u017cliwo\u015b\u0107 budowania partnerstw wok\u00f3\u0142 projekt\u00f3w istotnych dla transformacji Grupy oraz udzia\u0142u w kszta\u0142towaniu korzystnych rozwi\u0105za\u0144 dla ca\u0142ego rynku. Wsp\u00f3lne dzia\u0142ania mog\u0105 u\u0142atwi\u0107 realizacj\u0119 projekt\u00f3w transgranicznych, wymian\u0119 know-how oraz przygotowanie rekomendacji dotycz\u0105cych regulacji i mechanizm\u00f3w wsparcia. To szczeg\u00f3lnie wa\u017cne w obszarach, w kt\u00f3rych ORLEN rozwija w\u0142asne kompetencje i aktywa, takich jak offshore wind, LNG, wod\u00f3r, CCS czy energetyka j\u0105drowa.<\/p>\n<p>Jednym z kluczowych zada\u0144 nowo powsta\u0142ej inicjatywy b\u0119dzie ochrona infrastruktury energetycznej. Uczestnicy b\u0119d\u0105 wymienia\u0107 si\u0119 do\u015bwiadczeniami dotycz\u0105cymi zabezpieczenia infrastruktury krytycznej, cyberbezpiecze\u0144stwa, przygotowania na sytuacje kryzysowe oraz reagowania na zagro\u017cenia fizyczne i hybrydowe. Partnerzy b\u0119d\u0105 r\u00f3wnie\u017c wsp\u00f3lnie analizowa\u0107 przedsi\u0119wzi\u0119cia zwi\u0119kszaj\u0105ce odporno\u015b\u0107 infrastruktury i mo\u017cliwo\u015bci ich finansowania.<\/p>\n<p>Baltic Energy Initiative ma r\u00f3wnie\u017c wzmocni\u0107 pozycj\u0119 sektora energetycznego regionu w dialogu z instytucjami europejskimi. Wsp\u00f3lne stanowiska i rekomendacje maj\u0105 dotyczy\u0107 m.in. regulacji, inwestycji oraz mechanizm\u00f3w wsparcia dla strategicznych przedsi\u0119wzi\u0119\u0107. Dzi\u0119ki temu mo\u017cliwe b\u0119dzie skuteczniejsze przedstawianie wsp\u00f3lnych potrzeb, a w efekcie pe\u0142niejsze wykorzystanie potencja\u0142u energetycznego obszaru Morza Ba\u0142tyckiego.<\/p>\n<p>Porozumienie podpisano podczas\u00a0mi\u0119dzynarodowej konferencji Baltic Energy 2026 w Warszawie, kt\u00f3rej wiod\u0105cymi tematami s\u0105 bezpiecze\u0144stwo, innowacje i d\u0142ugoterminowa konkurencyjno\u015b\u0107 regionalnego sektora energetycznego. Wydarzenie organizowane przez ORLEN pod patronatem Ministerstwa Spraw Zagranicznych RP jest okazj\u0105 do zawi\u0105zania nowych partnerstw i prezentacji rozwi\u0105za\u0144, kt\u00f3re pozwol\u0105 sprosta\u0107 najpilniejszym priorytetom energetycznym regionu.<\/p>\n","protected":false},"excerpt":{"rendered":"Porozumienie skupia 14 sygnatariuszy z Polski, Finlandii, Szwecji, Danii, Niemiec, Litwy, \u0141otwy, Estonii i Norwegii. Opr\u00f3cz ORLEN do&hellip;\n","protected":false},"author":2,"featured_media":664487,"comment_status":"","ping_status":"","sticky":false,"template":"","format":"standard","meta":{"footnotes":"","_share_on_mastodon":"0"},"categories":[52097],"tags":[3139,92794,7490,774,42,38,40,39,41,17101],"class_list":["post-664486","post","type-post","status-publish","format-standard","has-post-thumbnail","category-orlen","tag-baltyk","tag-biolng","tag-lng","tag-orlen","tag-pl","tag-poland","tag-polish","tag-polska","tag-polski","tag-porozumienie"],"share_on_mastodon":{"url":"https:\/\/pubeurope.com\/@pl\/117206522627955950","error":""},"_links":{"self":[{"href":"https:\/\/www.europesays.com\/pl\/wp-json\/wp\/v2\/posts\/664486","targetHints":{"allow":["GET"]}}],"collection":[{"href":"https:\/\/www.europesays.com\/pl\/wp-json\/wp\/v2\/posts"}],"about":[{"href":"https:\/\/www.europesays.com\/pl\/wp-json\/wp\/v2\/types\/post"}],"author":[{"embeddable":true,"href":"https:\/\/www.europesays.com\/pl\/wp-json\/wp\/v2\/users\/2"}],"replies":[{"embeddable":true,"href":"https:\/\/www.europesays.com\/pl\/wp-json\/wp\/v2\/comments?post=664486"}],"version-history":[{"count":0,"href":"https:\/\/www.europesays.com\/pl\/wp-json\/wp\/v2\/posts\/664486\/revisions"}],"wp:featuredmedia":[{"embeddable":true,"href":"https:\/\/www.europesays.com\/pl\/wp-json\/wp\/v2\/media\/664487"}],"wp:attachment":[{"href":"https:\/\/www.europesays.com\/pl\/wp-json\/wp\/v2\/media?parent=664486"}],"wp:term":[{"taxonomy":"category","embeddable":true,"href":"https:\/\/www.europesays.com\/pl\/wp-json\/wp\/v2\/categories?post=664486"},{"taxonomy":"post_tag","embeddable":true,"href":"https:\/\/www.europesays.com\/pl\/wp-json\/wp\/v2\/tags?post=664486"}],"curies":[{"name":"wp","href":"https:\/\/api.w.org\/{rel}","templated":true}]}}