{"id":664502,"date":"2026-09-03T10:06:19","date_gmt":"2026-09-03T10:06:19","guid":{"rendered":"https:\/\/www.europesays.com\/pl\/664502\/"},"modified":"2026-09-03T10:06:19","modified_gmt":"2026-09-03T10:06:19","slug":"awaria-torowiska-na-reymonta-we-wroclawiu-tramwaje-jezdza-objazdami-2","status":"publish","type":"post","link":"https:\/\/www.europesays.com\/pl\/664502\/","title":{"rendered":"Awaria torowiska na Reymonta we Wroc\u0142awiu. Tramwaje je\u017cd\u017c\u0105 objazdami"},"content":{"rendered":"<p>Pi\u0119\u0107 linii tramwajowych we Wroc\u0142awiu je\u017adzi objazdami.<\/p>\n<p>Zdj\u0119cie ilustracyjne. Fot. RW<\/p>\n<p>Pi\u0119\u0107 linii tramwajowych we Wroc\u0142awiu je\u017adzi objazdami &#8211; to oznacza k\u0142opoty dla mieszka\u0144c\u00f3w Osobowic i Po\u015bwi\u0119tnego. Wszystko z powodu awarii torowiska na ulicy Reymonta.<\/p>\n<p>Aktualizacja &#8211; godz. 10:00<\/p>\n<p>Ruch tramwaj\u00f3w na ulicy Reymonta zosta\u0142 przywr\u00f3cony.<\/p>\n<p>Wcze\u015bniej pisali\u015bmy:<\/p>\n<p style=\"text-align: justify;\">To kolejna i pewnie nie ostatnia awaria b\u0119d\u0105cego w bardzo z\u0142ym stanie torowiska na ulicy Reymonta we Wroc\u0142awiu. Z powodu prac torowych nie je\u017cd\u017c\u0105 tramwaje w kierunku Osobowic i Po\u015bwi\u0119tnego. Linie numer 1, 7, 14, 15 i 16 zosta\u0142y skierowane objazdem do Dworca Nadodrze.<\/p>\n<p style=\"text-align: justify;\">Zadysponowano te\u017c zast\u0119pcz\u0105 komunikacj\u0119 autobusow\u0105 w relacjach Dworzec Nadodrze &#8211; Osobowice &#8211; Dworzec Nadodrze oraz Dworzec Nadodrze &#8211; Po\u015bwi\u0119tne &#8211; Dworzec Nadodrze.<\/p>\n<p style=\"text-align: justify;\">By\u0142e\u015b \u015bwiadkiem wypadku lub innego zdarzenia na drodze? A mo\u017ce stoisz w korku i chcesz przestrzec innych kierowc\u00f3w? Zadzwo\u0144 na telefon drogowy Radia Wroc\u0142aw: 71 339 33 55.<\/p>\n","protected":false},"excerpt":{"rendered":"Pi\u0119\u0107 linii tramwajowych we Wroc\u0142awiu je\u017adzi objazdami. Zdj\u0119cie ilustracyjne. Fot. RW Pi\u0119\u0107 linii tramwajowych we Wroc\u0142awiu je\u017adzi objazdami&hellip;\n","protected":false},"author":2,"featured_media":664503,"comment_status":"","ping_status":"","sticky":false,"template":"","format":"standard","meta":{"footnotes":"","_share_on_mastodon":"0"},"categories":[51607],"tags":[4657,72419,34720,55950,42,38,40,39,41,78858,97970,10539,55110,1853,55111],"class_list":["post-664502","post","type-post","status-publish","format-standard","has-post-thumbnail","category-wroclaw","tag-awaria","tag-jezdza","tag-na","tag-objazdami","tag-pl","tag-poland","tag-polish","tag-polska","tag-polski","tag-reymonta","tag-torowiska","tag-tramwaje","tag-we","tag-wroclaw","tag-wroclawiu"],"share_on_mastodon":{"url":"https:\/\/pubeurope.com\/@pl\/117206553927711632","error":""},"_links":{"self":[{"href":"https:\/\/www.europesays.com\/pl\/wp-json\/wp\/v2\/posts\/664502","targetHints":{"allow":["GET"]}}],"collection":[{"href":"https:\/\/www.europesays.com\/pl\/wp-json\/wp\/v2\/posts"}],"about":[{"href":"https:\/\/www.europesays.com\/pl\/wp-json\/wp\/v2\/types\/post"}],"author":[{"embeddable":true,"href":"https:\/\/www.europesays.com\/pl\/wp-json\/wp\/v2\/users\/2"}],"replies":[{"embeddable":true,"href":"https:\/\/www.europesays.com\/pl\/wp-json\/wp\/v2\/comments?post=664502"}],"version-history":[{"count":0,"href":"https:\/\/www.europesays.com\/pl\/wp-json\/wp\/v2\/posts\/664502\/revisions"}],"wp:featuredmedia":[{"embeddable":true,"href":"https:\/\/www.europesays.com\/pl\/wp-json\/wp\/v2\/media\/664503"}],"wp:attachment":[{"href":"https:\/\/www.europesays.com\/pl\/wp-json\/wp\/v2\/media?parent=664502"}],"wp:term":[{"taxonomy":"category","embeddable":true,"href":"https:\/\/www.europesays.com\/pl\/wp-json\/wp\/v2\/categories?post=664502"},{"taxonomy":"post_tag","embeddable":true,"href":"https:\/\/www.europesays.com\/pl\/wp-json\/wp\/v2\/tags?post=664502"}],"curies":[{"name":"wp","href":"https:\/\/api.w.org\/{rel}","templated":true}]}}