{"id":664578,"date":"2026-09-03T10:46:17","date_gmt":"2026-09-03T10:46:17","guid":{"rendered":"https:\/\/www.europesays.com\/pl\/664578\/"},"modified":"2026-09-03T10:46:17","modified_gmt":"2026-09-03T10:46:17","slug":"alez-cios-nawet-tuleya-podwaza-kandydata-tuska","status":"publish","type":"post","link":"https:\/\/www.europesays.com\/pl\/664578\/","title":{"rendered":"Ale\u017c cios! Nawet Tuleya podwa\u017ca kandydata Tuska"},"content":{"rendered":"<p data-v-01d4021f=\"\">Maciej Berek by\u0142 jednym z najwa\u017cniejszych ludzi w rz\u0105dzie Donalda Tuska, a ma zosta\u0107 s\u0119dzi\u0105 Trybuna\u0142u Konstytucyjnego. Teraz w premiera i jego kandydata uderza g\u0142os z najmniej oczywistej strony. Igor Tuleya, kt\u00f3rego trudno pos\u0105dza\u0107 o sympati\u0119 do PiS, przyzna\u0142 wprost, \u017ce Berek &#8211; mimo formalnych mo\u017cliwo\u015bci &#8211; \u201enie powinien startowa\u0107 do Trybuna\u0142u Konstytucyjnego\u201d.<\/p>\n<p data-v-01d4021f=\"\">Sejm w pi\u0105tek ma dokona\u0107 wyboru s\u0119dziego TK. Kandydat\u00f3w jest dw\u00f3ch: Maciej Berek zg\u0142oszony przez KO i Artur Kotowski zg\u0142oszony przez PiS. W czwartek kandydatury zaopiniuje sejmowa komisja sprawiedliwo\u015bci i praw cz\u0142owieka.<\/p>\n<p>By\u0142 &#8222;praw\u0105 r\u0119k\u0105&#8221; Tuska, ma zosta\u0107 s\u0119dzi\u0105 TK<\/p>\n<p data-v-01d4021f=\"\">Przypomnijmy, \u017ce Maciej Berek pe\u0142ni\u0142 funkcj\u0119 ministra-cz\u0142onka Rady Ministr\u00f3w i szefa Komitetu Sta\u0142ego Rady Ministr\u00f3w od powo\u0142ania obecnego gabinetu w grudniu 2023 r. W marcu 2025 r. stan\u0105\u0142 na czele powo\u0142anego w kancelarii premiera rz\u0105dowego zespo\u0142u ds. deregulacji. W lipcu 2025 r., przy okazji rekonstrukcji rz\u0105du, zosta\u0142 ministrem ds. nadzoru nad wdra\u017caniem polityki rz\u0105du.<\/p>\n<p data-v-01d4021f=\"\">\u0141\u0105cznie dziewi\u0119\u0107 fundacji zajmuj\u0105cych si\u0119 tzw. praworz\u0105dno\u015bci\u0105 zaapelowa\u0142o we wsp\u00f3lnym o\u015bwiadczeniu do Macieja Berka o wycofanie kandydatury na s\u0119dziego Trybuna\u0142u Konstytucyjnego. W\u0105tpliwo\u015bci co do kandydatury Berka wyrazili publicznie tak\u017ce m.in. byli prezesi TK prof. Andrzej Zoll oraz Jerzy St\u0119pie\u0144.<\/p>\n<p data-v-01d4021f=\"\">Nawet przewodnicz\u0105 klubu Lewicy Anna Maria \u017bukowska w swoim najnowszym wpisie odpowiada\u0142a ministrowi sprawiedliwo\u015bci Waldemarowi \u017burkowi, kt\u00f3ry nazywa\u0142 kandydata do TK &#8222;apolitycznym cz\u0142onkiem rz\u0105du&#8221;:<\/p>\n<p data-v-01d4021f=\"\">Nie, nie by\u0142. Dobrze oboje wiemy @w_zurek czyje stanowisko reprezentowa\u0142.<\/p>\n<p>Tuleya o Berku<\/p>\n<p data-v-01d4021f=\"\">Teraz cios w t\u0119 kandydatur\u0119 (promowan\u0105 osobi\u015bcie przez Donalda Tuska) wyprowadzi\u0142&#8230; s\u0119dzia Igor Tuleya. Posta\u0107 kontrowersyjna i znana w przestrzeni publicznej przede wszystkim ze swojej krytyki pod adresem reform PiS w wymiarze sprawiedliwo\u015bci &#8211; ujmuj\u0105c to najdelikatniej.<\/p>\n<p data-v-01d4021f=\"\">W wywiadzie dla &#8222;Rzeczpospolitej&#8221; s\u0119dzia co prawda cieszy si\u0119, \u017ce sytuacja w Trybunale Konstytucyjnym &#8222;powoli zmierza w dobrym kierunku&#8221;, cho\u0107 przy okazji &#8211; rytualnie &#8211; atakuje prezesa Bogdana \u015awi\u0119czkowskiego, za to, \u017ce rzekomo &#8222;blokuje nowo wybranych s\u0119dzi\u00f3w&#8221;, a tak\u017ce prezydenta Karola Nawrockiego, kt\u00f3ry &#8211; w jego mniemaniu &#8211; &#8222;\u0142amie konstytucj\u0119, nie odbieraj\u0105c \u015blubowania od s\u0119dzi\u00f3w wybranych przez Sejm&#8221;.<\/p>\n<p data-v-01d4021f=\"\">W ko\u0144cu jednak pad\u0142o pytanie o Berka, kt\u00f3ry kandyduje na s\u0119dziego TK, cho\u0107 do niedawna by\u0142 ministrem Donalda Tuska. Odpowied\u017a s\u0119dziego w obozie premiera z pewno\u015bci\u0105 si\u0119 nie spodoba.<\/p>\n<p data-v-01d4021f=\"\">Jako Maciej Berek, tak, mo\u017ce formalnie startowa\u0107<\/p>\n<p data-v-01d4021f=\"\">&#8211; odpar\u0142 najpierw Tuleya, a nast\u0119pnie doda\u0142:<\/p>\n<p data-v-01d4021f=\"\">Natomiast ja, tak jak moje \u015brodowisko, mam na my\u015bli Iustiti\u0119, jestem przekonany, \u017ce obywatele, kt\u00f3rzy bronili Trybuna\u0142u Konstytucyjnego, uwa\u017caj\u0105, \u017ce pomimo formalnych przes\u0142anek nie powinien startowa\u0107 do Trybuna\u0142u Konstytucyjnego.<\/p>\n<p data-v-01d4021f=\"\">Jednak Donald Tusk &#8211; jak wida\u0107 &#8211; tym si\u0119 nie przejmuje.<\/p>\n<p data-v-01d4021f=\"\">olnk\/ \u017ar. wPolityce.pl za rp.pl, PAP<\/p>\n","protected":false},"excerpt":{"rendered":"Maciej Berek by\u0142 jednym z najwa\u017cniejszych ludzi w rz\u0105dzie Donalda Tuska, a ma zosta\u0107 s\u0119dzi\u0105 Trybuna\u0142u Konstytucyjnego. Teraz&hellip;\n","protected":false},"author":2,"featured_media":664579,"comment_status":"","ping_status":"","sticky":false,"template":"","format":"standard","meta":{"footnotes":"","_share_on_mastodon":"0"},"categories":[62713],"tags":[121116,1345,88380,127822,13347,72917,907,99789,4362,2462,1005,380,423,231,127821,123474,3654],"class_list":["post-664578","post","type-post","status-publish","format-standard","has-post-thumbnail","category-donald-tusk","tag-analizy-polityczne","tag-donald-tusk","tag-komentarze-polityczne","tag-kulisy-polityki","tag-opozycja","tag-partie-polityczne","tag-polityka","tag-polityka-krajowa","tag-polityka-zagraniczna","tag-polska-polityka","tag-prezydent","tag-rzad","tag-sejm","tag-sondaze","tag-wiadomosci-polityczne","tag-wpolityce-pl","tag-wybory"],"share_on_mastodon":{"url":"https:\/\/pubeurope.com\/@pl\/117206711654075112","error":""},"_links":{"self":[{"href":"https:\/\/www.europesays.com\/pl\/wp-json\/wp\/v2\/posts\/664578","targetHints":{"allow":["GET"]}}],"collection":[{"href":"https:\/\/www.europesays.com\/pl\/wp-json\/wp\/v2\/posts"}],"about":[{"href":"https:\/\/www.europesays.com\/pl\/wp-json\/wp\/v2\/types\/post"}],"author":[{"embeddable":true,"href":"https:\/\/www.europesays.com\/pl\/wp-json\/wp\/v2\/users\/2"}],"replies":[{"embeddable":true,"href":"https:\/\/www.europesays.com\/pl\/wp-json\/wp\/v2\/comments?post=664578"}],"version-history":[{"count":0,"href":"https:\/\/www.europesays.com\/pl\/wp-json\/wp\/v2\/posts\/664578\/revisions"}],"wp:featuredmedia":[{"embeddable":true,"href":"https:\/\/www.europesays.com\/pl\/wp-json\/wp\/v2\/media\/664579"}],"wp:attachment":[{"href":"https:\/\/www.europesays.com\/pl\/wp-json\/wp\/v2\/media?parent=664578"}],"wp:term":[{"taxonomy":"category","embeddable":true,"href":"https:\/\/www.europesays.com\/pl\/wp-json\/wp\/v2\/categories?post=664578"},{"taxonomy":"post_tag","embeddable":true,"href":"https:\/\/www.europesays.com\/pl\/wp-json\/wp\/v2\/tags?post=664578"}],"curies":[{"name":"wp","href":"https:\/\/api.w.org\/{rel}","templated":true}]}}