{"id":664580,"date":"2026-09-03T10:47:17","date_gmt":"2026-09-03T10:47:17","guid":{"rendered":"https:\/\/www.europesays.com\/pl\/664580\/"},"modified":"2026-09-03T10:47:17","modified_gmt":"2026-09-03T10:47:17","slug":"zamienili-wyniki-nawrockiego-i-trzaskowskiego-nie-ma-dowodow-na-falszowanie","status":"publish","type":"post","link":"https:\/\/www.europesays.com\/pl\/664580\/","title":{"rendered":"Zamienili wyniki Nawrockiego i Trzaskowskiego. &#8222;Nie ma dowod\u00f3w na fa\u0142szowanie&#8221;"},"content":{"rendered":"<p>Prokuratura w Katowicach umorzy\u0142a \u015bledztwo w sprawie komisji w Tychach (woj. \u015bl\u0105skie), w kt\u00f3rej dosz\u0142o do g\u0142o\u015bnej zamiany wynik\u00f3w Karola Nawrockiego i Rafa\u0142a Trzaskowskiego w trakcie II tury wybor\u00f3w prezydenckich. <a href=\"https:\/\/wiadomosci.onet.pl\/kraj\/komisja-zamienila-wyniki-nawrockiego-i-trzaskowskiego-nowe-informacje\/8n8gjx7\" id=\"00363b43-7498-45cf-8567-6310f98c958e\" rel=\"nofollow noopener\" target=\"_blank\">Poinformowa\u0142 o tym wczoraj portal Gazeta.pl.<\/a><\/p>\n<p>Podczas wybor\u00f3w prezydenckich w 2025 r. wed\u0142ug oficjalnych danych z obwodowej komisji wyborczej nr 35 przy ul. Lwa To\u0142stoja w Tychach w II turze Karol Nawrocki uzyska\u0142 581 g\u0142os\u00f3w, a Rafa\u0142 Trzaskowski 347. By\u0142o to mocno nietypowe, poniewa\u017c w ca\u0142ym mie\u015bcie kandydat KO mia\u0142 zdecydowan\u0105 przewag\u0119 nad tym wspieranym przez PiS.<\/p>\n<p><a href=\"https:\/\/www.onet.pl\/\" title=\"Strona G\u0142\u00f3wna\" aria-label=\"Strona G\u0142\u00f3wna\" data-astro-prefetch=\"tap\" class=\"ods-a-logo-main-desktop\" rel=\"nofollow noopener\" target=\"_blank\"><img src=\"https:\/\/cdn.wiadomosci.onet.pl\/img\/Logo_desktop_Onet.svg\" class=\"ods-a-logo-main-desktop__image\" alt=\"Logo\" width=\"107\" height=\"60\" fetchpriority=\"high\" decoding=\"sync\" style=\"height:60px\"\/><\/a><\/p>\n<p class=\"ods-m-google-article__text\">Czytaj nas cz\u0119\u015bciej w Google<\/p>\n<p><a href=\"https:\/\/google.com\/preferences\/source?q=wiadomosci.onet.pl\" target=\"_blank\" rel=\"noopener noreferrer nofollow\" aria-label=\"Dodaj w Google\" title=\"Dodaj w Google\" class=\"ods-a-button ods-a-button__primary ods-a-button__default ods-a-button-l\">Dodaj w Google<\/a><\/p>\n<p>Prokuratura Okr\u0119gowa w Katowicach wszcz\u0119\u0142a w tej sprawie \u015bledztwo, kt\u00f3re prowadzi\u0142a od ko\u0144ca czerwca 2025 r. Jak informuje Gazeta.pl, przes\u0142uchano wszystkich cz\u0142onk\u00f3w komisji wyborczej nr 35. W swoich zeznaniach podkre\u015blili, \u017ce zachowanie \u017cadnej z os\u00f3b licz\u0105cych tego dnia g\u0142osy nie wzbudza\u0142o niczyich podejrze\u0144.<\/p>\n<p>Dalszy ci\u0105g artyku\u0142u pod materia\u0142em wideoZamienili wyniki Nawrockiego i Trzaskowskiego. Prawnik: ludzkie pomy\u0142ki to nie jest fa\u0142szerstwo<\/p>\n<p>Pomy\u0142ki w liczeniu zdarzaj\u0105 si\u0119 w ka\u017cdych wyborach i z tym trzeba si\u0119 pogodzi\u0107. Ale to nie oznacza, \u017ce mo\u017cemy m\u00f3wi\u0107 o fa\u0142szowaniu wybor\u00f3w \u2014 m\u00f3wi Onetowi Szymon Osowski, prezes zarz\u0105du Sieci Obywatelskiej Watchdog Polska.<\/p>\n<p>\u2014 Wszystkie organizacje zajmuj\u0105ce si\u0119 wyborami m\u00f3wi\u0142y, \u017ce podczas ostatnich wybor\u00f3w prezydenckich faktycznie by\u0142o bardzo du\u017co szumu medialnego o tym, \u017ce zachodzi jaka\u015b obawa fa\u0142szerstwa, ale ludzkie pomy\u0142ki to nie jest fa\u0142szerstwo \u2014 zaznacza.<\/p>\n<p>Ekspert zapewnia tak\u017ce, \u017ce tych pomy\u0142ek wcale nie by\u0142o wi\u0119cej ni\u017c przy innych wyborach.<\/p>\n<p>\u2014 To raczej sporadyczne przypadki. Je\u015bli liczba tych pomy\u0142ek by\u0142aby jaka\u015b zatrwa\u017caj\u0105ca, to na pewno nasza organizacja by zwraca\u0142a na to szczeg\u00f3ln\u0105 uwag\u0119, ale zapewniam, \u017ce nic takiego si\u0119 nie sta\u0142o \u2014 ocenia.<\/p>\n<p>\u2014 Mamy bardzo dobry system obserwator\u00f3w spo\u0142ecznych. Komitety mog\u0105 wystawia\u0107 swoje osoby do lokali wyborczych, wi\u0119c tych os\u00f3b, kt\u00f3re przygl\u0105daj\u0105 si\u0119 temu, co si\u0119 dzieje w dniu procesu wyborczego, naprawd\u0119 jest bardzo du\u017co \u2014 podkre\u015bla.<\/p>\n<p>Prawnik przyznaje, \u017ce po ostatnich wyborach pojawi\u0142y si\u0119 g\u0142osy, \u017ce powinno doj\u015b\u0107 do zmian w procesie wyborczym.<\/p>\n<p><img class=\"ods-a-photo ods-a-photo--background\" src=\"https:\/\/www.europesays.com\/pl\/wp-content\/uploads\/2026\/09\/muek9lBaHR0cHM6Ly9vY2RuLmV1L3B1bHNjbXMvTURBXy83YWE3OThiMjlhMTVjMGJiMTAzZWQ3YzkxZmQxNmIzYy5qcGeRkwXNB.jpeg\" height=\"529\" width=\"940\" alt=\"Wybory prezydenckie. Jak zg\u0142asza\u0107 nieprawid\u0142owo\u015bci?\" loading=\"lazy\" fetchpriority=\"auto\" decoding=\"auto\" url=\"https:\/\/ocdn.eu\/pulscms\/MDA_\/7aa798b29a15c0bb103ed7c91fd16b3c.jpg\" description=\"Wybory prezydenckie. Jak zg\u0142asza\u0107 nieprawid\u0142owo\u015bci?\" author=\"Darek Delmanowicz \/ PAP\/PKW\" source=\"\" link=\"\"\/><\/p>\n<p>Darek Delmanowicz \/ PAP\/PKW<\/p>\n<p>Wybory prezydenckie. Jak zg\u0142asza\u0107 nieprawid\u0142owo\u015bci?<\/p>\n<p>\u2014 Na przyk\u0142ad, \u017ceby by\u0142y obowi\u0105zkowe testy dla wszystkich cz\u0142onk\u00f3w komisji. Osoba, kt\u00f3ra nie zda testu na koniec, nie b\u0119dzie mog\u0142a by\u0107 w komisji. To s\u0105 pomys\u0142y, kt\u00f3re na pewno nie maj\u0105 na celu przeprowadzania jakiej\u015b rewolucji, bo sam polski proces wyborczy jest bardzo dobry, ale zawsze mo\u017cna go poprawi\u0107 czy troch\u0119 sprofesjonalizowa\u0107. Mo\u017cna jeszcze bardziej wyedukowa\u0107 i przygotowa\u0107 cz\u0142onk\u00f3w komisji \u2014 radzi nasz rozm\u00f3wca.<\/p>\n<p>Zamienili wyniki Nawrockiego i Trzaskowskiego. Prawnik: nie ma dowod\u00f3w na fa\u0142szowanie wybor\u00f3w<\/p>\n<p>Ekspert zwraca uwag\u0119 na jeszcze jedn\u0105 rzecz: ka\u017cde wybory w ostatnich latach przeprowadzane s\u0105 w wielkim napi\u0119ciu politycznym.<\/p>\n<p>\u2014 W tej sytuacji nie ma mo\u017cliwo\u015bci, by\u015bmy wyeliminowali wszystkie pomy\u0142ki. To jednak nie mo\u017ce dawa\u0107 podstaw do formu\u0142owania tezy o tym, \u017ce wybory zosta\u0142y sfa\u0142szowane i mo\u017cna podwa\u017ca\u0107 ich wyniki. Nasz system wyborczy zdecydowanie broni si\u0119 w tej sytuacji bardzo du\u017cego konfliktu politycznego \u2014 uwa\u017ca Osowski.<\/p>\n<p>Prawnik m\u00f3wi, \u017ce to cz\u0119sto politycy nakr\u0119caj\u0105 kampani\u0119 podwa\u017cania zaufania do demokratycznego procesu wyborczego.<\/p>\n<p>\u2014 Najgorsze jest to, \u017ce nawet politycy s\u0105 w stanie dzi\u015b cynicznie podwa\u017ca\u0107 wyniki i m\u00f3wi\u0107 publicznie, \u017ce wybory zosta\u0142y zmanipulowane tylko dlatego, \u017ce nie b\u0119dzie podoba\u0142 si\u0119 im wynik wyborczy. Ten przekaz bardzo szybko dociera do zwyk\u0142ych ludzi i wielu z nich zaczyna ufa\u0107, \u017ce faktycznie tak si\u0119 sta\u0142o.<\/p>\n<p>B\u00f3j o Krak\u00f3w nabiera rozp\u0119du. Po\u017cary w sztabach kandydat\u00f3w. &#8222;Warszawa robi porz\u0105dki w Krakowie&#8221;<img class=\"ods-a-photo ods-a-photo--background\" src=\"https:\/\/www.europesays.com\/pl\/wp-content\/uploads\/2026\/09\/5hZk9lBaHR0cHM6Ly9vY2RuLmV1L3B1bHNjbXMvTURBXy9jZjJmY2JhNWNiMzk4MzM1MTFlMTA2YTA3ZjRlNzIyYS5wbmeRlQLNA.jpeg\" height=\"253\" width=\"450\" alt=\"Na zdj\u0119ciu: plakaty i og\u0142oszenia kandydat\u00f3w na prezydenta Krakowa, jeden z mieszka\u0144c\u00f3w wpisuj\u0105cy si\u0119 na list\u0119 poparcia oraz faworyt wybor\u00f3w - \u0141ukasz Giba\u0142a\" loading=\"lazy\" fetchpriority=\"low\" decoding=\"async\"\/><\/p>\n<p>\u2014 M\u00f3wi\u0119 to z ca\u0142\u0105 pewno\u015bci\u0105: nie ma \u017cadnych dowod\u00f3w na to, \u017ce ostatnie wybory zosta\u0142y sfa\u0142szowane. Nawet prokuratura w Katowicach ich nie znalaz\u0142a. Podwa\u017canie procesu wyborczego jest po prostu nieodpowiedzialne \u2014 powtarza prezes zarz\u0105du Sieci Obywatelskiej Watchdog Polska.<\/p>\n","protected":false},"excerpt":{"rendered":"Prokuratura w Katowicach umorzy\u0142a \u015bledztwo w sprawie komisji w Tychach (woj. \u015bl\u0105skie), w kt\u00f3rej dosz\u0142o do g\u0142o\u015bnej zamiany&hellip;\n","protected":false},"author":2,"featured_media":664581,"comment_status":"","ping_status":"","sticky":false,"template":"","format":"standard","meta":{"footnotes":"","_share_on_mastodon":"0"},"categories":[62712],"tags":[61195,3811,690,49,48,46,4078,1627,47,17125],"class_list":["post-664580","post","type-post","status-publish","format-standard","has-post-thumbnail","category-karol-nawrocki","tag-bottomfeed_styl","tag-glosowanie","tag-karol-nawrocki","tag-kraj","tag-nat_styl","tag-omp","tag-pkw","tag-prokuratura","tag-screening_general","tag-wybory_prezydenckie"],"share_on_mastodon":{"url":"https:\/\/pubeurope.com\/@pl\/117206716277707044","error":""},"_links":{"self":[{"href":"https:\/\/www.europesays.com\/pl\/wp-json\/wp\/v2\/posts\/664580","targetHints":{"allow":["GET"]}}],"collection":[{"href":"https:\/\/www.europesays.com\/pl\/wp-json\/wp\/v2\/posts"}],"about":[{"href":"https:\/\/www.europesays.com\/pl\/wp-json\/wp\/v2\/types\/post"}],"author":[{"embeddable":true,"href":"https:\/\/www.europesays.com\/pl\/wp-json\/wp\/v2\/users\/2"}],"replies":[{"embeddable":true,"href":"https:\/\/www.europesays.com\/pl\/wp-json\/wp\/v2\/comments?post=664580"}],"version-history":[{"count":0,"href":"https:\/\/www.europesays.com\/pl\/wp-json\/wp\/v2\/posts\/664580\/revisions"}],"wp:featuredmedia":[{"embeddable":true,"href":"https:\/\/www.europesays.com\/pl\/wp-json\/wp\/v2\/media\/664581"}],"wp:attachment":[{"href":"https:\/\/www.europesays.com\/pl\/wp-json\/wp\/v2\/media?parent=664580"}],"wp:term":[{"taxonomy":"category","embeddable":true,"href":"https:\/\/www.europesays.com\/pl\/wp-json\/wp\/v2\/categories?post=664580"},{"taxonomy":"post_tag","embeddable":true,"href":"https:\/\/www.europesays.com\/pl\/wp-json\/wp\/v2\/tags?post=664580"}],"curies":[{"name":"wp","href":"https:\/\/api.w.org\/{rel}","templated":true}]}}