{"id":664594,"date":"2026-09-03T10:58:13","date_gmt":"2026-09-03T10:58:13","guid":{"rendered":"https:\/\/www.europesays.com\/pl\/664594\/"},"modified":"2026-09-03T10:58:13","modified_gmt":"2026-09-03T10:58:13","slug":"jakosc-zycia-przyciaga-biznes-do-gdanska-pb-wywiad-puls-biznesu","status":"publish","type":"post","link":"https:\/\/www.europesays.com\/pl\/664594\/","title":{"rendered":"Jako\u015b\u0107 \u017cycia przyci\u0105ga biznes do Gda\u0144ska. PB WYWIAD &#8211; Puls Biznesu"},"content":{"rendered":"<p>\u0141ukasz Korycki<\/p>\n<p><a href=\"&quot;mailto:l.korycki@pb.pl\" class=\"m-article-attributes__item\">[email\u00a0protected]<\/a><\/p>\n<p>opublikowano:\u00a02026-09-03 12:12<\/p>\n<p class=\"o-article__lead\">Dobra jako\u015b\u0107 \u017cycia, rozbudowa kluczowej infrastruktury oraz rozw\u00f3j innowacyjnych bran\u017c to g\u0142\u00f3wne filary gospodarczej strategii Gda\u0144ska \u2014 m\u00f3wi Aleksandra Dulkiewicz, prezydent Gda\u0144ska.<\/p>\n<p>Pos\u0142uchaj<\/p>\n<p><img decoding=\"async\" class=\"a-image__img\" src=\"https:\/\/www.europesays.com\/pl\/wp-content\/uploads\/2026\/09\/1788433093_54_speaker.png\" loading=\"lazy\" width=\"22\" height=\"22\" alt=\"Speaker icon\"\/><\/p>\n<p>Zosta\u0144 subskrybentem<\/p>\n<p>i s\u0142uchaj tego oraz wielu innych artyku\u0142\u00f3w w pb.pl<\/p>\n<p data-block-key=\"4u3f9\">Gda\u0144sk umacnia pozycj\u0119 kluczowego hubu logistycznego centralnej Europy, czego dowodem jest m.in. potrojenie w ci\u0105gu ostatnich lat prze\u0142adunku kontener\u00f3w w Baltic Hub. Aby utrzyma\u0107 t\u0119 dynamik\u0119, kluczowa staje si\u0119 nowa infrastruktura dost\u0119powa zar\u00f3wno drogowa, jak te\u017c kolejowa. Prezydent Aleksandra Dulkiewicz podkre\u015bla, \u017ce tak kosztowne projekty wymagaj\u0105 \u015bcis\u0142ej wsp\u00f3\u0142pracy z rz\u0105dem oraz pozyskania funduszy unijnych.<\/p>\n<p data-block-key=\"3cfdg\">Miasto buduje te\u017c swoj\u0105 pozycj\u0119 w obszarze deep tech i technologii kosmicznych. Dzi\u0119ki wsp\u00f3\u0142pracy samorz\u0105du, uczelni wy\u017cszych oraz instytucji takich jak Polska Agencja Kosmiczna czy Europejska Agencja Kosmiczna w Gda\u0144sku powstaj\u0105 unikatowe inicjatywy, m.in. poligon do\u015bwiadczalny NATO Living Lab czy O\u015brodek Monitorowania Ba\u0142tyku. Obok sektora kosmicznego i logistyki trzecim filarem rozwoju staje si\u0119 energetyka, w tym morskie farmy wiatrowe oraz planowana budowa elektrowni j\u0105drowej w pobliskim Choczewie.<\/p>\n<p data-block-key=\"5qjqe\">Recept\u0105 na przyci\u0105ganie inwestor\u00f3w i wykwalifikowanych pracownik\u00f3w ma by\u0107 sta\u0142a dba\u0142o\u015b\u0107 o jako\u015b\u0107 \u017cycia \u2014 sprawny transport publiczny, wysoki poziom edukacji oraz atrakcyjna oferta sp\u0119dzania wolnego czasu. Jak podkre\u015bla Aleksandra Dulkiewicz, Gda\u0144sk pozostaje jedn\u0105 z niewielu polskich metropolii ze sta\u0142ym dodatnim saldem migracyjnym.<\/p>\n","protected":false},"excerpt":{"rendered":"\u0141ukasz Korycki [email\u00a0protected] opublikowano:\u00a02026-09-03 12:12 Dobra jako\u015b\u0107 \u017cycia, rozbudowa kluczowej infrastruktury oraz rozw\u00f3j innowacyjnych bran\u017c to g\u0142\u00f3wne filary&hellip;\n","protected":false},"author":2,"featured_media":664595,"comment_status":"","ping_status":"","sticky":false,"template":"","format":"standard","meta":{"footnotes":"","_share_on_mastodon":"0"},"categories":[51610],"tags":[1048,42,38,40,39,41],"class_list":["post-664594","post","type-post","status-publish","format-standard","has-post-thumbnail","category-gdansk","tag-gdansk","tag-pl","tag-poland","tag-polish","tag-polska","tag-polski"],"share_on_mastodon":{"url":"","error":""},"_links":{"self":[{"href":"https:\/\/www.europesays.com\/pl\/wp-json\/wp\/v2\/posts\/664594","targetHints":{"allow":["GET"]}}],"collection":[{"href":"https:\/\/www.europesays.com\/pl\/wp-json\/wp\/v2\/posts"}],"about":[{"href":"https:\/\/www.europesays.com\/pl\/wp-json\/wp\/v2\/types\/post"}],"author":[{"embeddable":true,"href":"https:\/\/www.europesays.com\/pl\/wp-json\/wp\/v2\/users\/2"}],"replies":[{"embeddable":true,"href":"https:\/\/www.europesays.com\/pl\/wp-json\/wp\/v2\/comments?post=664594"}],"version-history":[{"count":0,"href":"https:\/\/www.europesays.com\/pl\/wp-json\/wp\/v2\/posts\/664594\/revisions"}],"wp:featuredmedia":[{"embeddable":true,"href":"https:\/\/www.europesays.com\/pl\/wp-json\/wp\/v2\/media\/664595"}],"wp:attachment":[{"href":"https:\/\/www.europesays.com\/pl\/wp-json\/wp\/v2\/media?parent=664594"}],"wp:term":[{"taxonomy":"category","embeddable":true,"href":"https:\/\/www.europesays.com\/pl\/wp-json\/wp\/v2\/categories?post=664594"},{"taxonomy":"post_tag","embeddable":true,"href":"https:\/\/www.europesays.com\/pl\/wp-json\/wp\/v2\/tags?post=664594"}],"curies":[{"name":"wp","href":"https:\/\/api.w.org\/{rel}","templated":true}]}}