{"id":664596,"date":"2026-09-03T10:59:09","date_gmt":"2026-09-03T10:59:09","guid":{"rendered":"https:\/\/www.europesays.com\/pl\/664596\/"},"modified":"2026-09-03T10:59:09","modified_gmt":"2026-09-03T10:59:09","slug":"poznan-noz-narkotyki-i-grozby-19-latek-trafil-do-aresztu-policja-wielkopolska","status":"publish","type":"post","link":"https:\/\/www.europesays.com\/pl\/664596\/","title":{"rendered":"Pozna\u0144 &#8211; N\u00f3\u017c, narkotyki i gro\u017aby. 19-latek trafi\u0142 do aresztu &#8211; Policja Wielkopolska"},"content":{"rendered":"<p>&#13;<\/p>\n<p>&#13;<br \/>\n    Pozna\u0144 &#8211; N\u00f3\u017c, narkotyki i gro\u017aby. 19-latek trafi\u0142 do aresztu        <\/p>\n<p>      Data publikacji  03.09.2026<\/p>\n<p class=\"intro\">Najpierw grozi\u0142 pozbawieniem \u017cycia, p\u00f3\u017aniej zaatakowa\u0142 no\u017cem. 19-letni obywatel Ukrainy zosta\u0142 zatrzymany przez policjant\u00f3w z Komisariatu Policji Pozna\u0144 \u2013 Wilda. Jego 18-letni rodak z ran\u0105 uda trafi\u0142 do szpitala. S\u0105d zdecydowa\u0142 o tymczasowym aresztowaniu podejrzanego na trzy miesi\u0105ce.<\/p>\n<p>   &#13;<\/p>\n<p style=\"text-align:justify\">Do zdarzenia dosz\u0142o w \u015brod\u0119, 26 sierpnia, przy ul. \u015aw. Czes\u0142awa w Poznaniu. Policjanci otrzymali zg\u0142oszenie o rannym m\u0142odym m\u0119\u017cczy\u017anie, kt\u00f3ry znajdowa\u0142 si\u0119 na chodniku.<\/p>\n<p style=\"text-align:justify\">Na miejsce skierowane zosta\u0142y funkcjonariuszki z Komisariatu Policji Pozna\u0144 \u2013 Wilda. Szybko ustali\u0142y, \u017ce krwawi\u0105ca rana uda 18-latka nie by\u0142a przypadkowa. M\u0119\u017cczyzna zosta\u0142 zaatakowany no\u017cem przez innego m\u0119\u017cczyzn\u0119.<\/p>\n<p style=\"text-align:justify\">Pokrzywdzony wskaza\u0142 policjantkom miejsce, w kt\u00f3rym dosz\u0142o do ataku. Na miejsce wezwano zesp\u00f3\u0142 ratownictwa medycznego. Po udzieleniu pomocy medycznej 18-latek zosta\u0142 przewieziony do szpitala.<\/p>\n<p style=\"text-align:justify\">Policjanci nie zwlekali z ustaleniem sprawcy. Kolejne czynno\u015bci wykonane przez funkcjonariuszy doprowadzi\u0142y ich do miejsca zamieszkania podejrzanego. Kilka chwil p\u00f3\u017aniej 19-latek by\u0142 ju\u017c w r\u0119kach mundurowych.<\/p>\n<p style=\"text-align:justify\">Jak ustalili policjanci, m\u0119\u017cczy\u017ani wcze\u015bniej si\u0119 znali. Podczas przeszukania mieszkania 19-latka mundurowi\u00a0znale\u017ali n\u00f3\u017c ukryty pod materacem. Zabezpieczyli r\u00f3wnie\u017c marihuan\u0119.<\/p>\n<p style=\"text-align:justify\">To jednak nie koniec ustale\u0144 \u015bledczych. W toku gromadzenia materia\u0142u dowodowego policjanci ustalili, \u017ce jeszcze przed atakiem 19-latek mia\u0142 grozi\u0107 swojemu rodakowi pozbawieniem \u017cycia.<\/p>\n<p style=\"text-align:justify\">M\u0119\u017cczyzna zosta\u0142 zatrzymany i trafi\u0142 do policyjnego aresztu. Zgromadzony przez policjant\u00f3w materia\u0142 dowodowy pozwoli\u0142 na przedstawienie mu zarzutu dotycz\u0105cego uszkodzenia cia\u0142a, kt\u00f3re mog\u0142o narazi\u0107 pokrzywdzonego na bezpo\u015brednie niebezpiecze\u0144stwo utraty \u017cycia albo ci\u0119\u017ckiego uszczerbku na zdrowiu. 19-latek odpowie r\u00f3wnie\u017c za posiadanie narkotyk\u00f3w.<\/p>\n<p style=\"text-align:justify\">Na wniosek prokuratora s\u0105d zastosowa\u0142 wobec podejrzanego tymczasowy areszt na okres trzech miesi\u0119cy.<\/p>\n<p style=\"text-align:justify\">Za pope\u0142nione przest\u0119pstwa 19-latkowi grozi kara do 3 lat pozbawienia wolno\u015bci. Ostatecznie o jego odpowiedzialno\u015bci karnej zdecyduje s\u0105d.<\/p>\n<p style=\"text-align:justify\">podkom. \u0141ukasz Paterski\/AK<\/p>\n<p>  &#13;<br \/>\n    &#13;<br \/>\n        &#13;<br \/>\n        &#13;<br \/>\n      &#13;<br \/>\n        <a href=\"https:\/\/wielkopolska.policja.gov.pl\/dokumenty\/zalaczniki\/308\/308-432796.png\" title=\"\" class=\"ceraBox\" rel=\"gallery nofollow noopener\" target=\"_blank\">&#13;<\/p>\n<p>            <img decoding=\"async\" src=\"https:\/\/www.europesays.com\/pl\/wp-content\/uploads\/2026\/09\/308-432796_m.png\" alt=\"\"\/><br \/>\n          &#13;<br \/>\n        <\/a>&#13;<br \/>\n              &#13;<br \/>\n    &#13;<br \/>\n            &#13;<\/p>\n<p>&#13;<br \/>\n      &#13;<br \/>\n  &#13;<\/p>\n","protected":false},"excerpt":{"rendered":"&#13; &#13; Pozna\u0144 &#8211; N\u00f3\u017c, narkotyki i gro\u017aby. 19-latek trafi\u0142 do aresztu Data publikacji 03.09.2026 Najpierw grozi\u0142 pozbawieniem&hellip;\n","protected":false},"author":2,"featured_media":664597,"comment_status":"","ping_status":"","sticky":false,"template":"","format":"standard","meta":{"footnotes":"","_share_on_mastodon":"0"},"categories":[51609],"tags":[42,38,40,39,41,1817],"class_list":["post-664596","post","type-post","status-publish","format-standard","has-post-thumbnail","category-poznan","tag-pl","tag-poland","tag-polish","tag-polska","tag-polski","tag-poznan"],"share_on_mastodon":{"url":"https:\/\/pubeurope.com\/@pl\/117206763800637484","error":""},"_links":{"self":[{"href":"https:\/\/www.europesays.com\/pl\/wp-json\/wp\/v2\/posts\/664596","targetHints":{"allow":["GET"]}}],"collection":[{"href":"https:\/\/www.europesays.com\/pl\/wp-json\/wp\/v2\/posts"}],"about":[{"href":"https:\/\/www.europesays.com\/pl\/wp-json\/wp\/v2\/types\/post"}],"author":[{"embeddable":true,"href":"https:\/\/www.europesays.com\/pl\/wp-json\/wp\/v2\/users\/2"}],"replies":[{"embeddable":true,"href":"https:\/\/www.europesays.com\/pl\/wp-json\/wp\/v2\/comments?post=664596"}],"version-history":[{"count":0,"href":"https:\/\/www.europesays.com\/pl\/wp-json\/wp\/v2\/posts\/664596\/revisions"}],"wp:featuredmedia":[{"embeddable":true,"href":"https:\/\/www.europesays.com\/pl\/wp-json\/wp\/v2\/media\/664597"}],"wp:attachment":[{"href":"https:\/\/www.europesays.com\/pl\/wp-json\/wp\/v2\/media?parent=664596"}],"wp:term":[{"taxonomy":"category","embeddable":true,"href":"https:\/\/www.europesays.com\/pl\/wp-json\/wp\/v2\/categories?post=664596"},{"taxonomy":"post_tag","embeddable":true,"href":"https:\/\/www.europesays.com\/pl\/wp-json\/wp\/v2\/tags?post=664596"}],"curies":[{"name":"wp","href":"https:\/\/api.w.org\/{rel}","templated":true}]}}