{"id":664598,"date":"2026-09-03T11:00:13","date_gmt":"2026-09-03T11:00:13","guid":{"rendered":"https:\/\/www.europesays.com\/pl\/664598\/"},"modified":"2026-09-03T11:00:13","modified_gmt":"2026-09-03T11:00:13","slug":"sekundniki-na-lodzkich-skrzyzowaniach-senator-proponuje-rozwiazanie","status":"publish","type":"post","link":"https:\/\/www.europesays.com\/pl\/664598\/","title":{"rendered":"Sekundniki na \u0142\u00f3dzkich skrzy\u017cowaniach? Senator proponuje rozwi\u0105zanie"},"content":{"rendered":"<p>\u0141\u00f3d\u017a: powr\u00f3ci\u0142 temat sekundnik\u00f3w<\/p>\n<p>Senator Krzysztof Kwiatkowski chce, aby sekundniki pojawia\u0142y si\u0119 przede wszystkim na drogach, na kt\u00f3rych dopuszczalna pr\u0119dko\u015b\u0107 wynosi powy\u017cej 50 km\/h, a tak\u017ce na skrzy\u017cowaniach wyposa\u017conych w system RedLight.<\/p>\n<p>Parlamentarzysta zwraca uwag\u0119 na korzy\u015bci zwi\u0105zane z zastosowaniem takich urz\u0105dze\u0144. Jak wskazuje, badania pokazuj\u0105, \u017ce sekundniki mog\u0105 ogranicza\u0107 niebezpieczne zachowania kierowc\u00f3w.<\/p>\n<p>Chodzi przede wszystkim o gwa\u0142towne hamowanie i przyspieszanie przed sygnalizacj\u0105 \u015bwietln\u0105 \u2013 m\u00f3wi Krzysztof Kwiatkowski.<\/p>\n<p>Informacja o czasie pozosta\u0142ym do zmiany \u015bwiat\u0142a ma pozwoli\u0107 kierowcom lepiej oceni\u0107 sytuacj\u0119 i odpowiednio wcze\u015bniej podj\u0105\u0107 decyzj\u0119.<\/p>\n<p dir=\"ltr\" lang=\"pl\">Sekundniki na ka\u017cdym skrzy\u017cowaniu z systemem wykrywania przejazdu na czerwonym \u015bwietle \u201eRed Light\u201d \u2013 tak\u0105 propozycj\u0119 sk\u0142adam <a href=\"https:\/\/x.com\/MI_GOV_PL?ref_src=twsrc%5Etfw\" rel=\"nofollow\">@MI_GOV_PL<\/a> . Dodatkowo wnosz\u0119 o rekomendowanie ustawiania sekundnik\u00f3w na skrzy\u017cowaniach o du\u017cym nat\u0119\u017ceniu ruchu, a tak\u017ce skrzy\u017cowaniach dr\u00f3g z limitem\u2026 <a href=\"https:\/\/t.co\/VSvoRZgdsN\" rel=\"nofollow\">pic.twitter.com\/VSvoRZgdsN<\/a><\/p>\n<p>\u2014 Krzysztof Kwiatkowski (@Kwiatkowski2011) <a href=\"https:\/\/x.com\/Kwiatkowski2011\/status\/2095448049866637466?ref_src=twsrc%5Etfw\" rel=\"nofollow\">September 3, 2026<\/a><\/p>\n<p>Sekundniki na Rondzie Inwalid\u00f3w?<\/p>\n<p>Senator Koalicji Obywatelskiej wskazuje konkretne miejsca, w kt\u00f3rych jego zdaniem takie rozwi\u0105zanie powinno zosta\u0107 zastosowane. <a href=\"https:\/\/radiolodz.pl\/sekundniki-w-lodzi-coraz-blizej-ustawa-jest-juz-przygotowana,616745\/\" target=\"_blank\" rel=\"noopener nofollow\">Jednym z nich jest Rondo Inwalid\u00f3w<\/a>. Zapowiedzia\u0142, \u017ce skieruje do Ministerstwa Infrastruktury specjalne wnioski w sprawie mo\u017cliwo\u015bci monta\u017cu sekundnik\u00f3w.<\/p>\n<p>Je\u015bli propozycje zostan\u0105 rozpatrzone pozytywnie, pierwsze urz\u0105dzenia na \u0142\u00f3dzkich skrzy\u017cowaniach mog\u0105 pojawi\u0107 si\u0119 ju\u017c w przysz\u0142ym roku.<\/p>\n<p>CZYTAJ TAK\u017bE:\u00a0<a href=\"https:\/\/radiolodz.pl\/potezna-tbm-rosnie-na-retkini-wiosna-2027-roku-ruszy-pod-lodzia,666328\/\" target=\"_blank\" rel=\"noopener nofollow\">Pot\u0119\u017cna TBM ro\u015bnie na Retkini. Wiosn\u0105 2027 roku ruszy pod \u0141odzi\u0105<\/a><\/p>\n<p>oprac. jan<script async src=\"https:\/\/platform.twitter.com\/widgets.js\" charset=\"utf-8\"><\/script><\/p>\n","protected":false},"excerpt":{"rendered":"\u0141\u00f3d\u017a: powr\u00f3ci\u0142 temat sekundnik\u00f3w Senator Krzysztof Kwiatkowski chce, aby sekundniki pojawia\u0142y si\u0119 przede wszystkim na drogach, na kt\u00f3rych&hellip;\n","protected":false},"author":2,"featured_media":664599,"comment_status":"","ping_status":"","sticky":false,"template":"","format":"standard","meta":{"footnotes":"","_share_on_mastodon":"0"},"categories":[51608],"tags":[3652,42,38,40,39,41],"class_list":["post-664598","post","type-post","status-publish","format-standard","has-post-thumbnail","category-lodz","tag-lodz","tag-pl","tag-poland","tag-polish","tag-polska","tag-polski"],"share_on_mastodon":{"url":"https:\/\/pubeurope.com\/@pl\/117206766562078351","error":""},"_links":{"self":[{"href":"https:\/\/www.europesays.com\/pl\/wp-json\/wp\/v2\/posts\/664598","targetHints":{"allow":["GET"]}}],"collection":[{"href":"https:\/\/www.europesays.com\/pl\/wp-json\/wp\/v2\/posts"}],"about":[{"href":"https:\/\/www.europesays.com\/pl\/wp-json\/wp\/v2\/types\/post"}],"author":[{"embeddable":true,"href":"https:\/\/www.europesays.com\/pl\/wp-json\/wp\/v2\/users\/2"}],"replies":[{"embeddable":true,"href":"https:\/\/www.europesays.com\/pl\/wp-json\/wp\/v2\/comments?post=664598"}],"version-history":[{"count":0,"href":"https:\/\/www.europesays.com\/pl\/wp-json\/wp\/v2\/posts\/664598\/revisions"}],"wp:featuredmedia":[{"embeddable":true,"href":"https:\/\/www.europesays.com\/pl\/wp-json\/wp\/v2\/media\/664599"}],"wp:attachment":[{"href":"https:\/\/www.europesays.com\/pl\/wp-json\/wp\/v2\/media?parent=664598"}],"wp:term":[{"taxonomy":"category","embeddable":true,"href":"https:\/\/www.europesays.com\/pl\/wp-json\/wp\/v2\/categories?post=664598"},{"taxonomy":"post_tag","embeddable":true,"href":"https:\/\/www.europesays.com\/pl\/wp-json\/wp\/v2\/tags?post=664598"}],"curies":[{"name":"wp","href":"https:\/\/api.w.org\/{rel}","templated":true}]}}