{"id":664600,"date":"2026-09-03T11:01:11","date_gmt":"2026-09-03T11:01:11","guid":{"rendered":"https:\/\/www.europesays.com\/pl\/664600\/"},"modified":"2026-09-03T11:01:11","modified_gmt":"2026-09-03T11:01:11","slug":"kazul-z-gwiazdami-liza-dina","status":"publish","type":"post","link":"https:\/\/www.europesays.com\/pl\/664600\/","title":{"rendered":"Kazul z Gwiazdami: Liza &#038; Dina"},"content":{"rendered":"\n<p>                <a target=\"_blank\" href=\"http:\/\/www.wykop.pl\/dodaj\/link\/?url=https%3A%2F%2Fwww.radiowroclaw.pl%2Farticles%2Fview%2F163627%2FKazul-z-Gwiazdami-Liza-Dina&amp;title=Kazul+z+Gwiazdami%3A+Liza+%26+Dina&amp;desc=Zwyci%C4%99%C5%BCczynie+17.+edycji+programu+%E2%80%9EMam+Talent%21%E2%80%9D%2C+Liza+Labunets+oraz+jej+genialna%2C++suczka+rasy+border+collie+%E2%80%93+Dina%2C+odwiedzi%C5%82y+studio+Radia+Wroc%C5%82aw.+W+rozmowie+z+Micha%C5%82em+Kazulo+opiekunka+opowiedzia%C5%82a+o+kulisach+ich+spektakularnego+sukcesu%2C+widowiskowej+dyscyplinie+dog+dancing+oraz+o+niezwyk%C5%82ej+wi%C4%99zi+i+zaufaniu%2C+kt%C3%B3re+pozwalaj%C4%85+im+tworzy%C4%87+tak+zgrany+duet+na+scenie+i+w+codziennym+%C5%BCyciu.+Jak+wygl%C4%85daj%C4%85+codzienne+treningi+najpopularniejszego+psa+w+Polsce+i+czym+ten+utalentowany+zesp%C3%B3%C5%82+planuje+zaskoczy%C4%87+nas+w+najbli%C5%BCszych+miesi%C4%85cach%3F+Sprawd%C5%BAcie+najwa%C5%BCniejsze+w%C4%85tki+z+tej+niezwyk%C5%82ej%2C+pe%C5%82nej+pozytywnej+energii+wizyty.\" rel=\"nofollow noopener\"><img decoding=\"async\" alt=\"Dodaj do Wykop.pl\" src=\"http:\/\/www.radiowroclaw.pl\/nlayout\/layout\/wykop-social.svg\"\/><\/a><\/p>\n<p>    <img decoding=\"async\" src=\"https:\/\/www.europesays.com\/pl\/wp-content\/uploads\/2026\/09\/9FEwIjdjwQ.jpg\" class=\"w-100\" alt=\"Kazul z Gwiazdami: Liza &amp; Dina - Kazul z Gwiazdami: Liza&amp;Dina\"\/>Kazul z Gwiazdami: Liza&amp;Dina<\/p>\n<p>Rados\u0142aw Bugajski<\/p>\n<p>Zwyci\u0119\u017cczynie 17. edycji programu \u201eMam Talent!\u201d, Liza Labunets oraz jej genialna,  suczka rasy border collie \u2013 Dina, odwiedzi\u0142y studio Radia Wroc\u0142aw. W rozmowie z Micha\u0142em Kazulo opiekunka opowiedzia\u0142a o kulisach ich spektakularnego sukcesu, widowiskowej dyscyplinie dog dancing oraz o niezwyk\u0142ej wi\u0119zi i zaufaniu, kt\u00f3re pozwalaj\u0105 im tworzy\u0107 tak zgrany duet na scenie i w codziennym \u017cyciu. Jak wygl\u0105daj\u0105 codzienne treningi najpopularniejszego psa w Polsce i czym ten utalentowany zesp\u00f3\u0142 planuje zaskoczy\u0107 nas w najbli\u017cszych miesi\u0105cach? Sprawd\u017acie najwa\u017cniejsze w\u0105tki z tej niezwyk\u0142ej, pe\u0142nej pozytywnej energii wizyty.<\/p>\n<\/p>\n<p>        <a name=\"Comments\"\/><br \/>\n    \ufeff<\/p>\n<p>\t\t\t\t<a name=\"Comments\"\/><\/p>\n<p>\t\t\t\t\tDodaj\u0105c komentarz do artyku\u0142u akceptujesz<br \/>\n\t\t\t\t\t<a class=\"fw-bold\" href=\"http:\/\/www.radiowroclaw.pl\/articles\/view\/97405\" title=\"regulamin strony\" rel=\"nofollow noopener\" target=\"_blank\">regulamin strony<\/a>.<br \/>\n\t\t\t\t\tRadio Wroc\u0142aw nie odpowiada za tre\u015b\u0107 komentarzy.<\/p>\n","protected":false},"excerpt":{"rendered":"Kazul z Gwiazdami: Liza&amp;Dina Rados\u0142aw Bugajski Zwyci\u0119\u017cczynie 17. edycji programu \u201eMam Talent!\u201d, Liza Labunets oraz jej genialna, suczka&hellip;\n","protected":false},"author":2,"featured_media":664601,"comment_status":"","ping_status":"","sticky":false,"template":"","format":"standard","meta":{"footnotes":"","_share_on_mastodon":"0"},"categories":[51607],"tags":[78395,129206,129205,20206,25,42,38,40,39,41,1853,44413],"class_list":["post-664600","post","type-post","status-publish","format-standard","has-post-thumbnail","category-wroclaw","tag-dina","tag-gwiazdami","tag-kazul","tag-liza","tag-news","tag-pl","tag-poland","tag-polish","tag-polska","tag-polski","tag-wroclaw","tag-z"],"share_on_mastodon":{"url":"https:\/\/pubeurope.com\/@pl\/117206772101597147","error":""},"_links":{"self":[{"href":"https:\/\/www.europesays.com\/pl\/wp-json\/wp\/v2\/posts\/664600","targetHints":{"allow":["GET"]}}],"collection":[{"href":"https:\/\/www.europesays.com\/pl\/wp-json\/wp\/v2\/posts"}],"about":[{"href":"https:\/\/www.europesays.com\/pl\/wp-json\/wp\/v2\/types\/post"}],"author":[{"embeddable":true,"href":"https:\/\/www.europesays.com\/pl\/wp-json\/wp\/v2\/users\/2"}],"replies":[{"embeddable":true,"href":"https:\/\/www.europesays.com\/pl\/wp-json\/wp\/v2\/comments?post=664600"}],"version-history":[{"count":0,"href":"https:\/\/www.europesays.com\/pl\/wp-json\/wp\/v2\/posts\/664600\/revisions"}],"wp:featuredmedia":[{"embeddable":true,"href":"https:\/\/www.europesays.com\/pl\/wp-json\/wp\/v2\/media\/664601"}],"wp:attachment":[{"href":"https:\/\/www.europesays.com\/pl\/wp-json\/wp\/v2\/media?parent=664600"}],"wp:term":[{"taxonomy":"category","embeddable":true,"href":"https:\/\/www.europesays.com\/pl\/wp-json\/wp\/v2\/categories?post=664600"},{"taxonomy":"post_tag","embeddable":true,"href":"https:\/\/www.europesays.com\/pl\/wp-json\/wp\/v2\/tags?post=664600"}],"curies":[{"name":"wp","href":"https:\/\/api.w.org\/{rel}","templated":true}]}}