{"id":664606,"date":"2026-09-03T11:04:15","date_gmt":"2026-09-03T11:04:15","guid":{"rendered":"https:\/\/www.europesays.com\/pl\/664606\/"},"modified":"2026-09-03T11:04:15","modified_gmt":"2026-09-03T11:04:15","slug":"w-sobote-polska-finlandia-pozegnanie-siatkarzy-w-ergo-arenie-przed-me","status":"publish","type":"post","link":"https:\/\/www.europesays.com\/pl\/664606\/","title":{"rendered":"W sobot\u0119 Polska &#8211; Finlandia. Po\u017cegnanie siatkarzy w Ergo Arenie przed ME"},"content":{"rendered":"<p> <img decoding=\"async\" class=\"img-responsive img-fluid\" src=\"https:\/\/www.europesays.com\/pl\/wp-content\/uploads\/2026\/09\/202609281392.jpg\" alt=\"Mecz VNL m\u0119\u017cczyzn Polska - Francja\"\/><\/p>\n<p>Polscy siatkarze regularnie graj\u0105 w Gda\u0144sku. Tu mecz z Francj\u0105 z lipca 2025 w ramach VNL<\/p>\n<p>Dominik Paszli\u0144ski \/ www.gdansk<\/p>\n<p>Ostatni sprawdzian<\/p>\n<p>Mistrzostwa Europy siatkarzy zostan\u0105 rozegrane w dniach 9-26 wrze\u015bnia. Polacy swoje mecze w fazie grupowej rozegraj\u0105 w Sofii, a ich rywalami &#8211; przed playoffami &#8211; b\u0119d\u0105 Portugalia (10 wrze\u015bnia) i dalej: Izrael, Macedonia P\u00f3\u0142nocna, Ukraina oraz Bu\u0142garia.\u00a0<\/p>\n<p>Na sobot\u0119, 5 wrze\u015bnia, zaplanowano w Ergo Arenie spotkanie towarzyskie z reprezentacj\u0105 Finlandii. Mecz rozpocznie si\u0119 o godzinie 20.30 i b\u0119dzie ostatnim sprawdzianem polskich siatkarzy przed mistrzostwami.\u00a0<\/p>\n<p>\u2013 Gda\u0144sk to sprawdzony partner Polskiej Siatk\u00f3wki. Ciesz\u0119 si\u0119 wi\u0119c, \u017ce reprezentacja Polski odwiedzi to pi\u0119kne miasto i sprawdzi swoje si\u0142y w ostatnim te\u015bcie przed czekaj\u0105cymi nas we wrze\u015bniu mistrzostwami Europy &#8211; m\u00f3wi prezes PZPS Sebastian \u015awiderski.<\/p>\n<p>Transmisja TV: Polsat Sport.\u00a0Bilety na mecz s\u0105 wyprzedane.<\/p>\n<p>Mistrzostwa w czterech krajach<\/p>\n<p>Mistrzostwa Europy 2026 odb\u0119d\u0105 si\u0119 w czterech krajach: Bu\u0142garii, Finlandii, Rumunii i we W\u0142oszech. Mecz otwarcia w Neapolu, fina\u0142 w Mediolanie. Bia\u0142o-czerwoni broni\u0105 tytu\u0142u sprzed trzech lat.\u00a0<\/p>\n<p>Ostatnio Polacy grali w nast\u0119puj\u0105cym sk\u0142adzie: <\/p>\n<p>Rozgrywaj\u0105cy:\u00a0Marcin Komenda, Jan Firlej.<br \/>\nAtakuj\u0105cy:\u00a0Bart\u0142omiej Bo\u0142\u0105d\u017a, Kewin Sasak.<br \/>\nPrzyjmuj\u0105cy:\u00a0Tomasz Fornal, Wilfredo Leon, Kamil Semeniuk, Artur Szapluk, Aleksander \u015aliwka (kapitan).<br \/>\n\u015arodkowi:\u00a0Szymon Jakubiszak, Bart\u0142omiej Lema\u0144ski, Jakub Majchrzak, Jakub Nowak.<br \/>\nLibero:\u00a0Jakub Popiwczak, Maksymilian Granieczny.<\/p>\n<p class=\"read-also\"><a href=\"https:\/\/www.gdansk.pl\/wiadomosci\/Polska-Francja-3-2-Pokonujemy-mistrzow-olimpijskich-w-Lidze-Narodow,a,292370\" rel=\"nofollow noopener\" target=\"_blank\">Polska- Francja 3:2 w VNL Lidze Narod\u00f3w\u00a0<\/a><\/p>\n","protected":false},"excerpt":{"rendered":"Polscy siatkarze regularnie graj\u0105 w Gda\u0144sku. Tu mecz z Francj\u0105 z lipca 2025 w ramach VNL Dominik Paszli\u0144ski&hellip;\n","protected":false},"author":2,"featured_media":664607,"comment_status":"","ping_status":"","sticky":false,"template":"","format":"standard","meta":{"footnotes":"","_share_on_mastodon":"0"},"categories":[12],"tags":[42,38,40,39,41],"class_list":["post-664606","post","type-post","status-publish","format-standard","has-post-thumbnail","category-polska","tag-pl","tag-poland","tag-polish","tag-polska","tag-polski"],"share_on_mastodon":{"url":"https:\/\/pubeurope.com\/@pl\/117206783104466542","error":""},"_links":{"self":[{"href":"https:\/\/www.europesays.com\/pl\/wp-json\/wp\/v2\/posts\/664606","targetHints":{"allow":["GET"]}}],"collection":[{"href":"https:\/\/www.europesays.com\/pl\/wp-json\/wp\/v2\/posts"}],"about":[{"href":"https:\/\/www.europesays.com\/pl\/wp-json\/wp\/v2\/types\/post"}],"author":[{"embeddable":true,"href":"https:\/\/www.europesays.com\/pl\/wp-json\/wp\/v2\/users\/2"}],"replies":[{"embeddable":true,"href":"https:\/\/www.europesays.com\/pl\/wp-json\/wp\/v2\/comments?post=664606"}],"version-history":[{"count":0,"href":"https:\/\/www.europesays.com\/pl\/wp-json\/wp\/v2\/posts\/664606\/revisions"}],"wp:featuredmedia":[{"embeddable":true,"href":"https:\/\/www.europesays.com\/pl\/wp-json\/wp\/v2\/media\/664607"}],"wp:attachment":[{"href":"https:\/\/www.europesays.com\/pl\/wp-json\/wp\/v2\/media?parent=664606"}],"wp:term":[{"taxonomy":"category","embeddable":true,"href":"https:\/\/www.europesays.com\/pl\/wp-json\/wp\/v2\/categories?post=664606"},{"taxonomy":"post_tag","embeddable":true,"href":"https:\/\/www.europesays.com\/pl\/wp-json\/wp\/v2\/tags?post=664606"}],"curies":[{"name":"wp","href":"https:\/\/api.w.org\/{rel}","templated":true}]}}