{"id":664608,"date":"2026-09-03T11:05:11","date_gmt":"2026-09-03T11:05:11","guid":{"rendered":"https:\/\/www.europesays.com\/pl\/664608\/"},"modified":"2026-09-03T11:05:11","modified_gmt":"2026-09-03T11:05:11","slug":"ponownie-legitymizowane-deportacje-uniwersytet-warszawski","status":"publish","type":"post","link":"https:\/\/www.europesays.com\/pl\/664608\/","title":{"rendered":"Ponownie legitymizowane deportacje | Uniwersytet Warszawski"},"content":{"rendered":"<p>                                                                Dr Agnieszka Radziwinowicz\u00f3wna, laureatka presti\u017cowego grantu Starting Europejskiej Rady ds. Bada\u0144 Naukowych\u00a0(ERC), zrealizuje sw\u00f3j projekt w O\u015brodku Bada\u0144 nad Migracjami UW. Badaczka sprawdzi, dlaczego deportacje do kraj\u00f3w uznawanych za niebezpieczne, wcze\u015bniej wstrzymywane ze wzgl\u0119du na wojny lub inne zagro\u017cenia, staj\u0105 si\u0119 ponownie mo\u017cliwe i akceptowalne. To pierwszy grant ERC na badania dotycz\u0105ce wsp\u00f3\u0142czesnych migracji, kt\u00f3ry b\u0119dzie realizowany w Polsce.<\/p>\n<p class=\"jsTextSize\">3 wrze\u015bnia dr Agnieszka Radziwinowicz\u00f3wna otrzyma\u0142a ERC Starting Grant na realizacj\u0119 projektu Redefinicja poj\u0119cia re\u017cimu deportacyjnego: Ponownie legitymizowane deportacje do kraj\u00f3w niebezpiecznych (akronim: REDIRECT) o warto\u015bci 1,5 mln euro.<\/p>\n<p class=\"jsTextSize\">\u00a0<\/p>\n<p class=\"jsTextSize\">Projekt rozpocznie si\u0119 w lutym 2027 roku i potrwa do stycznia 2032 roku.<\/p>\n<p class=\"jsTextSize\">\u00a0<\/p>\n<p class=\"jsTextSize\">\n<p class=\"jsTextSize\">\u00a0<\/p>\n<p>Deportacje a granice suwerenno\u015bci<\/p>\n<p class=\"jsTextSize\">Projekt dotyczy powrotu deportacji do kraj\u00f3w, do kt\u00f3rych przez lata nie by\u0142y one przeprowadzane ze wzgl\u0119du na wojny lub inne zagro\u017cenia. W ostatnich latach niekt\u00f3re pa\u0144stwa ponownie decyduj\u0105 si\u0119 na takie dzia\u0142ania, przedstawiaj\u0105c je jako dow\u00f3d odzyskiwania kontroli nad granicami i polityk\u0105 migracyjn\u0105. Przyk\u0142adami s\u0105 deportacje do Afganistanu z Niemiec czy do Wenezueli ze Stan\u00f3w Zjednoczonych.<\/p>\n<p class=\"jsTextSize\">\u00a0<\/p>\n<p class=\"jsTextSize\">Celem REDIRECT jest wyja\u015bnienie, dlaczego i w jaki spos\u00f3b takie deportacje staj\u0105 si\u0119 ponownie mo\u017cliwe i politycznie legitymizowane. Badaczka przyjrzy si\u0119 temu zjawisku w czterech wymiarach: prawnym, politycznym, dyskursywnym i spo\u0142ecznym. Analizy obejm\u0105 Polsk\u0119, Niemcy i Stany Zjednoczone oraz deportacje do Afganistanu, Syrii, Ukrainy i Wenezueli.<\/p>\n<p class=\"jsTextSize\">\u00a0<\/p>\n<p class=\"jsTextSize\">\u2013 Punktem wyj\u015bcia mojego projektu jest paradoks dotycz\u0105cy deportacji i suwerenno\u015bci. Chcia\u0142abym przekierowa\u0107 interpretacj\u0119 deportacji\u00a0z za\u0142o\u017cenia, \u017ce umacnia ona suwerenno\u015b\u0107, na za\u0142o\u017cenie bardziej otwarte, \u017ce ta relacja nie musi by\u0107 tak prosta, a wr\u0119cz, \u017ce w niekt\u00f3rych sytuacjach mo\u017ce stanowi\u0107 zagro\u017cenie dla suwerenno\u015bci pa\u0144stwa deportuj\u0105cego \u2013 wyja\u015bnia dr Agnieszka Radziwinowicz\u00f3wna.<\/p>\n<p class=\"jsTextSize\">\u00a0<\/p>\n<p class=\"jsTextSize\">Deportacja nie zale\u017cy bowiem wy\u0142\u0105cznie od decyzji jednego pa\u0144stwa. Jej przeprowadzenie mo\u017ce wymaga\u0107 negocjacji i wsp\u00f3\u0142pracy z pa\u0144stwem pochodzenia lub pa\u0144stwami trzecimi, a tak\u017ce z organizacjami mi\u0119dzynarodowymi i innymi podmiotami. REDIRECT ma pokaza\u0107, jak te zale\u017cno\u015bci wp\u0142ywaj\u0105 na mo\u017cliwo\u015b\u0107 wykonywania przez pa\u0144stwa ich suwerennej w\u0142adzy.<\/p>\n<p class=\"jsTextSize\">\u00a0<\/p>\n<p>Trzy kraje, cztery kierunki deportacji<\/p>\n<p class=\"jsTextSize\">W ramach projektu zostan\u0105 przeprowadzone badania por\u00f3wnawcze w Polsce, Niemczech i Stanach Zjednoczonych. Zesp\u00f3\u0142 przeanalizuje skal\u0119 i zmiany w deportacjach oraz ich uwarunkowania prawne, polityczne i spo\u0142eczne.<\/p>\n<p class=\"jsTextSize\">\u00a0<\/p>\n<p class=\"jsTextSize\">Badacze wykorzystaj\u0105 dane statystyczne, dokumenty prawne i archiwalne oraz materia\u0142y polityczne i medialne. Przeprowadz\u0105 r\u00f3wnie\u017c wywiady z przedstawicielami instytucji i organizacji zaanga\u017cowanych w proces deportacji oraz z osobami zagro\u017conymi wydaleniem. Cz\u0119\u015b\u0107 bada\u0144 b\u0119dzie prowadzona we wsp\u00f3\u0142pracy z organizacjami migranckimi.<\/p>\n<p class=\"jsTextSize\">Istotnym elementem projektu b\u0119dzie analiza dyskursu politycznego, medialnego i medi\u00f3w spo\u0142eczno\u015bciowych, a tak\u017ce badania opinii publicznej w Polsce, Niemczech i USA.<\/p>\n<p class=\"jsTextSize\">\u00a0<\/p>\n<p class=\"jsTextSize\">\u2013 Pozwoli to sprawdzi\u0107, jak deportacje s\u0105 przedstawiane i uzasadniane oraz jak zmienia si\u0119 spo\u0142eczne poparcie dla ich przeprowadzania \u2013 m\u00f3wi badaczka.<\/p>\n<p class=\"jsTextSize\">\u00a0<\/p>\n<p class=\"jsTextSize\">Projekt po\u0142\u0105czy metody jako\u015bciowe i ilo\u015bciowe. Zastosowane zostan\u0105 m.in.: analiza prawna i archiwalna, wywiady pog\u0142\u0119bione, analiza dyskursu, process tracing oraz jako\u015bciowa analiza por\u00f3wnawcza (QCA). Zebrane dane pozwol\u0105 odtworzy\u0107 procesy prowadz\u0105ce do ponownego legitymizowania deportacji oraz wskaza\u0107 czynniki prawne, polityczne, spo\u0142eczne i dyplomatyczne, kt\u00f3re temu sprzyjaj\u0105.<\/p>\n<p class=\"jsTextSize\">\u00a0<\/p>\n<p>Nowe spojrzenie na re\u017cim deportacyjny<\/p>\n<p class=\"jsTextSize\">Jednym z najwa\u017cniejszych za\u0142o\u017ce\u0144 REDIRECT jest zakwestionowanie przekonania, \u017ce deportacja stanowi przede wszystkim narz\u0119dzie wzmacniania suwerenno\u015bci pa\u0144stwa. Projekt ujmuje j\u0105 jako proces transnarodowy i wielopoziomowy, zale\u017cny od relacji mi\u0119dzy pa\u0144stwami, instytucjami i innymi uczestnikami procesu deportacyjnego.<\/p>\n<p class=\"jsTextSize\">\u00a0<\/p>\n<p class=\"jsTextSize\">Badaczka proponuje tak\u017ce poj\u0119cie \u201eponownie legitymizowanych deportacji\u201d. Odnosi si\u0119 ono do sytuacji, w kt\u00f3rych deportacje wcze\u015bniej wstrzymywane lub kwestionowane ze wzgl\u0119du na niebezpiecze\u0144stwo w kraju docelowym zn\u00f3w zaczynaj\u0105 by\u0107 przedstawiane jako dopuszczalne i uzasadnione.<\/p>\n<p class=\"jsTextSize\">\u00a0<\/p>\n<p class=\"jsTextSize\">REDIRECT ma pom\u00f3c ustali\u0107, jakie zmiany prawne, polityczne i spo\u0142eczne umo\u017cliwiaj\u0105 taki proces oraz jak\u0105 rol\u0119 w nim odgrywaj\u0105 m.in. zmieniaj\u0105ce si\u0119 podej\u015bcie do praw cz\u0142owieka i rosn\u0105ce znaczenie populizmu.<\/p>\n<p class=\"jsTextSize\">\u00a0<\/p>\n<p class=\"jsTextSize\">\u2013 REDIRECT proponuje nowe, transnarodowe i wieloskalowe uj\u0119cie, kt\u00f3re pozwala umiejscowi\u0107 deportacje w przecinaj\u0105cych si\u0119 geografiach w\u0142adzy \u2013 podkre\u015bla dr Agnieszka Radziwinowicz\u00f3wna.<\/p>\n<p class=\"jsTextSize\">\u00a0<\/p>\n<p class=\"jsTextSize\">Dr Agnieszka Radziwinowicz\u00f3wna jest adiunktk\u0105 w O\u015brodku Bada\u0144 nad Migracjami Uniwersytetu Warszawskiego. Socjolo\u017cka, badaczka migracji i deportacji, specjalizuje si\u0119 w badaniu wsp\u00f3\u0142czesnych re\u017cim\u00f3w deportacyjnych, polityk migracyjnych oraz do\u015bwiadcze\u0144 os\u00f3b poddawanych przymusowym powrotom. Jest absolwentk\u0105 Uniwersytetu Warszawskiego, gdzie uko\u0144czy\u0142a studia magisterskie i doktoranckie w Instytucie Socjologii, oba z wyr\u00f3\u017cnieniem.<\/p>\n<p class=\"jsTextSize\">\u00a0<\/p>\n<p class=\"jsTextSize\">Jest laureatk\u0105 dw\u00f3ch konkurs\u00f3w Narodowego Centrum Nauki, w kt\u00f3rych otrzyma\u0142a granty SONATA i OPUS na realizacj\u0119 w\u0142asnych projekt\u00f3w badawczych. W latach 2018\u20132020 by\u0142a stypendystk\u0105 programu Marie Sk\u0142odowska-Curie Individual Fellowship na University of Wolverhampton w Wielkiej Brytanii. Otrzyma\u0142a r\u00f3wnie\u017c Stypendium Ministra Nauki dla Wybitnych M\u0142odych Naukowc\u00f3w oraz stypendium Fundacji Ko\u015bciuszkowskiej na pobyt naukowy na University of Michigan w Ann Arbor. W 2017 roku otrzyma\u0142a Nagrod\u0119 Prezesa Rady Ministr\u00f3w za wyr\u00f3\u017cniaj\u0105c\u0105 si\u0119 rozpraw\u0119 doktorsk\u0105.<\/p>\n<p class=\"jsTextSize\">\u00a0<\/p>\n<p class=\"jsTextSize\">Jest autork\u0105 i wsp\u00f3\u0142autork\u0105 publikacji po\u015bwi\u0119conych migracjom i deportacjom oraz redaktork\u0105 ksi\u0105\u017cki Research Methods in Deportation: The Power-Knowledge Approach (Edward Elgar, 2024). Jej prace ukazywa\u0142y si\u0119 m.in. w \u201ePopulation, Space and Place\u201d, \u201eJournal of Ethnic and Migration Studies\u201d, \u201eInternational Migration\u201d i \u201eEuropean Journal of Criminology\u201d.<\/p>\n<p class=\"jsTextSize\">\u00a0<\/p>\n<p class=\"jsTextSize\">Prywatnie jest mam\u0105 Luisa i Jurka oraz opiekunk\u0105 adoptowanej kundelki \u0141ajki.<\/p>\n","protected":false},"excerpt":{"rendered":"Dr Agnieszka Radziwinowicz\u00f3wna, laureatka presti\u017cowego grantu Starting Europejskiej Rady ds. Bada\u0144 Naukowych\u00a0(ERC), zrealizuje sw\u00f3j projekt w O\u015brodku Bada\u0144&hellip;\n","protected":false},"author":2,"featured_media":664609,"comment_status":"","ping_status":"","sticky":false,"template":"","format":"standard","meta":{"footnotes":"","_share_on_mastodon":"0"},"categories":[51605],"tags":[42,38,40,39,41,435],"class_list":["post-664608","post","type-post","status-publish","format-standard","has-post-thumbnail","category-warszawa","tag-pl","tag-poland","tag-polish","tag-polska","tag-polski","tag-warszawa"],"share_on_mastodon":{"url":"https:\/\/pubeurope.com\/@pl\/117206786187500180","error":""},"_links":{"self":[{"href":"https:\/\/www.europesays.com\/pl\/wp-json\/wp\/v2\/posts\/664608","targetHints":{"allow":["GET"]}}],"collection":[{"href":"https:\/\/www.europesays.com\/pl\/wp-json\/wp\/v2\/posts"}],"about":[{"href":"https:\/\/www.europesays.com\/pl\/wp-json\/wp\/v2\/types\/post"}],"author":[{"embeddable":true,"href":"https:\/\/www.europesays.com\/pl\/wp-json\/wp\/v2\/users\/2"}],"replies":[{"embeddable":true,"href":"https:\/\/www.europesays.com\/pl\/wp-json\/wp\/v2\/comments?post=664608"}],"version-history":[{"count":0,"href":"https:\/\/www.europesays.com\/pl\/wp-json\/wp\/v2\/posts\/664608\/revisions"}],"wp:featuredmedia":[{"embeddable":true,"href":"https:\/\/www.europesays.com\/pl\/wp-json\/wp\/v2\/media\/664609"}],"wp:attachment":[{"href":"https:\/\/www.europesays.com\/pl\/wp-json\/wp\/v2\/media?parent=664608"}],"wp:term":[{"taxonomy":"category","embeddable":true,"href":"https:\/\/www.europesays.com\/pl\/wp-json\/wp\/v2\/categories?post=664608"},{"taxonomy":"post_tag","embeddable":true,"href":"https:\/\/www.europesays.com\/pl\/wp-json\/wp\/v2\/tags?post=664608"}],"curies":[{"name":"wp","href":"https:\/\/api.w.org\/{rel}","templated":true}]}}