{"id":664610,"date":"2026-09-03T11:06:15","date_gmt":"2026-09-03T11:06:15","guid":{"rendered":"https:\/\/www.europesays.com\/pl\/664610\/"},"modified":"2026-09-03T11:06:15","modified_gmt":"2026-09-03T11:06:15","slug":"warszawa-jedna-chwila-wystarczyla-kobieta-stracila-cenna-bizuterie","status":"publish","type":"post","link":"https:\/\/www.europesays.com\/pl\/664610\/","title":{"rendered":"Warszawa: Jedna chwila wystarczy\u0142a. Kobieta straci\u0142a cenn\u0105 bi\u017cuteri\u0119"},"content":{"rendered":"<p><a href=\"https:\/\/tustolica.pl\/\" class=\"wp-image-container\" rel=\"nofollow noopener\" target=\"_blank\"><img decoding=\"async\" src=\"https:\/\/www.europesays.com\/pl\/wp-content\/uploads\/2026\/09\/1788433574_267_OTFhYThmYDUnCi9nRxZtIGRSez0BT2N2M0pjdkcOYGV2WCFgWEIpPSoNKzEYAmEzNB0pNR8dYSQqRzgkAUI5ZWkMMCcYAS4taQ00.png\" alt=\"\"\/><\/a>Tre\u015b\u0107 pochodzi od naszego partnera i zosta\u0142a opublikowana w ramach programu\u00a0 <a href=\"https:\/\/kreator.wp.pl\" class=\"wp-creator-link\" rel=\"nofollow noopener\" target=\"_blank\">WP Kreator<\/a> <\/p>\n<p>Okradziona kobieta wybieg\u0142a za m\u0119\u017cczyzn\u0105, jednak nie zdo\u0142a\u0142a go dogoni\u0107. Na miejsce wezwa\u0142a policj\u0119, a\u00a0funkcjonariusze po zebraniu informacji rozpocz\u0119li poszukiwania sprawcy. Jego rysopis przekazano innym patrolom, natomiast kobieta z\u0142o\u017cy\u0142a w\u00a0komendzie zawiadomienie i\u00a0wyceni\u0142a utracon\u0105 bi\u017cuteri\u0119 na 5\u00a0tysi\u0119cy z\u0142otych.<\/p>\n<p>&#8211; Policjanci od razu rozpocz\u0119li dzia\u0142ania zmierzaj\u0105ce do ustalenia i\u00a0zatrzymania sprawcy. Analiza przebiegu zdarzenia przeprowadzona przez kryminalnych doprowadzi\u0142a funkcjonariuszy do 41-letniego mieszka\u0144ca Pragi P\u00f3\u0142noc &#8211; informuje nadkom. Paulina Onyszko.<\/p>\n<p>Policjanci ustalili, \u017ce to nie by\u0142a pierwsza kradzie\u017c<\/p>\n<p>Dalsze czynno\u015bci prowadzili kryminalni z\u00a0p\u00f3\u0142nocnopraskiej komendy zajmuj\u0105cy si\u0119 zwalczaniem przest\u0119pczo\u015bci przeciwko mieniu. Funkcjonariusze dok\u0142adnie przeanalizowali przebieg zdarzenia i\u00a0zatrzymali 41-letniego mieszka\u0144ca Pragi P\u00f3\u0142noc, kt\u00f3ry w\u00a0przesz\u0142o\u015bci by\u0142 ju\u017c karany i\u00a0by\u0142 poszukiwany.<\/p>\n<p> <img role=\"presentation\" class=\"absolute left-1\/2 top-1\/2 max-h-[80%] max-w-[100px] -translate-x-1\/2 -translate-y-1\/2\" src=\"https:\/\/v.wpimg.pl\/ZXJfd3AudTkrBBIAbg54LGhcRlAxHQUrPgJGH2MAeGJoSQ1eIBI_K2UHAEVuBTY5KQMMXC0RPyoVERQdMgM9ejc\" loading=\"lazy\" decoding=\"async\"\/> <\/p>\n<p>W\u00a0trakcie gromadzenia materia\u0142u dowodowego funkcjonariusze Wydzia\u0142u Dochodzeniowo-\u015aledczego udowodnili m\u0119\u017cczy\u017anie jeszcze jedn\u0105 podobn\u0105 kradzie\u017c. Dosz\u0142o do niej na pocz\u0105tku sierpnia tego roku na Targ\u00f3wku, w\u00a0autobusie miejskim. Wtedy \u0142upem 41-latka pad\u0142 \u0142a\u0144cuszek o\u00a0warto\u015bci 20\u00a0tysi\u0119cy z\u0142otych.<\/p>\n<p>&#8211; Zebrany materia\u0142 dowodowy pozwoli\u0142 na przedstawienie zatrzymanemu zarzut\u00f3w dotycz\u0105cych obu kradzie\u017cy. W\u00a0obu przypadkach chodzi\u0142o o\u00a0\u0142a\u0144cuszki nale\u017c\u0105ce do kobiet podr\u00f3\u017cuj\u0105cych komunikacj\u0105 miejsk\u0105 &#8211; podkre\u015bla nadkom. Paulina Onyszko.<\/p>\n<p>41-latek najbli\u017csze trzy miesi\u0105ce sp\u0119dzi w areszcie<\/p>\n<p>Dochodzeniowcy przedstawili m\u0119\u017cczy\u017anie zarzuty w\u00a0obu sprawach. Za przest\u0119pstwo kradzie\u017cy zuchwa\u0142ej grozi mu kara do 8\u00a0lat pozbawienia wolno\u015bci.<\/p>\n<p> <img role=\"presentation\" class=\"absolute left-1\/2 top-1\/2 max-h-[80%] max-w-[100px] -translate-x-1\/2 -translate-y-1\/2\" src=\"https:\/\/v.wpimg.pl\/ZXJfd3AudTkrBBIAbg54LGhcRlAxHQUrPgJGH2MAeGJoSQ1eIBI_K2UHAEVuBTY5KQMMXC0RPyoVERQdMgM9ejc\" loading=\"lazy\" decoding=\"async\"\/> <\/p>\n<p>Prokurator nadzoruj\u0105cy post\u0119powanie skierowa\u0142 do s\u0105du wniosek o\u00a0tymczasowe aresztowanie 41-latka na trzy miesi\u0105ce. S\u0105d uwzgl\u0119dni\u0142 ten wniosek, dlatego m\u0119\u017cczyzna b\u0119dzie oczekiwa\u0142 na proces w\u00a0areszcie.<\/p>\n<p>&#8211; S\u0105d zdecydowa\u0142 o\u00a0zastosowaniu wobec podejrzanego tymczasowego aresztowania na trzy miesi\u0105ce. M\u0119\u017cczyzna b\u0119dzie w\u00a0tym czasie oczekiwa\u0142 na proces &#8211; relacjonuje nadkom. Paulina Onyszko.<\/p>\n","protected":false},"excerpt":{"rendered":"Tre\u015b\u0107 pochodzi od naszego partnera i zosta\u0142a opublikowana w ramach programu\u00a0 WP Kreator Okradziona kobieta wybieg\u0142a za m\u0119\u017cczyzn\u0105,&hellip;\n","protected":false},"author":2,"featured_media":664611,"comment_status":"","ping_status":"","sticky":false,"template":"","format":"standard","meta":{"footnotes":"","_share_on_mastodon":"0"},"categories":[51605],"tags":[42,38,40,39,41,435],"class_list":["post-664610","post","type-post","status-publish","format-standard","has-post-thumbnail","category-warszawa","tag-pl","tag-poland","tag-polish","tag-polska","tag-polski","tag-warszawa"],"share_on_mastodon":{"url":"https:\/\/pubeurope.com\/@pl\/117206791257299452","error":""},"_links":{"self":[{"href":"https:\/\/www.europesays.com\/pl\/wp-json\/wp\/v2\/posts\/664610","targetHints":{"allow":["GET"]}}],"collection":[{"href":"https:\/\/www.europesays.com\/pl\/wp-json\/wp\/v2\/posts"}],"about":[{"href":"https:\/\/www.europesays.com\/pl\/wp-json\/wp\/v2\/types\/post"}],"author":[{"embeddable":true,"href":"https:\/\/www.europesays.com\/pl\/wp-json\/wp\/v2\/users\/2"}],"replies":[{"embeddable":true,"href":"https:\/\/www.europesays.com\/pl\/wp-json\/wp\/v2\/comments?post=664610"}],"version-history":[{"count":0,"href":"https:\/\/www.europesays.com\/pl\/wp-json\/wp\/v2\/posts\/664610\/revisions"}],"wp:featuredmedia":[{"embeddable":true,"href":"https:\/\/www.europesays.com\/pl\/wp-json\/wp\/v2\/media\/664611"}],"wp:attachment":[{"href":"https:\/\/www.europesays.com\/pl\/wp-json\/wp\/v2\/media?parent=664610"}],"wp:term":[{"taxonomy":"category","embeddable":true,"href":"https:\/\/www.europesays.com\/pl\/wp-json\/wp\/v2\/categories?post=664610"},{"taxonomy":"post_tag","embeddable":true,"href":"https:\/\/www.europesays.com\/pl\/wp-json\/wp\/v2\/tags?post=664610"}],"curies":[{"name":"wp","href":"https:\/\/api.w.org\/{rel}","templated":true}]}}