{"id":664614,"date":"2026-09-03T11:08:10","date_gmt":"2026-09-03T11:08:10","guid":{"rendered":"https:\/\/www.europesays.com\/pl\/664614\/"},"modified":"2026-09-03T11:08:10","modified_gmt":"2026-09-03T11:08:10","slug":"zaginiecie-witolda-plociennika-policja-zabiega-glos-w-sprawie-poszukiwan","status":"publish","type":"post","link":"https:\/\/www.europesays.com\/pl\/664614\/","title":{"rendered":"Zagini\u0119cie Witolda P\u0142\u00f3ciennika. Policja zabiega g\u0142os w sprawie poszukiwa\u0144"},"content":{"rendered":"<p><a href=\"https:\/\/kultura.onet.pl\/film\/wiadomosci\/zaginal-ceniony-operator-filmowy-witold-plociennik-policja-apeluje-o-pomoc\/r502l9c\" id=\"692d0e80-3895-40e1-8f7c-6c427df56912\" rel=\"nofollow noopener\" target=\"_blank\">Witold P\u0142\u00f3ciennik zagin\u0105\u0142 29 sierpnia 2026 r. w Lubniewicach<\/a>. Od tego czasu s\u0142u\u017cby intensywnie poszukuj\u0105 cenionego operatora filmowego, kt\u00f3ry w tamtym czasie rozpoczyna\u0142 prac\u0119 przy produkcji Netfliksa. Ostatni raz by\u0142 widziany nad jeziorem Lubi\u0105\u017c.1 wrze\u015bnia sier\u017c. Martyna Litka, oficer prasowa Komendy Powiatowej Policji w Sul\u0119cinie, <a href=\"https:\/\/www.onet.pl\/kultura\/onetkultura\/zaginal-witold-plociennik-policja-przekazala-nowe-informacje-o-poszukiwaniach\/5rt4v5w,681c1dfa\" id=\"fc3e092e-bd84-47c5-95cc-c23eb56c76bb\" rel=\"nofollow noopener\" target=\"_blank\">w rozmowie z Onetem<\/a> m\u00f3wi\u0142a, \u017ce s\u0142u\u017cby sprawdzaj\u0105 ka\u017cde zg\u0142oszenie w tej sprawie. \u2014 Przez ca\u0142y okres poszukiwa\u0144 korzystamy ze specjalnej aplikacji, kt\u00f3ra pozwala nam na dok\u0142adne weryfikowanie fragment po fragmencie ka\u017cdego miejsca terenu \u2014 m\u00f3wi\u0142a.<a href=\"https:\/\/www.onet.pl\/\" title=\"Strona G\u0142\u00f3wna\" aria-label=\"Strona G\u0142\u00f3wna\" data-astro-prefetch=\"tap\" class=\"ods-a-logo-main-desktop\" rel=\"nofollow noopener\" target=\"_blank\"><img src=\"https:\/\/cdn.plejada.pl\/img\/Logo_desktop_Onet.svg\" class=\"ods-a-logo-main-desktop__image\" alt=\"Logo\" width=\"107\" height=\"60\" fetchpriority=\"high\" decoding=\"sync\" style=\"height:60px\"\/><\/a><\/p>\n<p class=\"ods-m-google-article__text\">Czytaj nas cz\u0119\u015bciej w Google<\/p>\n<p><a href=\"https:\/\/google.com\/preferences\/source?q=plejada.pl\" target=\"_blank\" rel=\"noopener noreferrer nofollow\" aria-label=\"Dodaj w Google\" title=\"Dodaj w Google\" class=\"ods-a-button ods-a-button__primary ods-a-button__default ods-a-button-l\">Dodaj w Google<\/a>Dalszy ci\u0105g artyku\u0142u pod materia\u0142em wideoNowe informacje w sprawie zagini\u0119cia Witolda P\u0142\u00f3ciennika. Policja zabiera g\u0142os <\/p>\n<p>W najnowszej rozmowie z Plejad\u0105 oficer prasowa przekazuje najnowsze wie\u015bci.<\/p>\n<blockquote class=\"ods-o-quote\">\n<p class=\"ods-o-quote__paragraph\">Dzi\u015b rozpocz\u0105\u0142 si\u0119 czwarty dzie\u0144 poszukiwa\u0144 za zaginionym 56-letnim m\u0119\u017cczyzn\u0105. Dzi\u015b do naszych dzia\u0142a\u0144 w\u0142\u0105czyli si\u0119 maksymaln\u0105 ilo\u015bci\u0105 os\u00f3b le\u015bniczowie z pobliskich nadle\u015bnictw. Ich udzia\u0142 w poszukiwaniach od pocz\u0105tku mia\u0142 du\u017ce znaczenie, poniewa\u017c s\u0105 to osoby dobrze znaj\u0105ce tereny le\u015bne, gdzie dokonywane s\u0105 sprawdzenia<\/p>\n<\/blockquote>\n<p>\u2014 Na chwil\u0119 obecn\u0105 uda\u0142o nam si\u0119 skontrolowa\u0107 1040 hektar\u00f3w powierzchni le\u015bnej i przybrze\u017cnej pieszo, jeziora Lubi\u0105\u017c i Lubniewsko oraz pobliskie mniejsze zbiorniki wodne. Poszukiwania ca\u0142y czas trwaj\u0105 a zaanga\u017cowanie s\u0142u\u017cb i ochotnik\u00f3w nie maleje \u2014 informuje sier\u017c. Martyna Litka.<\/p>\n<p><img class=\"ods-a-photo ods-a-photo--background\" src=\"https:\/\/www.europesays.com\/pl\/wp-content\/uploads\/2026\/09\/ELVk9lBaHR0cHM6Ly9vY2RuLmV1L3B1bHNjbXMvTURBXy85ZThmYmYwMzIzODhmOWY4NmYxMWI1MTFlY2VjYWNmMS5wbmeRlQLNA.jpeg\" height=\"253\" width=\"450\" alt=\"Poszukiwania Iwony Wieczorek w Sopocie\" loading=\"lazy\" fetchpriority=\"low\" decoding=\"async\"\/><\/p>\n<p>W \u015brod\u0119, 2 wrze\u015bnia, Lubuska Policja opublikowa\u0142a wpis ze szczeg\u00f3\u0142ami poszukiwa\u0144. &#8222;Policjanci z powiatu sul\u0119ci\u0144skiego od chwili przyj\u0119cia zawiadomienia o zagini\u0119ciu, nie przestaj\u0105 szuka\u0107 56-latka, a w dzia\u0142aniach wspierani s\u0105 przez funkcjonariuszy z innych jednostek, przedstawicieli r\u00f3\u017cnych s\u0142u\u017cb i grup ratowniczo-poszukiwawczych, a tak\u017ce mieszka\u0144c\u00f3w&#8221; \u2014 czytamy.<\/p>\n<blockquote class=\"ods-o-quote\">\n<p class=\"ods-o-quote__paragraph\">Dzi\u0119ki wykorzystaniu \u015bmig\u0142owca, \u0142odzi oraz radiowoz\u00f3w i quad\u00f3w mog\u0105 prowadzi\u0107 poszukiwania z powietrza, wody i l\u0105du. Pomocna jest tak\u017ce nowoczesna technologia taka jak drony z termowizj\u0105, sonary czy urz\u0105dzenia pozwalaj\u0105ce dok\u0142adnie sprawdza\u0107 teren<\/p>\n<\/blockquote>\n<p>&#8222;Wa\u017cnym elementem prowadzonych dzia\u0142a\u0144 jest r\u00f3wnie\u017c praca psa s\u0142u\u017cbowego wyszkolonego do poszukiwania os\u00f3b. Jego mo\u017cliwo\u015bci s\u0105 wykorzystywane do sprawdzania miejsc i wyznaczania kierunk\u00f3w dalszych poszukiwa\u0144&#8221; \u2014 przekaza\u0142y s\u0142u\u017cby. W tym samym po\u015bcie funkcjonariusze przypominaj\u0105 informacje na temat Witolda P\u0142\u00f3ciennika.<\/p>\n<blockquote class=\"ods-o-quote\">\n<p class=\"ods-o-quote__paragraph\">Oko\u0142o 185 cm wzrostu, \u0142ysy, z siw\u0105 brod\u0105, o kr\u0119pej sylwetce. W chwili zagini\u0119cia mia\u0142 przy sobie plecak koloru ciemnozielonego. Ubrany by\u0142 w kr\u00f3tkie spodenki oraz d\u0142ugie, ciemne skarpetki we wzorki<\/p>\n<\/blockquote>\n<p>\u2014 napisali.<\/p>\n<p>Dzi\u0119kujemy, \u017ce przeczyta\u0142a\u015b\/e\u015b nasz artyku\u0142 do ko\u0144ca. W serwisie Plejada.pl ka\u017cdego dnia piszemy o najwa\u017cniejszych wydarzeniach show-biznesowych. B\u0105d\u017a na bie\u017c\u0105co!<a rel=\"nofollow noopener\" href=\"https:\/\/profile.google.com\/cp\/Cg0vZy8xMWJ6X19wdHBx\" id=\"e48032e6-7eb9-4ed8-b496-c2edfe3baa41\" target=\"_blank\"> Obserwuj<\/a> Plejad\u0119 w Google. Odwied\u017a nas tak\u017ce na<a rel=\"nofollow noopener\" href=\"https:\/\/www.facebook.com\/plejadapl\" id=\"a1582de6-6fb8-43b2-83e5-97cc481e034c\" target=\"_blank\"> Facebooku<\/a>,<a rel=\"nofollow noopener\" href=\"https:\/\/www.instagram.com\/plejadapl\/\" id=\"4060d4e7-03e6-423c-bf8b-5b7d03b17ebc\" target=\"_blank\"> Instagramie<\/a>,<a rel=\"nofollow noopener\" href=\"https:\/\/www.youtube.com\/c\/plejada\" id=\"8891f684-65be-4f83-a2a6-f17623dc1866\" target=\"_blank\"> YouTubie<\/a> oraz<a rel=\"nofollow noopener\" href=\"https:\/\/www.tiktok.com\/@plejada_pl\" id=\"0568b48c-0b70-4da9-bccd-cc21f4e4726f\" target=\"_blank\"> TikToku<\/a>.Chcesz podzieli\u0107 si\u0119 ciekawym newsem lub zaproponowa\u0107 temat? Skontaktuj si\u0119 z nami, pisz\u0105c maila na adres: <a rel=\"nofollow noopener\" href=\"https:\/\/plejada.pl\/newsy\/zaginiecie-witolda-plociennika-policja-zabiega-glos-w-sprawie-poszukiwan\/mailto:plejada@redakcjaonet.pl\" id=\"79a9b704-664f-46d5-9bdb-2dc0347abbed\" target=\"_blank\">plejada@redakcjaonet.pl<\/a>.<script async src=\"\/\/www.instagram.com\/embed.js\"><\/script><script async src=\"\/\/www.tiktok.com\/embed.js\"><\/script><\/p>\n","protected":false},"excerpt":{"rendered":"Witold P\u0142\u00f3ciennik zagin\u0105\u0142 29 sierpnia 2026 r. w Lubniewicach. Od tego czasu s\u0142u\u017cby intensywnie poszukuj\u0105 cenionego operatora filmowego,&hellip;\n","protected":false},"author":2,"featured_media":664615,"comment_status":"","ping_status":"","sticky":false,"template":"","format":"standard","meta":{"footnotes":"","_share_on_mastodon":"0"},"categories":[22],"tags":[61195,122,816,48,125,46,42,38,414,40,39,41,123,47,338],"class_list":["post-664614","post","type-post","status-publish","format-standard","has-post-thumbnail","category-rozrywka","tag-bottomfeed_styl","tag-entertainment","tag-film","tag-nat_styl","tag-newsy","tag-omp","tag-pl","tag-poland","tag-policja","tag-polish","tag-polska","tag-polski","tag-rozrywka","tag-screening_general","tag-tylko_w_plejadzie"],"share_on_mastodon":{"url":"https:\/\/pubeurope.com\/@pl\/117206799048000509","error":""},"_links":{"self":[{"href":"https:\/\/www.europesays.com\/pl\/wp-json\/wp\/v2\/posts\/664614","targetHints":{"allow":["GET"]}}],"collection":[{"href":"https:\/\/www.europesays.com\/pl\/wp-json\/wp\/v2\/posts"}],"about":[{"href":"https:\/\/www.europesays.com\/pl\/wp-json\/wp\/v2\/types\/post"}],"author":[{"embeddable":true,"href":"https:\/\/www.europesays.com\/pl\/wp-json\/wp\/v2\/users\/2"}],"replies":[{"embeddable":true,"href":"https:\/\/www.europesays.com\/pl\/wp-json\/wp\/v2\/comments?post=664614"}],"version-history":[{"count":0,"href":"https:\/\/www.europesays.com\/pl\/wp-json\/wp\/v2\/posts\/664614\/revisions"}],"wp:featuredmedia":[{"embeddable":true,"href":"https:\/\/www.europesays.com\/pl\/wp-json\/wp\/v2\/media\/664615"}],"wp:attachment":[{"href":"https:\/\/www.europesays.com\/pl\/wp-json\/wp\/v2\/media?parent=664614"}],"wp:term":[{"taxonomy":"category","embeddable":true,"href":"https:\/\/www.europesays.com\/pl\/wp-json\/wp\/v2\/categories?post=664614"},{"taxonomy":"post_tag","embeddable":true,"href":"https:\/\/www.europesays.com\/pl\/wp-json\/wp\/v2\/tags?post=664614"}],"curies":[{"name":"wp","href":"https:\/\/api.w.org\/{rel}","templated":true}]}}