{"id":664622,"date":"2026-09-03T11:12:21","date_gmt":"2026-09-03T11:12:21","guid":{"rendered":"https:\/\/www.europesays.com\/pl\/664622\/"},"modified":"2026-09-03T11:12:21","modified_gmt":"2026-09-03T11:12:21","slug":"sciana-deszczu-pogoda-zapowiada-sie-fatalnie","status":"publish","type":"post","link":"https:\/\/www.europesays.com\/pl\/664622\/","title":{"rendered":"\u015aciana deszczu. Pogoda zapowiada si\u0119 fatalnie"},"content":{"rendered":"<p><a href=\"https:\/\/www.google.com\/preferences\/source?q=wiadomosci.wp.pl\" target=\"_blank\" rel=\"nofollow noopener\" class=\"preferred-source-banner\" id=\"preferred-source-banner\" data-vab-box=\"preferred_source_banner\"><\/p>\n<p class=\"preferred-source-banner-title\">Dodaj WP Wiadomo\u015bci jako preferowane \u017ar\u00f3d\u0142o w Google<\/p>\n<p class=\"preferred-source-banner-subtitle\">Nasze tre\u015bci b\u0119d\u0105 cz\u0119\u015bciej wy\u015bwietla\u0107 si\u0119 w Twoich wynikach Google<\/p>\n<p><\/a> <\/p>\n<p>Sprawd\u017a prognoz\u0119 pogody dla swojego regionu na<a href=\"https:\/\/pogoda.wp.pl\/\" rel=\"noopener noreferrer nofollow\" target=\"_blank\"> POGODA.WP.PL<\/a><\/p>\n<p>Prognoza pogody: Mokry pi\u0105tek na Pomorzu i Warmii<\/p>\n<p>Wkraczaj\u0105cy nad Polsk\u0119 front zwiastuje gwa\u0142town\u0105 zmian\u0119 aury, kt\u00f3r\u0105 jako pierwsi odczuj\u0105 mieszka\u0144cy p\u00f3\u0142nocnych wojew\u00f3dztw. Wed\u0142ug najnowszych wylicze\u0144 IMGW ju\u017c w\u00a0pi\u0105tek, 4\u00a0wrze\u015bnia, nadci\u0105gn\u0105 g\u0119ste chmury nios\u0105ce ci\u0105g\u0142e opady deszczu. Uk\u0142ad niskiego ci\u015bnienia zaci\u0105gnie nad ten region ch\u0142odniejsze i\u00a0bardzo wilgotne powietrze z\u00a0p\u00f3\u0142nocnego zachodu. Wzd\u0142u\u017c wybrze\u017ca, od \u015awinouj\u015bcia i\u00a0Szczecina, gdzie spadnie oko\u0142o 8,6 mm wody, deszczowa strefa b\u0119dzie przybiera\u0107 na sile w\u00a0kierunku wschodnim. W\u00a0rejonie Ko\u0142obrzegu, Koszalina i\u00a0Dar\u0142owa sumy opad\u00f3w wynios\u0105 a\u017c 17\u00a0mm.<\/p>\n<p>Deszcz nie ominie r\u00f3wnie\u017c Tr\u00f3jmiasta, cho\u0107 tam sytuacja b\u0119dzie nieco spokojniejsza. W\u00a0okolicach Gda\u0144ska, Sopotu i\u00a0Gdyni spadnie oko\u0142o 8,2 mm wody. Prawdziwa kumulacja wilgoci nast\u0105pi jednak na wsch\u00f3d od Wis\u0142y. Na Warmii i\u00a0Mazurach, w\u00a0okolicach Elbl\u0105ga, Olsztyna i\u00a0Lidzbarka Warmi\u0144skiego, mapa wskazuje na bardzo obfite opady rz\u0119du 18\u00a0mm. Strefa ta si\u0119gnie a\u017c po Suwalszczyzn\u0119, gdzie w\u00a0rejonie Suwa\u0142k odnotujemy 11\u00a0mm. Ci\u0105g\u0142e opady sprawi\u0105, \u017ce nawierzchnie b\u0119d\u0105 \u015bliskie, a\u00a0widzialno\u015b\u0107 znacznie ograniczona, co stworzy trudne warunki na drogach ca\u0142ego pasa p\u00f3\u0142nocnego.<\/p>\n<p> <img role=\"presentation\" class=\"absolute left-1\/2 top-1\/2 max-h-[80%] max-w-[100px] -translate-x-1\/2 -translate-y-1\/2\" src=\"https:\/\/v.wpimg.pl\/ZXJfd3AudTkrBBIAbg54LGhcRlAxHQUrPgJGH2MAeGJoSQ1eIBI_K2UHAEVuBTY5KQMMXC0RPyoVERQdMgM9ejc\" loading=\"lazy\" decoding=\"async\"\/><\/p>\n<p>Alert pogodowy i ostrze\u017cenia IMGW. Apogeum opad\u00f3w w sobot\u0119 <\/p>\n<p>Prawdziwe za\u0142amanie pogody i\u00a0uderzenie deszczu na wybrze\u017cu nast\u0105pi w\u00a0sobot\u0119, 5\u00a0wrze\u015bnia. Dane z\u00a0map opadowych wskazuj\u0105, \u017ce strefa najsilniejszych opad\u00f3w zaw\u0119zi si\u0119, ale drastycznie zyska na intensywno\u015bci, kumuluj\u0105c si\u0119 w\u00a0rejonie Pomorza \u015arodkowego. To w\u0142a\u015bnie wtedy w\u00a0rejonie \u0141eby, Ustki, S\u0142upska i\u00a0Koszalina ulewy przybior\u0105 na sile. W\u00a0tym przymorskim epicentrum model ECMWF prognozuje spadki rz\u0119du zawrotnych 22\u00a0mm. Tak intensywne zjawiska mog\u0105 prowadzi\u0107 do lokalnych podtopie\u0144 i\u00a0utrudnie\u0144 komunikacyjnych.<\/p>\n<p> <a href=\"https:\/\/wiadomosci.wp.pl\/popisy-21-latka-kosztowaly-go-5000-zl-stracil-tez-prawo-jazdy-7325379301540417v\" class=\"teaser-inline\" rel=\"nofollow noopener\" target=\"_blank\">  <img decoding=\"async\" src=\"https:\/\/www.europesays.com\/pl\/wp-content\/uploads\/2026\/09\/cmV2Yi5qTAw3UC9aGgpBGXQIewBcU09PIxBjSxpAUVVmSnYeRQUVQyFCMQpRH00OOl0sDRpCUl1lAGxYGEFVHSRXLwsbGxMKdE8.jpeg\" loading=\"lazy\" class=\"wp-media-image cropped\" alt=\"Popisy 21-latka kosztowa\u0142y go 5000 z\u0142. Straci\u0142 te\u017c prawo jazdy\"\/><\/p>\n<p>Popisy 21-latka kosztowa\u0142y go 5000 z\u0142. Straci\u0142 te\u017c prawo jazdy<\/p>\n<p><\/a> <\/p>\n<p>Zdecydowana ulga czeka natomiast mieszka\u0144c\u00f3w Zatoki Gda\u0144skiej i\u00a0Kaszub. W\u00a0okolicach Gda\u0144ska opady zmalej\u0105 w\u00a0sobot\u0119 do 4,5 mm. S\u0142abiej popada r\u00f3wnie\u017c na zachodnich kra\u0144cach &#8211; w\u00a0rejonie Szczecina i\u00a0\u015awinouj\u015bcia spadnie 5,4 mm wody. Id\u0105c dalej na wsch\u00f3d, w\u00a0rejonie Warmii (Olsztyn) deszcz ust\u0105pi miejsca s\u0142abszym m\u017cawkom rz\u0119du 8,7 mm, a\u00a0na Suwalszczy\u017anie i\u00a0Podlasiu popada ju\u017c tylko symbolicznie, zostawiaj\u0105c od 2,7 do 4,0 mm wody.<\/p>\n<p> <img role=\"presentation\" class=\"absolute left-1\/2 top-1\/2 max-h-[80%] max-w-[100px] -translate-x-1\/2 -translate-y-1\/2\" src=\"https:\/\/v.wpimg.pl\/ZXJfd3AudTkrBBIAbg54LGhcRlAxHQUrPgJGH2MAeGJoSQ1eIBI_K2UHAEVuBTY5KQMMXC0RPyoVERQdMgM9ejc\" loading=\"lazy\" decoding=\"async\"\/> <a href=\"https:\/\/wiadomosci.wp.pl\/jest-nagranie-skandalicznego-starcia-w-kijowie-media-ujawniaja-kulisy-7325365402556512a\" class=\"teaser-inline\" rel=\"nofollow noopener\" target=\"_blank\">  <img decoding=\"async\" src=\"https:\/\/www.europesays.com\/pl\/wp-content\/uploads\/2026\/09\/ZjQ1NzQ3dQswUzhJfkh4HnMLbBM4EXZIJBN0WH4CaFJhSWEcOF8_GDRBIVQ2QS8aMEY-VCFfdQshWGEMYBw-AyJBIhsoHD8HM1Qq.jpeg\" loading=\"lazy\" class=\"wp-media-image cropped\" alt=\"Jest nagranie skandalicznego starcia w Kijowie. Media ujawniaj\u0105 kulisy\"\/><\/p>\n<p>Jest nagranie skandalicznego starcia w Kijowie. Media ujawniaj\u0105 kulisy<\/p>\n<p><\/a><\/p>\n<p>Pogoda na weekend: Jak front podzieli reszt\u0119 kraju?<\/p>\n<p>Gdy p\u00f3\u0142noc kraju b\u0119dzie zmaga\u0107 si\u0119 z\u00a0jesienn\u0105 pluch\u0105, front atmosferyczny w\u00a0pi\u0105tek i\u00a0sobot\u0119 zaznaczy swoj\u0105 obecno\u015b\u0107 r\u00f3wnie\u017c w\u00a0innych cz\u0119\u015bciach Polski, tworz\u0105c mozaik\u0119 pogodow\u0105. W\u00a0pi\u0105tek ulewy dotr\u0105 na po\u0142udniowy zach\u00f3d. Na Dolnym \u015al\u0105sku i\u00a0Opolszczy\u017anie, w\u00a0rejonie Wroc\u0142awia, Legnicy i\u00a0Opola, spadnie od 7,1 do nawet 13\u00a0mm deszczu. W\u00a0tym samym czasie po\u0142udniowo-wschodnia Polska \u2013 od Krakowa, przez Rzesz\u00f3w, a\u017c po Przemy\u015bl \u2013 pozostanie niemal ca\u0142kowicie sucha, z\u00a0symbolicznymi opadami rz\u0119du 0,2-0,9 mm.<\/p>\n<p>     <img decoding=\"async\" src=\"https:\/\/www.europesays.com\/pl\/wp-content\/uploads\/2026\/09\/YjBmNzM1dgsjDzhJYkp7HmBXbBMkE3VIN090WGJSdltzWnwCewVrRSQEIh8_VCkFbAo8Dz1QLhpsHSJVLEEwRTRcYR4kQikGIxRh.jpeg\" width=\"1172\" height=\"642\" loading=\"lazy\" class=\"wp-media-image\" alt=\"Pogoda\" data-lightbox=\"true\" data-source=\"\u00a9 IMGW\" data-caption=\"Pogoda\"\/>Pogoda \u00a9 IMGW <img role=\"presentation\" class=\"absolute left-1\/2 top-1\/2 max-h-[80%] max-w-[100px] -translate-x-1\/2 -translate-y-1\/2\" src=\"https:\/\/v.wpimg.pl\/ZXJfd3AudTkrBBIAbg54LGhcRlAxHQUrPgJGH2MAeGJoSQ1eIBI_K2UHAEVuBTY5KQMMXC0RPyoVERQdMgM9ejc\" loading=\"lazy\" decoding=\"async\"\/> <\/p>\n<p>W\u00a0sobot\u0119 strefa opad\u00f3w na po\u0142udniu nieco si\u0119 wyr\u00f3wna. Na \u015al\u0105sku, w\u00a0Ma\u0142opolsce i\u00a0w\u00a0g\u00f3rach (okolice Katowic, Bielska-Bia\u0142ej i\u00a0Zakopanego) spadnie od 5,0 do 6,0 mm deszczu. Podobnych, umiarkowanych warto\u015bci (oko\u0142o 4,8-6,3 mm) mog\u0105 spodziewa\u0107 si\u0119 mieszka\u0144cy centralnej Polski, w\u00a0tym Wielkopolski i\u00a0Ziemi \u0141\u00f3dzkiej.<\/p>\n<p>Ch\u0142odne oblicze deszczu. Temperatura w dzie\u0144 drastycznie spadnie<\/p>\n<p>Rozpatruj\u0105c dynamik\u0119 front\u00f3w opadowych nad Ba\u0142tykiem, nie mo\u017cemy zapomnie\u0107 o\u00a0temperaturach, kt\u00f3re b\u0119d\u0105 im towarzyszy\u0107. Obfite opady deszczu i\u00a0szczelna pokrywa chmur skutecznie odetn\u0105 p\u00f3\u0142noc kraju od s\u0142o\u0144ca. Analizuj\u0105c mapy maksymalnej temperatury powietrza w\u00a0ci\u0105gu dnia, widzimy wyra\u017any wp\u0142yw cyrkulacji frontowej. <\/p>\n<p>W\u00a0pi\u0105tek na wybrze\u017cu odnotujemy zaledwie umiarkowane warto\u015bci: 18\u00a0st. C\u00a0w\u00a0Szczecinie i\u00a0Suwa\u0142kach, 17\u00a0st. C\u00a0w\u00a0Koszalinie oraz 19\u00a0st. C\u00a0w\u00a0Gda\u0144sku. Z\u00a0kolei w\u00a0sobot\u0119, gdy w\u00a0rejonie Pomorza \u015arodkowego uderzy najwi\u0119ksza ulewa, temperatura maksymalna w\u00a0Gda\u0144sku spadnie do 16\u00a0st. C, a\u00a0w\u00a0Koszalinie utrzyma si\u0119 na poziomie 17\u00a0st. C. Jedynie Szczecin, do kt\u00f3rego dotr\u0105 przeja\u015bnienia, odnotuje cieplejsze 20\u00a0st. C\u00a0w\u00a0najcieplejszym momencie dnia.<\/p>\n<p> <img role=\"presentation\" class=\"absolute left-1\/2 top-1\/2 max-h-[80%] max-w-[100px] -translate-x-1\/2 -translate-y-1\/2\" src=\"https:\/\/v.wpimg.pl\/ZXJfd3AudTkrBBIAbg54LGhcRlAxHQUrPgJGH2MAeGJoSQ1eIBI_K2UHAEVuBTY5KQMMXC0RPyoVERQdMgM9ejc\" loading=\"lazy\" decoding=\"async\"\/> <\/p>\n<p>Musimy wyra\u017anie podkre\u015bli\u0107, \u017ce omawiane warto\u015bci dotycz\u0105 wy\u0142\u0105cznie temperatur maksymalnych osi\u0105ganych w\u00a0ci\u0105gu dnia. Mapy modeli numerycznych nie precyzuj\u0105 nocnych minim\u00f3w, jednak zwa\u017cywszy na adwekcj\u0119 ch\u0142odnego i\u00a0wilgotnego powietrza polarno-morskiego, noce z\u00a0pi\u0105tku na sobot\u0119 oraz z\u00a0soboty na niedziel\u0119 b\u0119d\u0105 bez w\u0105tpienia znacznie ch\u0142odniejsze, wymuszaj\u0105c w\u0142\u0105czenie ogrzewania w\u00a0nadmorskich pensjonatach.<\/p>\n","protected":false},"excerpt":{"rendered":"Dodaj WP Wiadomo\u015bci jako preferowane \u017ar\u00f3d\u0142o w Google Nasze tre\u015bci b\u0119d\u0105 cz\u0119\u015bciej wy\u015bwietla\u0107 si\u0119 w Twoich wynikach Google&hellip;\n","protected":false},"author":2,"featured_media":664623,"comment_status":"","ping_status":"","sticky":false,"template":"","format":"standard","meta":{"footnotes":"","_share_on_mastodon":"0"},"categories":[12],"tags":[32,33,36,37,27,34,35,28,31,25,42,38,40,39,41,29,30,26],"class_list":["post-664622","post","type-post","status-publish","format-standard","has-post-thumbnail","category-polska","tag-breaking-news","tag-breakingnews","tag-featured-news","tag-featurednews","tag-headlines","tag-latest-news","tag-latestnews","tag-naglowki","tag-najwazniejsze-artykuly","tag-news","tag-pl","tag-poland","tag-polish","tag-polska","tag-polski","tag-top-stories","tag-topstories","tag-wiadomosci"],"share_on_mastodon":{"url":"https:\/\/pubeurope.com\/@pl\/117206814196122217","error":""},"_links":{"self":[{"href":"https:\/\/www.europesays.com\/pl\/wp-json\/wp\/v2\/posts\/664622","targetHints":{"allow":["GET"]}}],"collection":[{"href":"https:\/\/www.europesays.com\/pl\/wp-json\/wp\/v2\/posts"}],"about":[{"href":"https:\/\/www.europesays.com\/pl\/wp-json\/wp\/v2\/types\/post"}],"author":[{"embeddable":true,"href":"https:\/\/www.europesays.com\/pl\/wp-json\/wp\/v2\/users\/2"}],"replies":[{"embeddable":true,"href":"https:\/\/www.europesays.com\/pl\/wp-json\/wp\/v2\/comments?post=664622"}],"version-history":[{"count":0,"href":"https:\/\/www.europesays.com\/pl\/wp-json\/wp\/v2\/posts\/664622\/revisions"}],"wp:featuredmedia":[{"embeddable":true,"href":"https:\/\/www.europesays.com\/pl\/wp-json\/wp\/v2\/media\/664623"}],"wp:attachment":[{"href":"https:\/\/www.europesays.com\/pl\/wp-json\/wp\/v2\/media?parent=664622"}],"wp:term":[{"taxonomy":"category","embeddable":true,"href":"https:\/\/www.europesays.com\/pl\/wp-json\/wp\/v2\/categories?post=664622"},{"taxonomy":"post_tag","embeddable":true,"href":"https:\/\/www.europesays.com\/pl\/wp-json\/wp\/v2\/tags?post=664622"}],"curies":[{"name":"wp","href":"https:\/\/api.w.org\/{rel}","templated":true}]}}