{"id":664632,"date":"2026-09-03T11:22:12","date_gmt":"2026-09-03T11:22:12","guid":{"rendered":"https:\/\/www.europesays.com\/pl\/664632\/"},"modified":"2026-09-03T11:22:12","modified_gmt":"2026-09-03T11:22:12","slug":"bialystok-prokuratura-chce-kary-w-zawieszeniu-dla-kierowcy-karetki-za-potracenie-na-przejsciu","status":"publish","type":"post","link":"https:\/\/www.europesays.com\/pl\/664632\/","title":{"rendered":"Bia\u0142ystok: Prokuratura chce kary w zawieszeniu dla kierowcy karetki za potr\u0105cenie na przej\u015bciu"},"content":{"rendered":"<p>\n\t\t\tP\u00f3\u0142 roku wi\u0119zienia w zawieszeniu chce prokuratura w procesie kierowcy karetki, oskar\u017conego o potr\u0105cenie na przej\u015bciu dla pieszych w Bia\u0142ymstoku 10-letniego ch\u0142opca. Karetka jecha\u0142a na sygnale, dziecko wysz\u0142o zza ci\u0119\u017car\u00f3wki, kt\u00f3ra zatrzyma\u0142a si\u0119 na s\u0105siednim pasie jezdni.\n\t\t<\/p>\n<p>Ch\u0142opiec trafi\u0142 do szpitala; ostatecznie jego obra\u017cenia nie okaza\u0142y si\u0119 a\u017c tak powa\u017cne, jak pocz\u0105tkowo to wygl\u0105da\u0142o.<\/p>\n<p>W czwartek bia\u0142ostocki s\u0105d rejonowy dodatkowo przes\u0142ucha\u0142 bieg\u0142ych, oddali\u0142 wniosek prokuratury o kolejn\u0105 opini\u0119 z zakresu badania wypadk\u00f3w drogowych i zamkn\u0105\u0142 przew\u00f3d s\u0105dowy.<\/p>\n<p>Prokuratura chce kary p\u00f3\u0142 roku wi\u0119zienia w zawieszeniu na dwa lata. Obrona &#8211; bior\u0105c pod uwag\u0119 okoliczno\u015bci wypadku, postaw\u0119 oskar\u017conego i jego wcze\u015bniejsz\u0105 niekaralno\u015b\u0107 &#8211; wnioskuje o warunkowe umorzenie post\u0119powania. Wyrok ma by\u0107 og\u0142oszony w po\u0142owie wrze\u015bnia.<\/p>\n<p>Wcze\u015bniej dosz\u0142o do mediacji i ugody mi\u0119dzy mam\u0105 10-latka i oskar\u017conym kierowc\u0105, w ramach kt\u00f3rej zap\u0142aci\u0142 on 3 tys. z\u0142 jako cz\u0119\u015bciowe zado\u015b\u0107uczynienie.<\/p>\n<p>Do wypadku dosz\u0142o w po\u0142owie grudnia ub. roku przy ul. Suchowolca w Bia\u0142ymstoku. By\u0142o ciemno, karetka pogotowia jecha\u0142a na sygnale, wioz\u0105c do szpitala chor\u0105 po reanimacji.<\/p>\n<p>Jak wynika z ustale\u0144 \u015bledczych, zbli\u017caj\u0105c si\u0119 do oznakowanego przej\u015bcia dla pieszych, przed kt\u00f3rym &#8211; by przepu\u015bci\u0107 pieszego &#8211; zatrzyma\u0142a si\u0119 ci\u0119\u017car\u00f3wka, kierowca karetki nie zachowa\u0142 jednak szczeg\u00f3lnej ostro\u017cno\u015bci, nie dostosowa\u0142 pr\u0119dko\u015bci i rozpocz\u0105\u0142 manewr omijania z lewej strony stoj\u0105cego pojazdu.<\/p>\n<p>Wtedy dosz\u0142o do potr\u0105cenia ch\u0142opca, kt\u00f3ry przechodzi\u0142 przez przej\u015bcie. 10-latek trafi\u0142 do szpitala z podejrzeniem bardzo powa\u017cnych obra\u017ce\u0144, przede wszystkim g\u0142owy; zosta\u0142o to przez prokuratur\u0119 zakwalifikowane jako ci\u0119\u017cki uszczerbek na zdrowiu i realne zagro\u017cenie \u017cycia.<\/p>\n<p>W czwartek s\u0105d dodatkowo przes\u0142ucha\u0142 bieg\u0142\u0105 z zakresu medycyny s\u0105dowej, kt\u00f3ra &#8211; bior\u0105c pod uwag\u0119 pe\u0142n\u0105 dokumentacj\u0119 medyczn\u0105 dotycz\u0105c\u0105 stanu zdrowia dziecka &#8211; oceni\u0142a, i\u017c pierwsze rozpoznanie okaza\u0142o si\u0119 nieco na wyrost, bo obra\u017cenia okaza\u0142y si\u0119 l\u017cejsze i nie nios\u0142y za sob\u0105 bardzo powa\u017cnych nast\u0119pstw takiego wypadku.<\/p>\n<p>Dlatego s\u0105d zapowiedzia\u0142 mo\u017cliwo\u015b\u0107 zmiany kwalifikacji prawnej czynu na \u0142agodniejsz\u0105, gdy wskutek wypadku osoba poszkodowana dozna\u0142a tzw. \u015bredniego uszczerbku na zdrowiu.<\/p>\n<p>S\u0105d przes\u0142ucha\u0142 te\u017c w czwartek bieg\u0142ego, kt\u00f3ry przygotowa\u0142 symulacj\u0119 dotycz\u0105c\u0105 przebiegu wypadku. Wed\u0142ug tej symulacji, oskar\u017cony z odleg\u0142o\u015bci 13 metr\u00f3w (mniej wi\u0119cej d\u0142ugo\u015b\u0107 ci\u0119\u017car\u00f3wki) powinien by\u0142 zobaczy\u0107 ch\u0142opca wychodz\u0105cego zza obrysu tego pojazdu na t\u0119 cz\u0119\u015b\u0107 przej\u015bcia, kt\u00f3ra by\u0142a bezpo\u015brednio przed karetk\u0105.<\/p>\n<p>Bieg\u0142y zaznaczy\u0142 przy tym, i\u017c kierowca nie mia\u0142 szans, by 10-latka zobaczy\u0107 wcze\u015bniej, bo widok zas\u0142ania\u0142a mu ci\u0119\u017car\u00f3wka, a ch\u0142opiec nie powinien by\u0142 wchodzi\u0107 na jezdni\u0119 s\u0142ysz\u0105c sygna\u0142y karetki. Oceni\u0142, \u017ce nast\u0105pi\u0142 splot nieszcz\u0119\u015bliwych okoliczno\u015bci, w tym np. to, \u017ce kierowca ci\u0119\u017car\u00f3wki zatrzyma\u0142 si\u0119 przed przej\u015bciem, by pieszego przepu\u015bci\u0107, a oskar\u017cony by\u0142 przekonany, \u017ce pojazd ten zatrzyma\u0142 si\u0119 z powodu nadje\u017cd\u017caj\u0105cej karetki na sygnale.<\/p>\n<p>S\u0105d konfrontowa\u0142 opini\u0119 dotycz\u0105c\u0105 odleg\u0142o\u015bci, z jakiej &#8211; wed\u0142ug bieg\u0142ego &#8211; oskar\u017cony zobaczy\u0142 pieszego z nagraniem wideo jednego ze \u015bwiadk\u00f3w wypadku. Z nagrania bowiem mo\u017cna wyci\u0105gn\u0105\u0107 wniosek, \u017ce oskar\u017cony z du\u017co mniejszej odleg\u0142o\u015bci zobaczy\u0142 dziecko i nie mia\u0142 tak du\u017co czasu na reakcj\u0119 (ostatecznie gwa\u0142townie skr\u0119ci\u0142 w lewo i pr\u00f3bowa\u0142 hamowa\u0107).<\/p>\n<p>W\u0142a\u015bnie w zwi\u0105zku z tymi rozbie\u017cno\u015bciami prokuratura wnioskowa\u0142a o kolejnego bieg\u0142ego, s\u0105d uzna\u0142 jednak, \u017ce materia\u0142 dowodowy jest wystarczaj\u0105cy do wydania wyroku.<\/p>\n<p>&#8211; Zgromadzony materia\u0142 dowodowy potwierdza win\u0119 oskar\u017conego, oczywi\u015bcie trzeba bra\u0107 pod uwag\u0119 szereg nieszcz\u0119\u015bliwych zbieg\u00f3w okoliczno\u015bci (&#8230;). Ale obowi\u0105zuj\u0105 pewne standardy w\u0142a\u015bciwego post\u0119powania kierowcy pojazdu uprzywilejowanego &#8211; m\u00f3wi\u0142 w mowie ko\u0144cowej prok. Adam Baranowski z Prokuratury Rejonowej Bia\u0142ystok-Po\u0142udnie.<\/p>\n<p>Ale zwraca\u0142 te\u017c uwag\u0119, \u017ce kierowca pr\u00f3bowa\u0142 wypadku unikn\u0105\u0107, a po potr\u0105ceniu podj\u0105\u0142 akcj\u0119 ratunkow\u0105.<\/p>\n<p>Obrona chce warunkowego umorzenia post\u0119powania. Obro\u0144ca Julia Borowska zwraca\u0142a uwag\u0119, \u017ce oskar\u017cony wi\u00f3z\u0142 pacjentk\u0119 w stanie krytycznym, jecha\u0142 na sygnale. W jej ocenie, ch\u0142opiec nie dostosowa\u0142 si\u0119 do zasad ruchu drogowego i nie zachowa\u0142 si\u0119 w\u0142a\u015bciwie w sytuacji, gdy nadje\u017cd\u017ca\u0142 pojazd uprzywilejowany. &#8211; Nie ma mo\u017cliwo\u015bci, by nie widzia\u0142 czy nie s\u0142ysza\u0142 tych sygna\u0142\u00f3w, a mimo to nie zatrzyma\u0142 si\u0119, nie zwolni\u0142 nawet, nie rozejrza\u0142 si\u0119 &#8211; m\u00f3wi\u0142a.<\/p>\n<p>Sam kierowca przeprasza\u0142 za to, \u017ce dosz\u0142o do wypadku, zapewnia\u0142 i\u017c chcia\u0142 go unikn\u0105\u0107. &#8211; My\u015bl\u0119, \u017ce dzi\u0119ki reakcji, kt\u00f3r\u0105 wykona\u0142em podczas jazdy (&#8230;) te obra\u017cenia nie by\u0142y tak gro\u017ane, jak wst\u0119pnie wygl\u0105da\u0142y &#8211; powiedzia\u0142 w ostatnim s\u0142owie. Podkre\u015bla\u0142, \u017ce wyrok b\u0119dzie rzutowa\u0142 na jego dalsz\u0105 prac\u0119 i &#8211; jak to uj\u0105\u0142 &#8211; dalsz\u0105 ch\u0119\u0107 pomagania ludziom, ratowania ich \u017cycia i zdrowia.<\/p>\n<p><img decoding=\"async\" style=\"max-width:80px;\" loading=\"lazy\" src=\"https:\/\/www.europesays.com\/pl\/wp-content\/uploads\/2026\/09\/1788434532_62_081834.png\"\/><\/p>\n","protected":false},"excerpt":{"rendered":"P\u00f3\u0142 roku wi\u0119zienia w zawieszeniu chce prokuratura w procesie kierowcy karetki, oskar\u017conego o potr\u0105cenie na przej\u015bciu dla pieszych&hellip;\n","protected":false},"author":2,"featured_media":664633,"comment_status":"","ping_status":"","sticky":false,"template":"","format":"standard","meta":{"footnotes":"","_share_on_mastodon":"0"},"categories":[51614],"tags":[2151,42,38,40,39,41],"class_list":["post-664632","post","type-post","status-publish","format-standard","has-post-thumbnail","category-bialystok","tag-bialystok","tag-pl","tag-poland","tag-polish","tag-polska","tag-polski"],"share_on_mastodon":{"url":"https:\/\/pubeurope.com\/@pl\/117206853206203213","error":""},"_links":{"self":[{"href":"https:\/\/www.europesays.com\/pl\/wp-json\/wp\/v2\/posts\/664632","targetHints":{"allow":["GET"]}}],"collection":[{"href":"https:\/\/www.europesays.com\/pl\/wp-json\/wp\/v2\/posts"}],"about":[{"href":"https:\/\/www.europesays.com\/pl\/wp-json\/wp\/v2\/types\/post"}],"author":[{"embeddable":true,"href":"https:\/\/www.europesays.com\/pl\/wp-json\/wp\/v2\/users\/2"}],"replies":[{"embeddable":true,"href":"https:\/\/www.europesays.com\/pl\/wp-json\/wp\/v2\/comments?post=664632"}],"version-history":[{"count":0,"href":"https:\/\/www.europesays.com\/pl\/wp-json\/wp\/v2\/posts\/664632\/revisions"}],"wp:featuredmedia":[{"embeddable":true,"href":"https:\/\/www.europesays.com\/pl\/wp-json\/wp\/v2\/media\/664633"}],"wp:attachment":[{"href":"https:\/\/www.europesays.com\/pl\/wp-json\/wp\/v2\/media?parent=664632"}],"wp:term":[{"taxonomy":"category","embeddable":true,"href":"https:\/\/www.europesays.com\/pl\/wp-json\/wp\/v2\/categories?post=664632"},{"taxonomy":"post_tag","embeddable":true,"href":"https:\/\/www.europesays.com\/pl\/wp-json\/wp\/v2\/tags?post=664632"}],"curies":[{"name":"wp","href":"https:\/\/api.w.org\/{rel}","templated":true}]}}