{"id":664634,"date":"2026-09-03T11:23:15","date_gmt":"2026-09-03T11:23:15","guid":{"rendered":"https:\/\/www.europesays.com\/pl\/664634\/"},"modified":"2026-09-03T11:23:15","modified_gmt":"2026-09-03T11:23:15","slug":"fenomenalny-powrot-wiktora-przyjemskiego-do-scigania-mlodzi-zuzlowcy-polonii-przewodza-w-walce-o-tytul-mistrza-polski","status":"publish","type":"post","link":"https:\/\/www.europesays.com\/pl\/664634\/","title":{"rendered":"Fenomenalny powr\u00f3t Wiktora Przyjemskiego do \u015bcigania. M\u0142odzi \u017cu\u017clowcy Polonii przewodz\u0105 w walce o tytu\u0142 mistrza Polski"},"content":{"rendered":"<p class=\"has-small-font-size wp-block-paragraph\">Abramczyk Polonia po zwyci\u0119stwie w pierwszej rundzie fina\u0142u DMPJ \/ Fot. Abramczyk Polonia<\/p>\n<p class=\"wp-block-paragraph\">Juniorzy Abramczyk Polonii rozpocz\u0119li ostatni\u0105 drog\u0119 do obrony tytu\u0142u Dru\u017cynowych Mistrzostw Polski. W pierwszej rundzie fina\u0142owej zwyci\u0119\u017cyli w Lublinie. Z przytupem do \u015bcigania wr\u00f3ci\u0142 Wiktor Przyjemski. To dobry prognostyk na rywalizacj\u0119 o awans do PGE Ekstraligi. <\/p>\n<p class=\"wp-block-paragraph\">Od zwyci\u0119stwa rozpocz\u0119\u0142a zmagania o tytu\u0142 Dru\u017cynowego Mistrza Polski Junior\u00f3w ekipa Abramczyk Polonii Bydgoszcz. W \u015brod\u0119, 2 wrze\u015bnia w Lublinie zdobyli 42 punkty, pokonuj\u0105c gospodarzy (32), Stal Gorz\u00f3w (29) i Klub Sportowy Toru\u0144 (17).<\/p>\n<p class=\"wp-block-paragraph\">Fan\u00f3w z Bydgoszczy cieszy nie tylko pewne zwyci\u0119stwo, ale i powr\u00f3t po kontuzji Wiktora Przyjemskiego, zwie\u0144czony kompletem punkt\u00f3w. Do \u015bcigania wr\u00f3ci\u0142 po urazie obojczyka i \u017ceber doznanym podczas fina\u0142u Indywidualnych Mistrzostw Polski Junior\u00f3w na torze w Bydgoszczy. Dla 21-latka by\u0142 to podw\u00f3jny powr\u00f3t, bo wychowanek Jacka Wo\u017aniaka ostatnie dwa sezony sp\u0119dzi\u0142 w Orlen Oil Motorze Lublin.<\/p>\n<p class=\"wp-block-paragraph\">Ponadto kibic\u00f3w widowiskow\u0105 walk\u0105 na dystansie raczy\u0142 Maksymilian Pawe\u0142czak, kt\u00f3ry te\u017c zako\u0144czy\u0142 zawody prawie z kompletem, straci\u0142 tylko jeden punkt po pora\u017cce z Bartoszem Ba\u0144borem.<\/p>\n<p class=\"wp-block-paragraph\">Fina\u0142 DMPJ sk\u0142ada si\u0119 z czterech rund, ka\u017cda na torze uczestnik\u00f3w tych rozgrywek. Zawody zaplanowane s\u0105 na wrze\u015bniowe \u015brody. M\u0142odzie\u017cowcy powalcz\u0105 jeszcze 9 wrze\u015bnia w Bydgoszczy, 16 wrze\u015bnia w Toruniu, a zmagania zako\u0144cz\u0105 23 wrze\u015bnia w Gorzowie Wielkopolskim. W mi\u0119dzyczasie, w niedziel\u0119 (6 wrze\u015bnia) od godz. 15.15 \u201egryfy\u201d w Bydgoszczy pojad\u0105 rewan\u017cowe spotkanie z H. Skrzydlewska Or\u0142em \u0141\u00f3d\u017a (pierwszy mecz z \u0141odzi 45:45) w ramach p\u00f3\u0142fina\u0142u play-off 2. Metalkas Ekstraligi. Trwa sprzeda\u017c wej\u015bci\u00f3wek na to spotkanie <a href=\"https:\/\/bilety.polonia.bydgoszcz.pl\/\" rel=\"nofollow noopener\" target=\"_blank\">online<\/a> i w kasie klubu.<\/p>\n<p class=\"wp-block-paragraph\">Poloni\u015bci broni\u0105 tytu\u0142u DMPJ sprzed roku. Patrz\u0105c na wyniki z pierwszej rundy i form\u0119 Wiktora Przyjemskiego, kt\u00f3ry w tym roku wzmocni\u0142 dru\u017cyn\u0119, maj\u0105 du\u017ce szanse na powt\u00f3rzenie tego sukcesu. Z\u0142ote medale DMPJ Bydgoszczanie zdobywali w latach 1989, 2011, 2025.<\/p>\n<p>1. runda fina\u0142u  DMPJ 2026 \u2013 Lublin<\/p>\n<p class=\"wp-block-paragraph\">1. Polonia Bydgoszcz \u2013 42 punkty<\/p>\n<p class=\"wp-block-paragraph\">2. Motor Lublin \u2013 32 punkty<\/p>\n<p class=\"wp-block-paragraph\">3. Stal Gorz\u00f3w \u2013 29 punkt\u00f3w<\/p>\n<p class=\"wp-block-paragraph\">4. KS Toru\u0144 \u2013 17 punkt\u00f3w<\/p>\n<p class=\"wp-block-paragraph\">____________________________________________________<\/p>\n<p class=\"wp-block-paragraph\">I. Abramczyk Polonia Bydgoszcz \u2013 42 pkt.<\/p>\n<p class=\"wp-block-paragraph\">5. Maksymilian Pawe\u0142czak \u2013 14 (3,3,2,3,3)<\/p>\n<p class=\"wp-block-paragraph\">6. Emil Maroszek \u2013 3 (-,0,3,0,-)<\/p>\n<p class=\"wp-block-paragraph\">7. Kacper Andrzejewski \u2013 8 (3,1,3,0,1)<\/p>\n<p class=\"wp-block-paragraph\">8. Maksymilian Kostera \u2013 2 (2,-,0,-,-)<\/p>\n<p class=\"wp-block-paragraph\">18. Wiktor Przyjemski \u2013 15 (3,3,3,3,3)<\/p>\n<p class=\"wp-block-paragraph\">II. Motor Lublin \u2013 32 pkt.<\/p>\n<p class=\"wp-block-paragraph\">1. Micha\u0142 Psiuk \u2013 1 (1,0,-,-,0)<\/p>\n<p class=\"wp-block-paragraph\">2. Bartosz Ba\u0144bor \u2013 14 (3,3,3,3,2)<\/p>\n<p class=\"wp-block-paragraph\">3. Bartosz Jaworski \u2013 4 (1,2,1,0,-)<\/p>\n<p class=\"wp-block-paragraph\">4. Karol Szmyd \u2013 10 (2,3,3,2,u)<\/p>\n<p class=\"wp-block-paragraph\">17. Dawid Cepielik \u2013 3 (2,1,0)<\/p>\n<p class=\"wp-block-paragraph\">III. Budnex Stal Gorz\u00f3w \u2013 29 pkt.<\/p>\n<p class=\"wp-block-paragraph\">13. Oskar Paluch \u2013 8 (2,2,2,2,-)<\/p>\n<p class=\"wp-block-paragraph\">14. Igor Kordun \u2013 8 (0,2,2,2,2)<\/p>\n<p class=\"wp-block-paragraph\">15. Kacper Sobkowiak \u2013 5 (1,0,-,3,1)<\/p>\n<p class=\"wp-block-paragraph\">16. Oskar Chat\u0142as \u2013 7 (2,1,1,1,2)<\/p>\n<p class=\"wp-block-paragraph\">20. Hubert Jab\u0142o\u0144ski \u2013 1 (0,1)<\/p>\n<p class=\"wp-block-paragraph\">IV. KS Toru\u0144 \u2013 17 pkt.<\/p>\n<p class=\"wp-block-paragraph\">9. Bartosz Derek \u2013 4 (0,2,0,0,2)<\/p>\n<p class=\"wp-block-paragraph\">10. Antoni Kawczy\u0144ski \u2013 6 (0,1,1,1,3)<\/p>\n<p class=\"wp-block-paragraph\">11. Miko\u0142aj Duchi\u0144ski \u2013 3 (0,1,0,1,1)<\/p>\n<p class=\"wp-block-paragraph\">12. Jan Heleniak \u2013 4 (1,0,1,2,w)<\/p>\n<p>Zapisz si\u0119 do newslettera \u201eBydgoszcz Informuje\u201d!<\/p>\n","protected":false},"excerpt":{"rendered":"Abramczyk Polonia po zwyci\u0119stwie w pierwszej rundzie fina\u0142u DMPJ \/ Fot. Abramczyk Polonia Juniorzy Abramczyk Polonii rozpocz\u0119li ostatni\u0105&hellip;\n","protected":false},"author":2,"featured_media":664635,"comment_status":"","ping_status":"","sticky":false,"template":"","format":"standard","meta":{"footnotes":"","_share_on_mastodon":"0"},"categories":[51613],"tags":[883,7132,885,42,38,40,39,41,52100],"class_list":["post-664634","post","type-post","status-publish","format-standard","has-post-thumbnail","category-bydgoszcz","tag-abramczyk-polonia-bydgoszcz","tag-bydgoszcz","tag-druzynowe-mistrzostwa-polski-juniorow","tag-pl","tag-poland","tag-polish","tag-polska","tag-polski","tag-sport-w-bydgoszczy"],"share_on_mastodon":{"url":"https:\/\/pubeurope.com\/@pl\/117206856829780573","error":""},"_links":{"self":[{"href":"https:\/\/www.europesays.com\/pl\/wp-json\/wp\/v2\/posts\/664634","targetHints":{"allow":["GET"]}}],"collection":[{"href":"https:\/\/www.europesays.com\/pl\/wp-json\/wp\/v2\/posts"}],"about":[{"href":"https:\/\/www.europesays.com\/pl\/wp-json\/wp\/v2\/types\/post"}],"author":[{"embeddable":true,"href":"https:\/\/www.europesays.com\/pl\/wp-json\/wp\/v2\/users\/2"}],"replies":[{"embeddable":true,"href":"https:\/\/www.europesays.com\/pl\/wp-json\/wp\/v2\/comments?post=664634"}],"version-history":[{"count":0,"href":"https:\/\/www.europesays.com\/pl\/wp-json\/wp\/v2\/posts\/664634\/revisions"}],"wp:featuredmedia":[{"embeddable":true,"href":"https:\/\/www.europesays.com\/pl\/wp-json\/wp\/v2\/media\/664635"}],"wp:attachment":[{"href":"https:\/\/www.europesays.com\/pl\/wp-json\/wp\/v2\/media?parent=664634"}],"wp:term":[{"taxonomy":"category","embeddable":true,"href":"https:\/\/www.europesays.com\/pl\/wp-json\/wp\/v2\/categories?post=664634"},{"taxonomy":"post_tag","embeddable":true,"href":"https:\/\/www.europesays.com\/pl\/wp-json\/wp\/v2\/tags?post=664634"}],"curies":[{"name":"wp","href":"https:\/\/api.w.org\/{rel}","templated":true}]}}