{"id":664652,"date":"2026-09-03T11:32:14","date_gmt":"2026-09-03T11:32:14","guid":{"rendered":"https:\/\/www.europesays.com\/pl\/664652\/"},"modified":"2026-09-03T11:32:14","modified_gmt":"2026-09-03T11:32:14","slug":"wiceminister-zalewski-polska-chce-zwiekszyc-udzial-w-odstraszaniu-nuklearnym-nato","status":"publish","type":"post","link":"https:\/\/www.europesays.com\/pl\/664652\/","title":{"rendered":"Wiceminister Zalewski: Polska chce zwi\u0119kszy\u0107 udzia\u0142 w odstraszaniu nuklearnym NATO"},"content":{"rendered":"\n<p>&#13;<br \/>\nPod koniec sierpnia wiceszef MON Pawe\u0142 Zalewski pytany o\u00a0mo\u017cliwo\u015b\u0107 rozmieszczenia ameryka\u0144skich zdolno\u015bci nuklearnych w\u00a0Polsce w\u00a0zwi\u0105zku z\u00a0planami sta\u0142ej obecno\u015bci wojsk USA, odpar\u0142, \u017ce\u00a0<a href=\"https:\/\/dorzeczy.pl\/opinie\/935053\/glosne-slowa-zalewskiego-morawiecki-wiecej-niz-wpadka.html\" title=\"\u201eMinisterstwo G\u0142upich Krok\u00f3w\u201d. Morawiecki o\u00a0s\u0142owach wiceszefa MON\" rel=\"nofollow noopener\" target=\"_blank\">Polska nie\u00a0chce mie\u0107 g\u0142owic j\u0105drowych<\/a> na\u00a0swoim terytorium. Jego zdaniem udzia\u0142 Polski w\u00a0systemie nuklearnego odstraszania NATO nie\u00a0musi oznacza\u0107 rozmieszczenia broni j\u0105drowej na\u00a0terytorium RP. &#13;\n<\/p>\n<p>&#13;<br \/>\nTeraz jednak powiedzia\u0142 w\u00a0RMF FM, \u017ce\u00a0&#8222;Polska chce zwi\u0119kszy\u0107 sw\u00f3j udzia\u0142 w\u00a0odstraszaniu nuklearnym NATO i\u00a0przyst\u0105pi\u0107 do\u00a0programu przenoszenia broni j\u0105drowej w\u00a0ramach Nuclear Sharing&#8221;. Polityk podkre\u015bli\u0142 jednocze\u015bnie, \u017ce\u00a0nie chodzi obecnie o\u00a0rozmieszczanie ameryka\u0144skich g\u0142owic j\u0105drowych w\u00a0Polsce. &#13;\n<\/p>\n<p>&#13;<br \/>\nPawe\u0142 Zalewski podkre\u015bli\u0142, \u017ce\u00a0Warszawa chce uczestniczy\u0107 w\u00a0programie Nuclear Sharing, kt\u00f3ry zak\u0142ada udzia\u0142 pa\u0144stw sojuszniczych w\u00a0systemie odstraszania nuklearnego. \u2013\u00a0Polska i\u00a0Polacy tego chc\u0105, aby\u00a0NATO by\u0142o powa\u017cnym sojuszem, kt\u00f3ry obroni swoich sojusznik\u00f3w. Dlatego zwi\u0119kszamy nasze zaanga\u017cowanie w\u00a0NATO, dlatego zwi\u0119kszamy nasze deklaracje zdolno\u015bciowe. Chcemy bra\u0107 udzia\u0142 w\u00a0programie przenoszenia broni j\u0105drowej, kt\u00f3ry jest cz\u0119\u015bci\u0105 nuclear sharing, a\u00a0wi\u0119c chcemy zwi\u0119kszy\u0107 nasz udzia\u0142 w\u00a0odstraszaniu j\u0105drowym NATO. To\u00a0jest dzisiaj na\u00a0stole \u2013\u00a0powiedzia\u0142 Zalewski. &#13;\n<\/p>\n<p>Polska chce przenosi\u0107 bro\u0144 j\u0105drow\u0105<\/p>\n<p>&#13;<br \/>\nWiceszef MON zaznaczy\u0142, \u017ce\u00a0po\u00a0raz pierwszy pojawi\u0142a si\u0119 mo\u017cliwo\u015b\u0107 w\u0142\u0105czenia Polski do\u00a0programu przenoszenia broni j\u0105drowej. Jednocze\u015bnie zastrzeg\u0142, \u017ce\u00a0nie oznacza to\u00a0plan\u00f3w rozmieszczenia g\u0142owic atomowych w\u00a0naszym kraju. &#13;\n<\/p>\n<p>&#13;<br \/>\n\u2013 Po\u00a0raz pierwszy doprowadzili\u015bmy do\u00a0tego, \u017ce\u00a0pa\u0144stwa NATO chc\u0105 w\u0142\u0105czy\u0107 Polsk\u0119 do\u00a0programu przenoszenia broni j\u0105drowej. To\u00a0jest bardzo powa\u017cny program. Nie\u00a0ma\u00a0dzisiaj na\u00a0stole tematu instalowania g\u0142owic j\u0105drowych gdzie indziej, ni\u017c\u00a0s\u0105 \u2013\u00a0podkre\u015bli\u0142. &#13;\n<\/p>\n<p>&#13;<br \/>\nZalewski odni\u00f3s\u0142 si\u0119 r\u00f3wnie\u017c do\u00a0wypowiedzi Marcina Przydacza, kt\u00f3ry twierdzi\u0142, \u017ce\u00a0poprzedni rz\u0105d prowadzi\u0142 rozmowy dotycz\u0105ce Nuclear Sharing. Wed\u0142ug wiceministra MON takich rozm\u00f3w nie\u00a0by\u0142o. &#13;\n<\/p>\n<p>&#13;<br \/>\n\u2013 To\u00a0jest bardzo jednoznaczne. Je\u017celi pan Marcin Przydacz tak bardzo wszystkim opowiada, jak to\u00a0on i\u00a0jego rz\u0105d prowadzi\u0142 rozmowy na\u00a0temat Nuclear Sharing, to\u00a0chc\u0119 powiedzie\u0107, \u017ce\u00a0\u017cadnych takich rozm\u00f3w nie\u00a0prowadzi\u0142. Po\u00a0pierwsze, nikt z\u00a0nim na\u00a0ten temat nie\u00a0rozmawia\u0142 \u2013\u00a0stwierdzi\u0142. &#13;\n<\/p>\n<p>&#13;<br \/>\n   Czytaj te\u017c:<br \/><a href=\"https:\/\/dorzeczy.pl\/opinie\/937261\/akt-sabotazu-w-polsce-byly-wiceszef-mon-punktuje-rzad.html\" rel=\"follow nofollow noopener\" data-schema=\"DORZECZY\" data-image=\"https:\/\/img.dorzeczy.pl\/_thumb\/92\/8c\/eed14a271a2ff1f03b90b0522036.jpeg\" target=\"_blank\">&#8222;To musi by\u0107 jak najszybciej zmienione&#8221;. By\u0142y wiceszef MON punktuje rz\u0105d po\u00a0aktach sabota\u017cu<\/a>&#13;<\/p>\n","protected":false},"excerpt":{"rendered":"&#13; Pod koniec sierpnia wiceszef MON Pawe\u0142 Zalewski pytany o\u00a0mo\u017cliwo\u015b\u0107 rozmieszczenia ameryka\u0144skich zdolno\u015bci nuklearnych w\u00a0Polsce w\u00a0zwi\u0105zku z\u00a0planami sta\u0142ej&hellip;\n","protected":false},"author":2,"featured_media":664653,"comment_status":"","ping_status":"","sticky":false,"template":"","format":"standard","meta":{"footnotes":"","_share_on_mastodon":"0"},"categories":[12],"tags":[98,129207,49,1587,47779,103,35030,42,38,40,39,41,8587],"class_list":["post-664652","post","type-post","status-publish","format-standard","has-post-thumbnail","category-polska","tag-dorzeczy","tag-glowice-jadrowe","tag-kraj","tag-mon","tag-nuclear-sharing","tag-obserwator-mediow","tag-odstraszanie","tag-pl","tag-poland","tag-polish","tag-polska","tag-polski","tag-zalewski"],"share_on_mastodon":{"url":"https:\/\/pubeurope.com\/@pl\/117206892277071735","error":""},"_links":{"self":[{"href":"https:\/\/www.europesays.com\/pl\/wp-json\/wp\/v2\/posts\/664652","targetHints":{"allow":["GET"]}}],"collection":[{"href":"https:\/\/www.europesays.com\/pl\/wp-json\/wp\/v2\/posts"}],"about":[{"href":"https:\/\/www.europesays.com\/pl\/wp-json\/wp\/v2\/types\/post"}],"author":[{"embeddable":true,"href":"https:\/\/www.europesays.com\/pl\/wp-json\/wp\/v2\/users\/2"}],"replies":[{"embeddable":true,"href":"https:\/\/www.europesays.com\/pl\/wp-json\/wp\/v2\/comments?post=664652"}],"version-history":[{"count":0,"href":"https:\/\/www.europesays.com\/pl\/wp-json\/wp\/v2\/posts\/664652\/revisions"}],"wp:featuredmedia":[{"embeddable":true,"href":"https:\/\/www.europesays.com\/pl\/wp-json\/wp\/v2\/media\/664653"}],"wp:attachment":[{"href":"https:\/\/www.europesays.com\/pl\/wp-json\/wp\/v2\/media?parent=664652"}],"wp:term":[{"taxonomy":"category","embeddable":true,"href":"https:\/\/www.europesays.com\/pl\/wp-json\/wp\/v2\/categories?post=664652"},{"taxonomy":"post_tag","embeddable":true,"href":"https:\/\/www.europesays.com\/pl\/wp-json\/wp\/v2\/tags?post=664652"}],"curies":[{"name":"wp","href":"https:\/\/api.w.org\/{rel}","templated":true}]}}