{"id":664673,"date":"2026-09-03T11:42:21","date_gmt":"2026-09-03T11:42:21","guid":{"rendered":"https:\/\/www.europesays.com\/pl\/664673\/"},"modified":"2026-09-03T11:42:21","modified_gmt":"2026-09-03T11:42:21","slug":"berek-wprost-z-rzadu-do-tk-zeby-pilnowal-interesow-tuska","status":"publish","type":"post","link":"https:\/\/www.europesays.com\/pl\/664673\/","title":{"rendered":"Berek wprost z rz\u0105du do TK. &#8222;\u017beby pilnowa\u0142 interes\u00f3w Tuska&#8221;"},"content":{"rendered":"\n<p>&#13;<br \/>\nPremier Donald Tusk poinformowa\u0142 11 sierpnia, \u017ce\u00a0Maciej Berek odchodzi z\u00a0funkcji ministra ds. nadzoru nad wdra\u017caniem polityki rz\u0105du. Dwa dni p\u00f3\u017aniej szef rz\u0105du t\u0142umaczy\u0142, \u017ce\u00a0wyrazi\u0142 warunkow\u0105 zgod\u0119 na\u00a0odej\u015bcie Macieja Berka z\u00a0rz\u0105du i\u00a0na kandydowanie przez niego na\u00a0s\u0119dziego Trybuna\u0142u Konstytucyjnego. &#13;\n<\/p>\n<p>&#13;<br \/>\n17 sierpnia na\u00a0stronie Sejmu pojawi\u0142a si\u0119 informacja, \u017ce\u00a0Maciej Berek jest ju\u017c kandydatem na\u00a0s\u0119dziego TK. Kandydatur\u0119 Macieja Berka zg\u0142osi\u0142a grupa pos\u0142\u00f3w klubu Koalicji Obywatelskiej. &#13;\n<\/p>\n<p>&#13;<br \/>\nW pi\u0105tek Sejm ma\u00a0dokona\u0107 wyboru s\u0119dziego Trybuna\u0142u Konstytucyjnego. W\u00a0czwartek kandydatury zaopiniuje sejmowa komisja sprawiedliwo\u015bci i\u00a0praw cz\u0142owieka. Opr\u00f3cz Macieja Berka kandydatem jest Artur Kotowski zg\u0142oszony przez PiS. &#13;\n<\/p>\n<p>Maciej Berek wprost z\u00a0rz\u0105du na\u00a0s\u0119dziego Trybuna\u0142u Konstytucyjnego<\/p>\n<p>&#13;<br \/>\nMicha\u0142 W\u00f3jcik, pose\u0142 PiS, pytany, dlaczego jego zdaniem Donald Tusk wysy\u0142a do\u00a0TK Macieja Berka wprost z\u00a0rz\u0105du, zwr\u00f3ci\u0142 uwag\u0119, \u017ce\u00a0&#8222;to jest pierwsza taka sytuacja, \u017ceby minister wprost z\u00a0rz\u0105du trafia\u0142 do\u00a0TK&#8221;. &#13;\n<\/p>\n<p>&#13;<br \/>\n\u2013 Ale\u00a0Donald Tusk powiedzia\u0142, \u017ce\u00a0<a href=\"https:\/\/dorzeczy.pl\/kraj\/935635\/tusk-mowil-o-naszych-sedziach-w-tk-przydacz-zabral-glos.html\" rel=\"nofollow noopener\" target=\"_blank\">chce mie\u0107 swoich s\u0119dzi\u00f3w<\/a> i\u00a0pan Maciej Berek mo\u017ce by\u0107 takim jego s\u0119dzi\u0105, jako polityk bezpo\u015brednio trafiaj\u0105cy do\u00a0TK \u2013\u00a0m\u00f3wi\u0142. &#13;\n<\/p>\n<p>&#13;<br \/>\nWyja\u015bni\u0142, \u017ce\u00a0&#8222;po pierwsze \u2013\u00a0niezale\u017cnie od\u00a0wszystkiego jest cz\u0142owiekiem, kt\u00f3ry mo\u017ce nie\u00a0spe\u0142nia\u0107 wymog\u00f3w formalnych, czyli dziesi\u0119cioletniego czasu wymaganego do\u00a0tego, \u017ceby by\u0142 s\u0119dzi\u0105 TK&#8221;. &#13;\n<\/p>\n<p>&#13;<br \/>\n\u2013 Po\u00a0drugie \u2013\u00a0jest na\u00a0pewno politykiem, wi\u0119c z\u00a0punktu widzenia politycznego jest to\u00a0tak naprawd\u0119 zgruzowanie stanowiska tych, kt\u00f3rzy dzisiaj rz\u0105dz\u0105, poniewa\u017c twierdzili, \u017ce\u00a0nigdy nie\u00a0chc\u0105 \u017cadnego polityka w\u00a0Trybunale Konstytucyjnym. Nawet uchwalili ustaw\u0119 dotycz\u0105c\u0105 tej kwestii, a\u00a0teraz b\u0119d\u0105 musieli sami sobie zaprzecza\u0107 \u2013\u00a0t\u0142umaczy\u0142. &#13;\n<\/p>\n<p>&#13;<br \/>\nMicha\u0142 W\u00f3jcik oceni\u0142, \u017ce\u00a0&#8222;Tusk b\u0119dzie pcha\u0142 t\u0119\u00a0kandydatur\u0119 dlatego, \u017ce\u00a0pow\u00f3d jest dosy\u0107 oczywisty \u2013\u00a0absolutnie chce mie\u0107 swojego cz\u0142owieka w\u00a0Trybunale Konstytucyjnym&#8221;. &#13;\n<\/p>\n<p>&#13;<br \/>\n\u2013 To\u00a0jest tak, \u017ce\u00a0osoby, kt\u00f3re trafiaj\u0105 do\u00a0Trybuna\u0142u staj\u0105 si\u0119 bardzo niezale\u017cne, autonomiczne i\u00a0by\u0107 mo\u017ce jest taka sytuacja, \u017ce\u00a0w\u015br\u00f3d tych s\u0119dzi\u00f3w, kt\u00f3rzy tam trafili, nawet je\u017celi byli wybrani przez obecny ob\u00f3z w\u0142adzy, s\u0105 pewne podzia\u0142y. Mo\u017ce dochodzi\u0107 do\u00a0tego, \u017ce\u00a0s\u0105 na\u00a0tyle autonomiczni, \u017ce\u00a0nie s\u0105 sterowani \u2013\u00a0stwierdzi\u0142. &#13;\n<\/p>\n<p>&#13;<br \/>\nZdaniem pos\u0142a PiS &#8222;pan Berek jako prawa r\u0119ka Donalda Tuska, je\u017celi trafi do\u00a0TK, to\u00a0bez \u017cadnych skrupu\u0142\u00f3w b\u0119dzie robi\u0107 tam \u00bbporz\u0105dek\u00ab&#8221;. \u2013\u00a0Maciej Berek jest bardzo zaufanym cz\u0142owiekiem premiera i\u00a0dlatego ma\u00a0trafi\u0107 do\u00a0TK. Taki jest prawdziwy pow\u00f3d tego \u2013\u00a0\u017ceby pilnowa\u0142 w\u00a0TK interes\u00f3w Donalda Tuska \u2013\u00a0zauwa\u017cy\u0142. &#13;\n<\/p>\n<p>Jakich interes\u00f3w Tuska pilnowa\u0107 b\u0119dzie Berek w\u00a0TK?<\/p>\n<p>&#13;<br \/>\nPytany, jakich interes\u00f3w Donalda Tuska mia\u0142by w\u00a0TK pilnowa\u0107 Maciej Berek, Micha\u0142 W\u00f3jcik wyt\u0142umaczy\u0142, i\u017c\u00a0&#8222;miejmy \u015bwiadomo\u015b\u0107 tego, \u017ce\u00a0od\u00a0prawie trzech lat mamy do\u00a0czynienia z\u00a0dzia\u0142aniami, kt\u00f3re mo\u017cna uzna\u0107 za\u00a0zamach na\u00a0fundamenty ustroju pa\u0144stwa&#8221;. &#13;\n<\/p>\n<p>&#13;<br \/>\n\u2013 Nie\u00a0ma\u00a0w\u00a0polskim systemie takiej instytucji, kt\u00f3ra mog\u0142aby spowodowa\u0107, \u017ce\u00a0ci, kt\u00f3rzy rz\u0105dz\u0105 od\u00a0niemal trzech lat, zostan\u0105 uniewinnieni. Jedyn\u0105 tak\u0105 instytucj\u0105 jest Trybuna\u0142 Konstytucyjny, kt\u00f3ry r\u00f3\u017cne dzia\u0142ania mo\u017ce uwiarygodni\u0107 i\u00a0zalegalizowa\u0107 swoimi uchwa\u0142ami. O\u00a0to chodzi Donaldowi Tuskowi, dlatego chce przej\u0105\u0107 Trybuna\u0142 Konstytucyjny wszelkimi \u015brodkami, poniewa\u017c wie, \u017ce\u00a0to\u00a0jest jedyna taka instytucja \u2013\u00a0m\u00f3wi\u0142. &#13;\n<\/p>\n<p>Czy prezydent Nawrocki powinien odebra\u0107 \u015blubowanie od\u00a0Berka?<\/p>\n<p>&#13;<br \/>\nMicha\u0142 W\u00f3jcik pytany, co\u00a0w\u00a0sprawie Macieja Berka powinien zrobi\u0107 Karol Nawrocki, poniewa\u017c pokaza\u0142 ju\u017c, \u017ce\u00a0od\u00a0zaanga\u017cowanych politycznie s\u0119dzi\u00f3w nie\u00a0odbiera \u015blubowania, powiedzia\u0142, \u017ce\u00a0nie mo\u017ce si\u0119 wypowiada\u0107 za\u00a0Kancelari\u0119 Prezydenta. \u2013\u00a0To\u00a0jest decyzja zupe\u0142nie innego organu konstytucyjnego. Natomiast wiem, \u017ce\u00a0my b\u0119dziemy pr\u00f3bowali absolutnie w\u00a0maksymalny spos\u00f3b utrudni\u0107 obj\u0119cie przez niego funkcji. Nast\u0119pne dni poka\u017c\u0105, o\u00a0co chodzi \u2013\u00a0doda\u0142. &#13;\n<\/p>\n<p>&#13;<br \/>\nPytany o\u00a0to, jaki cel ma\u00a0rz\u0105d w\u00a0tym, \u017ce\u00a0nie przewidzia\u0142 bud\u017cetu dla\u00a0Trybuna\u0142u Konstytucyjnego w\u00a02027 roku, pose\u0142 PiS stwierdzi\u0142, \u017ce\u00a0&#8222;to absolutny zamach na\u00a0podzia\u0142 w\u0142adz&#8221;. &#13;\n<\/p>\n<p>&#13;<br \/>\n\u2013 Podzia\u0142 w\u0142adz oznacza, \u017ce\u00a0w\u0142adza s\u0105downicza musi mie\u0107 \u015brodki na\u00a0funkcjonowanie. Nie\u00a0ma\u00a0takiej mo\u017cliwo\u015bci, \u017ceby Trybuna\u0142 Konstytucyjny, czyli konstytucyjny organ, bardzo wa\u017cny, nie\u00a0mia\u0142 mo\u017cliwo\u015bci funkcjonowania, bo\u00a0nie b\u0119dzie mia\u0142 \u015brodk\u00f3w. Rz\u0105d ju\u017c testowa\u0142 do\u00a0jakich granic mo\u017ce si\u0119 posun\u0105\u0107, bo\u00a0przypomn\u0119, \u017ce\u00a0zablokowali \u015brodki na\u00a0uposa\u017cenia s\u0119dzi\u00f3w. Natomiast teraz chc\u0105 w\u00a0og\u00f3le zablokowane \u015brodki na\u00a0ca\u0142e funkcjonowanie Trybuna\u0142u Konstytucyjnego. Nie\u00a0ma\u00a0takiej mo\u017cliwo\u015bci. Rz\u0105d twierdzi, \u017ce\u00a0nie odby\u0142o si\u0119 zgromadzenie og\u00f3lne, poniewa\u017c nie\u00a0by\u0142o kworum. Ale\u00a0te\u017c pami\u0119tajmy, \u017ce\u00a0s\u0119dziowie z\u00a0nadania tej w\u0142adzy opu\u015bcili sal\u0119 i\u00a0dlatego kworum nie\u00a0mog\u0142o by\u0107 \u2013\u00a0wyja\u015bni\u0142. &#13;\n<\/p>\n<p>&#13;<br \/>\n   Czytaj te\u017c:<br \/><a href=\"https:\/\/dorzeczy.pl\/kraj\/936280\/berek-kandydatem-do-trybunalu-konstytucyjnego-komunikat-sejmu.html\" rel=\"follow nofollow noopener\" data-schema=\"DORZECZY\" data-image=\"https:\/\/img.dorzeczy.pl\/_thumb\/5c\/e2\/f1ce8e3d39226cd917b14e075020.jpeg\" target=\"_blank\">Berek do\u00a0Trybuna\u0142u Konstytucyjnego. S\u0105 nowe szczeg\u00f3\u0142y<\/a>   Czytaj te\u017c:<br \/><a href=\"https:\/\/dorzeczy.pl\/kraj\/935635\/tusk-mowil-o-naszych-sedziach-w-tk-przydacz-zabral-glos.html\" rel=\"follow nofollow noopener\" data-schema=\"DORZECZY\" data-image=\"https:\/\/img.dorzeczy.pl\/_thumb\/1f\/86\/de483dacfd1e34caa1a4f0853fc8.jpeg\" target=\"_blank\">Tusk m\u00f3wi\u0142 o\u00a0&#8222;naszych&#8221; s\u0119dziach w\u00a0TK. Pa\u0142ac Prezydencki zabra\u0142 g\u0142os<\/a> &#13;<\/p>\n","protected":false},"excerpt":{"rendered":"&#13; Premier Donald Tusk poinformowa\u0142 11 sierpnia, \u017ce\u00a0Maciej Berek odchodzi z\u00a0funkcji ministra ds. nadzoru nad wdra\u017caniem polityki rz\u0105du.&hellip;\n","protected":false},"author":2,"featured_media":664674,"comment_status":"","ping_status":"","sticky":false,"template":"","format":"standard","meta":{"footnotes":"","_share_on_mastodon":"0"},"categories":[62713],"tags":[387,1345,98,49,8136,51372,39793,102,529,8233,8232,2846],"class_list":["post-664673","post","type-post","status-publish","format-standard","has-post-thumbnail","category-donald-tusk","tag-budzet","tag-donald-tusk","tag-dorzeczy","tag-kraj","tag-lidia-lemaniak","tag-maciej-berek","tag-michal-wojcik","tag-opinie","tag-pis","tag-tk","tag-trybunal-konstytucyjny","tag-tylko-na-dorzeczy-pl"],"share_on_mastodon":{"url":"https:\/\/pubeurope.com\/@pl\/117206931785722589","error":""},"_links":{"self":[{"href":"https:\/\/www.europesays.com\/pl\/wp-json\/wp\/v2\/posts\/664673","targetHints":{"allow":["GET"]}}],"collection":[{"href":"https:\/\/www.europesays.com\/pl\/wp-json\/wp\/v2\/posts"}],"about":[{"href":"https:\/\/www.europesays.com\/pl\/wp-json\/wp\/v2\/types\/post"}],"author":[{"embeddable":true,"href":"https:\/\/www.europesays.com\/pl\/wp-json\/wp\/v2\/users\/2"}],"replies":[{"embeddable":true,"href":"https:\/\/www.europesays.com\/pl\/wp-json\/wp\/v2\/comments?post=664673"}],"version-history":[{"count":0,"href":"https:\/\/www.europesays.com\/pl\/wp-json\/wp\/v2\/posts\/664673\/revisions"}],"wp:featuredmedia":[{"embeddable":true,"href":"https:\/\/www.europesays.com\/pl\/wp-json\/wp\/v2\/media\/664674"}],"wp:attachment":[{"href":"https:\/\/www.europesays.com\/pl\/wp-json\/wp\/v2\/media?parent=664673"}],"wp:term":[{"taxonomy":"category","embeddable":true,"href":"https:\/\/www.europesays.com\/pl\/wp-json\/wp\/v2\/categories?post=664673"},{"taxonomy":"post_tag","embeddable":true,"href":"https:\/\/www.europesays.com\/pl\/wp-json\/wp\/v2\/tags?post=664673"}],"curies":[{"name":"wp","href":"https:\/\/api.w.org\/{rel}","templated":true}]}}