{"id":664683,"date":"2026-09-03T11:50:14","date_gmt":"2026-09-03T11:50:14","guid":{"rendered":"https:\/\/www.europesays.com\/pl\/664683\/"},"modified":"2026-09-03T11:50:14","modified_gmt":"2026-09-03T11:50:14","slug":"zloty-wrzesien-w-bydgoskim-juraszu-wsparcie-dla-dzieci-z-chorobami-nowotworowymi","status":"publish","type":"post","link":"https:\/\/www.europesays.com\/pl\/664683\/","title":{"rendered":"Z\u0142oty Wrzesie\u0144 w bydgoskim Juraszu. Wsparcie dla dzieci z chorobami nowotworowymi"},"content":{"rendered":"<p>fot. Facebook\/Szpital Jurasza<\/p>\n<p>        Liczy si\u0119 ma\u0142y pacjent<\/p>\n<p>Kampani\u0119 prowadz\u0105 Fundacja Na Ratunek Dzieciom z Chorob\u0105 Nowotworow\u0105 oraz Klinika Pediatrii, Hematologii, Onkologii, Immunologii i Transplantologii bydgoskiego szpitala.<\/p>\n<p>Organizatorzy podkre\u015blaj\u0105, \u017ce za diagnoz\u0105 zawsze stoi konkretne dziecko \u2013 ze swoimi zainteresowaniami, marzeniami i potrzeb\u0105 normalnego dzieci\u0144stwa.<\/p>\n<p>Z\u0142ota wst\u0105\u017cka symbolem nadziei i solidarno\u015bci<\/p>\n<p>Z\u0142oty kolor ma symbolizowa\u0107 si\u0142\u0119, odwag\u0119 i warto\u015b\u0107 dzieci\u0119cego \u017cycia. Kampania ma zwi\u0119ksza\u0107 wiedz\u0119 o nowotworach wieku dzieci\u0119cego, prze\u0142amywa\u0107 stereotypy i zach\u0119ca\u0107 do wi\u0119kszej czujno\u015bci wobec niepokoj\u0105cych objaw\u00f3w.<\/p>\n<p>Wczesne rozpoznanie choroby zwi\u0119ksza szanse skutecznego leczenia.<\/p>\n<p>Problem polega na tym, \u017ce pierwsze symptomy bywaj\u0105 ma\u0142o charakterystyczne. Mog\u0105 to by\u0107 m.in. przed\u0142u\u017caj\u0105ce si\u0119 os\u0142abienie, zm\u0119czenie, gor\u0105czka, obrz\u0119ki, wysypka czy nietypowe siniaki. Je\u015bli objawy nawracaj\u0105, utrzymuj\u0105 si\u0119 lub wyst\u0119puj\u0105 jednocze\u015bnie, warto skonsultowa\u0107 je z lekarzem.<\/p>\n<p>Nie tylko leczenie, ale te\u017c normalno\u015b\u0107<\/p>\n<p>W ramach Z\u0142otego Wrze\u015bnia w klinice zaplanowano wydarzenia skierowane do ma\u0142ych pacjent\u00f3w. Inauguracji kampanii towarzyszy\u0142 pokaz kulinarny przygotowany przez szefa kuchni Karczmy G\u00f3ralskiej Gazd\u00f3wka w \u017bo\u0142\u0119dowie.<\/p>\n<p>W kolejnych tygodniach maj\u0105 si\u0119 odby\u0107 tak\u017ce m.in. zaj\u0119cia edukacyjne, akademia chemika oraz kino sferyczne.<\/p>\n<p>Organizatorzy chc\u0105 w ten spos\u00f3b przypomina\u0107, \u017ce leczenie onkologiczne to nie tylko procedury medyczne, ale tak\u017ce potrzeba bezpiecze\u0144stwa, blisko\u015bci, zabawy i mo\u017cliwo\u015bci rozwijania zainteresowa\u0144.<\/p>\n<p>RakReaton \u2013 kilometry dla dzieci<\/p>\n<p>R\u00f3wnolegle 1 wrze\u015bnia ruszy\u0142a kolejna edycja RakReatonu, czyli sportowo-charytatywnego wyzwania organizowanego przez Fundacj\u0119 Na Ratunek Dzieciom z Chorob\u0105 Nowotworow\u0105.<\/p>\n<p>Celem jest wsp\u00f3lne pokonanie 1,2 mln kilometr\u00f3w. Je\u015bli uczestnikom uda si\u0119 osi\u0105gn\u0105\u0107 ten wynik, na pomoc dzieciom z chorobami nowotworowymi zostanie przekazane 120 tys. z\u0142.<\/p>\n<p>Kilometry mo\u017cna zbiera\u0107 do 30 wrze\u015bnia, spaceruj\u0105c, biegaj\u0105c lub je\u017cd\u017c\u0105c na rowerze. Do akcji mo\u017cna do\u0142\u0105czy\u0107 za po\u015brednictwem aplikacji Move4Kids.<\/p>\n<p>\u201eKa\u017cde dziecko zas\u0142uguje na przysz\u0142o\u015b\u0107\u201d<\/p>\n<p>Z\u0142oty Wrzesie\u0144 ma przede wszystkim przypomina\u0107 o najm\u0142odszych pacjentach i ich rodzinach \u2013 nie tylko w momencie diagnozy, ale r\u00f3wnie\u017c podczas d\u0142ugiego leczenia i p\u00f3\u017aniejszego powrotu do codzienno\u015bci.<\/p>\n<p>Przez ca\u0142y miesi\u0105c bydgoska klinika i fundacja b\u0119d\u0105 prowadzi\u0107 dzia\u0142ania informacyjne oraz wydarzenia zwi\u0119kszaj\u0105ce \u015bwiadomo\u015b\u0107 dotycz\u0105c\u0105 nowotwor\u00f3w dzieci\u0119cych.<\/p>\n","protected":false},"excerpt":{"rendered":"fot. Facebook\/Szpital Jurasza Liczy si\u0119 ma\u0142y pacjent Kampani\u0119 prowadz\u0105 Fundacja Na Ratunek Dzieciom z Chorob\u0105 Nowotworow\u0105 oraz Klinika&hellip;\n","protected":false},"author":2,"featured_media":664684,"comment_status":"","ping_status":"","sticky":false,"template":"","format":"standard","meta":{"footnotes":"","_share_on_mastodon":"0"},"categories":[51613],"tags":[5686,210,31838,7132,532,1264,129210,2095,7582,6927,42,38,40,39,41,129211,109607,1092,3763,129209],"class_list":["post-664683","post","type-post","status-publish","format-standard","has-post-thumbnail","category-bydgoszcz","tag-akcja","tag-aktualnosci","tag-atrakcje","tag-bydgoszcz","tag-choroba","tag-dzieci","tag-fundacje-na-ratunek-dzieciom-z-choroba-nowotworowa","tag-nowotwor","tag-objawy","tag-pacjenci","tag-pl","tag-poland","tag-polish","tag-polska","tag-polski","tag-rakreaton","tag-szpital-jurasza","tag-wydarzenia","tag-zajecia","tag-zlota-wstazka"],"share_on_mastodon":{"url":"https:\/\/pubeurope.com\/@pl\/117206962901946373","error":""},"_links":{"self":[{"href":"https:\/\/www.europesays.com\/pl\/wp-json\/wp\/v2\/posts\/664683","targetHints":{"allow":["GET"]}}],"collection":[{"href":"https:\/\/www.europesays.com\/pl\/wp-json\/wp\/v2\/posts"}],"about":[{"href":"https:\/\/www.europesays.com\/pl\/wp-json\/wp\/v2\/types\/post"}],"author":[{"embeddable":true,"href":"https:\/\/www.europesays.com\/pl\/wp-json\/wp\/v2\/users\/2"}],"replies":[{"embeddable":true,"href":"https:\/\/www.europesays.com\/pl\/wp-json\/wp\/v2\/comments?post=664683"}],"version-history":[{"count":0,"href":"https:\/\/www.europesays.com\/pl\/wp-json\/wp\/v2\/posts\/664683\/revisions"}],"wp:featuredmedia":[{"embeddable":true,"href":"https:\/\/www.europesays.com\/pl\/wp-json\/wp\/v2\/media\/664684"}],"wp:attachment":[{"href":"https:\/\/www.europesays.com\/pl\/wp-json\/wp\/v2\/media?parent=664683"}],"wp:term":[{"taxonomy":"category","embeddable":true,"href":"https:\/\/www.europesays.com\/pl\/wp-json\/wp\/v2\/categories?post=664683"},{"taxonomy":"post_tag","embeddable":true,"href":"https:\/\/www.europesays.com\/pl\/wp-json\/wp\/v2\/tags?post=664683"}],"curies":[{"name":"wp","href":"https:\/\/api.w.org\/{rel}","templated":true}]}}