{"id":664701,"date":"2026-09-03T11:59:19","date_gmt":"2026-09-03T11:59:19","guid":{"rendered":"https:\/\/www.europesays.com\/pl\/664701\/"},"modified":"2026-09-03T11:59:19","modified_gmt":"2026-09-03T11:59:19","slug":"nowe-ograniczenia-lotow-nad-wschodnia-polska-strefa-ep-r134-od-10-wrzesnia","status":"publish","type":"post","link":"https:\/\/www.europesays.com\/pl\/664701\/","title":{"rendered":"Nowe ograniczenia lot\u00f3w nad wschodni\u0105 Polsk\u0105. Strefa EP R134 od 10 wrze\u015bnia"},"content":{"rendered":"<p>Na wniosek Dow\u00f3dztwa Operacyjnego Rodzaj\u00f3w Si\u0142 Zbrojnych ograniczenie zostanie wprowadzone 10 wrze\u015bnia o godz. 00.00 UTC. Strefa b\u0119dzie obowi\u0105zywa\u0107 do 9 grudnia, do godz. 23.59 UTC, zast\u0119puj\u0105c dotychczasowe ograniczenie EP R131.<\/p>\n<p>EP R134 obejmie przestrze\u0144 od poziomu ziemi do poziomu lotu FL95, czyli w uproszczeniu do wysoko\u015bci oko\u0142o 3 kilometr\u00f3w. Strefa b\u0119dzie aktywna przez ca\u0142\u0105 dob\u0119, jednak zasady wykonywania lot\u00f3w b\u0119d\u0105 r\u00f3\u017cni\u0142y si\u0119 w zale\u017cno\u015bci od pory dnia.<\/p>\n<p>Ca\u0142kowity zakaz lot\u00f3w w nocy<\/p>\n<p>Od zachodu do wschodu s\u0142o\u0144ca w strefie EP R134 b\u0119dzie obowi\u0105zywa\u0107 ca\u0142kowity zakaz lot\u00f3w. Wyj\u0105tkiem b\u0119d\u0105 wojskowe statki powietrzne oraz uzgodnione z Centrum Operacji Powietrznych \u2013 Dow\u00f3dztwem Komponentu Powietrznego starty i l\u0105dowania z lotniska Depu\u0142tycze Kr\u00f3lewskie.<\/p>\n<p>W godzinach nocnych EP R134 b\u0119dzie przestrzeni\u0105 niesklasyfikowan\u0105.<\/p>\n<p>Kto b\u0119dzie m\u00f3g\u0142 lata\u0107 w dzie\u0144?<\/p>\n<p>Od wschodu do zachodu s\u0142o\u0144ca loty w strefie r\u00f3wnie\u017c b\u0119d\u0105 obj\u0119te zakazem, jednak przewidziano kilka wyj\u0105tk\u00f3w. Dotycz\u0105 one mi\u0119dzy innymi za\u0142ogowych statk\u00f3w powietrznych wykonuj\u0105cych lot po z\u0142o\u017ceniu planu lotu.<\/p>\n<p>Maszyny te b\u0119d\u0105 musia\u0142y posiada\u0107 dzia\u0142aj\u0105cy transponder SSR pracuj\u0105cy w modzie A i C albo w modzie S. Piloci b\u0119d\u0105 tak\u017ce zobowi\u0105zani do prowadzenia ci\u0105g\u0142ego nas\u0142uchu \u0142\u0105czno\u015bci powietrze\u2013ziemia z w\u0142a\u015bciwym organem s\u0142u\u017cb ruchu lotniczego oraz, je\u015bli zajdzie taka potrzeba, nawi\u0105zania dwukierunkowej \u0142\u0105czno\u015bci.<\/p>\n<p>Zakaz nie obejmie r\u00f3wnie\u017c wojskowych statk\u00f3w powietrznych, lot\u00f3w wykonywanych na has\u0142o GARDA i ALPHA SCRAMBLE oraz operacji posiadaj\u0105cych status HEAD, STATE, SAR, HOSP, MEDEVAC lub FFR.<\/p>\n<p>W ci\u0105gu dnia dopuszczone b\u0119d\u0105 tak\u017ce loty cywilnych bezza\u0142ogowych statk\u00f3w powietrznych, pod warunkiem \u017ce nie b\u0119d\u0105 narusza\u0142y stref identyfikacji obrony powietrznej ADIZ Bia\u0142oru\u015b i ADIZ Ukraina.<\/p>\n<p>Mo\u017cliwe dodatkowe zgody na lot<\/p>\n<p>Po wcze\u015bniejszej koordynacji z Dy\u017curn\u0105 S\u0142u\u017cb\u0105 Operacyjn\u0105 Centrum Operacji Powietrznych \u2013 Dow\u00f3dztwa Komponentu Powietrznego mo\u017cliwe b\u0119dzie dopuszczenie lot\u00f3w niespe\u0142niaj\u0105cych podstawowych kryteri\u00f3w. Kontakt w tej sprawie b\u0119dzie prowadzony pod numerem telefonu 261 828 202.<\/p>\n<p>Zgoda mo\u017ce obj\u0105\u0107 lotnictwo pa\u0144stwowe i lotnicze pogotowie ratunkowe, a tak\u017ce operacje zwi\u0105zane z ratowaniem \u017cycia lub zdrowia ludzi i zwierz\u0105t. Dotyczy to mi\u0119dzy innymi dzia\u0142a\u0144 podejmowanych podczas kl\u0119sk \u017cywio\u0142owych, katastrof, zagro\u017ce\u0144 ekologicznych oraz sytuacji awaryjnych.<\/p>\n<p>Po koordynacji dopuszczane mog\u0105 by\u0107 r\u00f3wnie\u017c loty zwi\u0105zane z ochron\u0105 i kontrol\u0105 infrastruktury krytycznej. Dzia\u0142alno\u015b\u0107 lotnicza b\u0119dzie mog\u0142a odbywa\u0107 si\u0119 tak\u017ce w specjalnych strefach TRA, wyznaczonych po konsultacji z wojskowymi s\u0142u\u017cbami operacyjnymi.<\/p>\n<p>Specjalne strefy dla dzia\u0142alno\u015bci lotniczej<\/p>\n<p>Operacje bez wymog\u00f3w RMZ, TMZ oraz obowi\u0105zkowego sk\u0142adania planu lotu FPL, poza wskazanymi wyj\u0105tkami, b\u0119d\u0105 mo\u017cliwe wy\u0142\u0105cznie w specjalnie utworzonych strefach TRA.<\/p>\n<p>Wnioski o ich wyznaczenie nale\u017cy sk\u0142ada\u0107 do Polskiej Agencji \u017beglugi Powietrznej. Nast\u0119pnie zostan\u0105 one przekazane stronie wojskowej, kt\u00f3ra oceni mo\u017cliwo\u015b\u0107 wydzielenia przestrzeni w danej lokalizacji.<\/p>\n<p>Ze wzgl\u0119du na dzia\u0142alno\u015b\u0107 wojskow\u0105 oraz ograniczone mo\u017cliwo\u015bci wyznaczania i zarz\u0105dzania takimi obszarami zainteresowane podmioty powinny wsp\u00f3\u0142pracowa\u0107 i sk\u0142ada\u0107 wsp\u00f3lne wnioski. Jedna strefa mo\u017ce dzi\u0119ki temu s\u0142u\u017cy\u0107 kilku operatorom, przy zachowaniu niezb\u0119dnego zakresu przestrzeni do wykonywania planowanych lot\u00f3w.<\/p>\n<p>Piloci musz\u0105 wyl\u0105dowa\u0107 w ci\u0105gu 25 minut<\/p>\n<p>Podmiot zarz\u0105dzaj\u0105cy specjaln\u0105 stref\u0105 TRA b\u0119dzie musia\u0142 zapewni\u0107 dost\u0119pno\u015b\u0107 naziemnego koordynatora lot\u00f3w przez ca\u0142y okres jej aktywno\u015bci. Koordynator ma pozostawa\u0107 pod wskazanym numerem telefonu oraz posiada\u0107 mo\u017cliwo\u015b\u0107 skontaktowania si\u0119 drog\u0105 radiow\u0105 lub telefoniczn\u0105 z ka\u017cdym pilotem wykonuj\u0105cym lot w strefie.<\/p>\n<p>W przypadku nag\u0142ej konieczno\u015bci dezaktywacji przestrzeni koordynator b\u0119dzie zobowi\u0105zany przekaza\u0107 wszystkim pilotom polecenie zako\u0144czenia operacji. Wszystkie statki powietrzne musz\u0105 wyl\u0105dowa\u0107 najp\u00f3\u017aniej w ci\u0105gu 25 minut od otrzymania informacji o dezaktywacji strefy.<\/p>\n<p>Niespe\u0142nienie cho\u0107by jednego z wymaganych warunk\u00f3w b\u0119dzie oznacza\u0142o brak mo\u017cliwo\u015bci uzyskania pozytywnej decyzji w sprawie utworzenia strefy.<\/p>\n<p>Naruszenie strefy b\u0119dzie z\u0142amaniem przepis\u00f3w<\/p>\n<p>Dow\u00f3dztwo Operacyjne RSZ przypomina, \u017ce wlot statku powietrznego niespe\u0142niaj\u0105cego warunk\u00f3w wy\u0142\u0105czenia do aktywnej strefy ograniczonej stanowi naruszenie przepis\u00f3w Prawa lotniczego.<\/p>\n<p>Ograniczenie zostanie wprowadzone ze wzgl\u0119du na konieczno\u015b\u0107 zapewnienia bezpiecze\u0144stwa pa\u0144stwa. Podstaw\u0119 stanowi rozporz\u0105dzenie ministra infrastruktury z 18 stycznia 2019 roku dotycz\u0105ce ogranicze\u0144 lot\u00f3w wprowadzanych na okres nieprzekraczaj\u0105cy trzech miesi\u0119cy.<\/p>\n<p>Informacja o ustanowieniu strefy zosta\u0142a opublikowana przez Polsk\u0105 Agencj\u0119 \u017beglugi Powietrznej w komunikatach NOTAM D6372\/26 oraz N6372\/26.<\/p>\n<p><img loading=\"lazy\" decoding=\"async\" class=\"alignnone size-medium wp-image-525904\" src=\"https:\/\/www.europesays.com\/pl\/wp-content\/uploads\/2026\/09\/2026_08_31_r134-640x678.png\" alt=\"Nowe ograniczenia lot\u00f3w nad wschodni\u0105 Polsk\u0105. Strefa EP R134 od 10 wrze\u015bnia\" width=\"472\" height=\"500\"  \/><\/p>\n<p><img loading=\"lazy\" decoding=\"async\" class=\"alignnone size-medium wp-image-525905\" src=\"https:\/\/www.europesays.com\/pl\/wp-content\/uploads\/2026\/09\/2026_08_31_r134_zmiana_granicy-640x797.jpg\" alt=\"Nowe ograniczenia lot\u00f3w nad wschodni\u0105 Polsk\u0105. Strefa EP R134 od 10 wrze\u015bnia\" width=\"402\" height=\"500\"  \/><\/p>\n<p>\u0179r\u00f3d\u0142o: DO RSZ<\/p>\n<p>\n                                    <a href=\"https:\/\/www.google.com\/preferences\/source?q=lublin112.pl\" target=\"_blank\" rel=\"noopener noreferrer nofollow\" onclick=\"if (!window.__cfRLUnblockHandlers) return false; gtag(&#039;event&#039;, &#039;google_preferred_source_click&#039;, {&#010;                                           &#039;link_url&#039;: this.href,&#010;                                           &#039;link_text&#039;: &#039;Ustaw lublin112.pl jako preferowane \u017ar\u00f3d\u0142o&#039;&#010;                                       });\" style=\"text-align:center;display:block;\" data-cf-modified-7bf31ce63f3070f9310a1f07-=\"\"><br \/>\n                                        <img decoding=\"async\" src=\"https:\/\/www.europesays.com\/pl\/wp-content\/uploads\/2026\/09\/1788436759_784_lublin112-google-source.webp\" alt=\"Ustaw lublin112.pl jako preferowane \u017ar\u00f3d\u0142o w Google\" style=\"max-width: 70%;\"\/><br \/>\n                                    <\/a><br \/>\n                                    <\/p>\n","protected":false},"excerpt":{"rendered":"Na wniosek Dow\u00f3dztwa Operacyjnego Rodzaj\u00f3w Si\u0142 Zbrojnych ograniczenie zostanie wprowadzone 10 wrze\u015bnia o godz. 00.00 UTC. Strefa b\u0119dzie&hellip;\n","protected":false},"author":2,"featured_media":664702,"comment_status":"","ping_status":"","sticky":false,"template":"","format":"standard","meta":{"footnotes":"","_share_on_mastodon":"0"},"categories":[12],"tags":[129223,116237,129224,128845,129225,26974,42,38,40,39,41,4060,65022],"class_list":["post-664701","post","type-post","status-publish","format-standard","has-post-thumbnail","category-polska","tag-bezzalogowe-statki-powietrzne","tag-dowodztwo-operacyjne-rsz","tag-ep-r134","tag-notam","tag-ograniczenia-lotow","tag-pazp","tag-pl","tag-poland","tag-polish","tag-polska","tag-polski","tag-przestrzen-powietrzna","tag-wschodnia-polska"],"share_on_mastodon":{"url":"https:\/\/pubeurope.com\/@pl\/117207000141168228","error":""},"_links":{"self":[{"href":"https:\/\/www.europesays.com\/pl\/wp-json\/wp\/v2\/posts\/664701","targetHints":{"allow":["GET"]}}],"collection":[{"href":"https:\/\/www.europesays.com\/pl\/wp-json\/wp\/v2\/posts"}],"about":[{"href":"https:\/\/www.europesays.com\/pl\/wp-json\/wp\/v2\/types\/post"}],"author":[{"embeddable":true,"href":"https:\/\/www.europesays.com\/pl\/wp-json\/wp\/v2\/users\/2"}],"replies":[{"embeddable":true,"href":"https:\/\/www.europesays.com\/pl\/wp-json\/wp\/v2\/comments?post=664701"}],"version-history":[{"count":0,"href":"https:\/\/www.europesays.com\/pl\/wp-json\/wp\/v2\/posts\/664701\/revisions"}],"wp:featuredmedia":[{"embeddable":true,"href":"https:\/\/www.europesays.com\/pl\/wp-json\/wp\/v2\/media\/664702"}],"wp:attachment":[{"href":"https:\/\/www.europesays.com\/pl\/wp-json\/wp\/v2\/media?parent=664701"}],"wp:term":[{"taxonomy":"category","embeddable":true,"href":"https:\/\/www.europesays.com\/pl\/wp-json\/wp\/v2\/categories?post=664701"},{"taxonomy":"post_tag","embeddable":true,"href":"https:\/\/www.europesays.com\/pl\/wp-json\/wp\/v2\/tags?post=664701"}],"curies":[{"name":"wp","href":"https:\/\/api.w.org\/{rel}","templated":true}]}}