{"id":664715,"date":"2026-09-03T12:06:16","date_gmt":"2026-09-03T12:06:16","guid":{"rendered":"https:\/\/www.europesays.com\/pl\/664715\/"},"modified":"2026-09-03T12:06:16","modified_gmt":"2026-09-03T12:06:16","slug":"jest-szansa-na-porozumienie-pokojowe-rosji-z-ukraina-putin-moim-zdaniem-tak","status":"publish","type":"post","link":"https:\/\/www.europesays.com\/pl\/664715\/","title":{"rendered":"Jest szansa na porozumienie pokojowe Rosji z Ukrain\u0105? Putin: moim zdaniem tak"},"content":{"rendered":"<p>Wyst\u0119puj\u0105c na Wschodnim Forum Ekonomicznym we W\u0142adywostoku, Putin powiedzia\u0142 te\u017c, \u017ce szereg kraj\u00f3w, w tym Stany Zjednoczone i Chiny, jest gotowych poprze\u0107 porozumienie pokojowe. \u2014 Jeste\u015bmy wdzi\u0119czni wszystkim, kt\u00f3rzy pr\u00f3buj\u0105 wnie\u015b\u0107 wk\u0142ad w rozwi\u0105zanie tego problemu. Czy jest na to szansa? Moim zdaniem tak, jest \u2014 powiedzia\u0142.<\/p>\n<p>Zastrzeg\u0142 jednak, \u017ce problem ten powinny rozwi\u0105za\u0107 przede wszystkim kraje uczestnicz\u0105ce w tym konflikcie, czyli Rosja i Ukraina.<\/p>\n<p><a href=\"https:\/\/www.onet.pl\/\" title=\"Strona G\u0142\u00f3wna\" aria-label=\"Strona G\u0142\u00f3wna\" data-astro-prefetch=\"tap\" class=\"ods-a-logo-main-desktop\" rel=\"nofollow noopener\" target=\"_blank\"><img src=\"https:\/\/cdn.wiadomosci.onet.pl\/img\/Logo_desktop_Onet.svg\" class=\"ods-a-logo-main-desktop__image\" alt=\"Logo\" width=\"107\" height=\"60\" fetchpriority=\"high\" decoding=\"sync\" style=\"height:60px\"\/><\/a><\/p>\n<p class=\"ods-m-google-article__text\">Czytaj nas cz\u0119\u015bciej w Google<\/p>\n<p><a href=\"https:\/\/google.com\/preferences\/source?q=wiadomosci.onet.pl\" target=\"_blank\" rel=\"noopener noreferrer nofollow\" aria-label=\"Dodaj w Google\" title=\"Dodaj w Google\" class=\"ods-a-button ods-a-button__primary ods-a-button__default ods-a-button-l\">Dodaj w Google<\/a>Dalszy ci\u0105g artyku\u0142u pod materia\u0142em wideoKontakty mi\u0119dzy Rosj\u0105 i Ukrain\u0105 na poziomie s\u0142u\u017cb specjalnych<\/p>\n<p>Ujawni\u0142, \u017ce utrzymywane s\u0105 kontakty mi\u0119dzy Rosj\u0105 a Ukrain\u0105, przede wszystkim na szczeblu s\u0142u\u017cb specjalnych. \u2014 Na ile prowadz\u0105 one do porozumienia pokojowego, trudno mi teraz powiedzie\u0107, bior\u0105c pod uwag\u0119 wypowiedzi, kt\u00f3re s\u0142yszeli\u015bmy w ostatnim czasie ze strony najwa\u017cniejszych osobisto\u015bci Ukrainy \u2014 doda\u0142.<\/p>\n<p>Zdesperowana Rosja masakruje kolejne miasto. Tak chce przeci\u0105\u017cy\u0107 ukrai\u0144sk\u0105 obron\u0119. &#8222;Coraz wi\u0119ksza liczba \u015brodk\u00f3w bojowych&#8221;<\/p>\n<p class=\"ods-o-frame-in-text__paragraph\"><a href=\"https:\/\/wiadomosci.onet.pl\/swiat\/tak-rosja-chce-wykonczyc-kolejne-miasto-ukrainy-coraz-wieksza-liczba-srodkow-bojowych\/6cejqen?tpcc=202608_bloczek_newsroom\" id=\"28765a8c-4a9d-4f9f-b606-a7c096d2fd9f\" rel=\"nofollow noopener\" target=\"_blank\">Przeczytaj ca\u0142o\u015b\u0107 artyku\u0142u!<\/a><\/p>\n<p><img class=\"ods-a-photo ods-a-photo--background\" src=\"https:\/\/www.europesays.com\/pl\/wp-content\/uploads\/2026\/09\/99Pk9lBaHR0cHM6Ly9vY2RuLmV1L3B1bHNjbXMvTURBXy8yNDIxNjU4YjBlOTQyOTM5ZDhmM2ZiZGU2MjA0ZDkxNy5qcGeRlQLNA.jpeg\" height=\"300\" width=\"450\" alt=\"Zniszczenia w Odessie, 19 marca 2026\" loading=\"lazy\" fetchpriority=\"low\" decoding=\"async\"\/>Putin oskar\u017ca Ukrain\u0119 o pa\u0144stwowy terroryzmPutin nawi\u0105za\u0142 te\u017c do wtorkowej <a href=\"https:\/\/wiadomosci.onet.pl\/swiat\/ukraina-ostrzegala-zagraniczne-linie-odwoluja-loty-do-moskwy\/1bdjt4d\" id=\"9f9f94e5-ad0d-4522-a9a8-bf39e789de6d\" rel=\"nofollow noopener\" target=\"_blank\">zapowiedzi prezydenta Ukrainy Wo\u0142odymyra Ze\u0142enskiego o rozpocz\u0119ciu kampanii blokowania rosyjskiej przestrzeni powietrznej<\/a>. &#8222;Dzi\u015b chcemy ostrzec ka\u017cd\u0105 lini\u0119 lotnicz\u0105 korzystaj\u0105c\u0105 z rosyjskiej przestrzeni powietrznej, ka\u017cdego ubezpieczyciela oraz wszystkich, kt\u00f3rzy nadal korzystaj\u0105 z kluczowych rosyjskich lotnisk: rosyjskie niebo staje si\u0119 ca\u0142kowicie niebezpieczne&#8221; \u2014 powiedzia\u0142 Ze\u0142enski.<\/p>\n<p>Wed\u0142ug Putina przejmowanie cywilnych statk\u00f3w i atakowanie ich, a tak\u017ce gro\u017aby atak\u00f3w na cywilne samoloty, to przejawy terroryzmu pa\u0144stwowego. \u2014 Milcz\u0105c o dzia\u0142aniach Kijowa, zachodni sojusznicy Ukrainy staj\u0105 si\u0119 wsp\u00f3\u0142uczestnikami terroryzmu pa\u0144stwowego \u2014 oznajmi\u0142.<\/p>\n<p>Kreml ma nadziej\u0119 na dalsze kontakty z USA<\/p>\n<p>Putin o\u015bwiadczy\u0142 te\u017c, \u017ce Rosja opowiada si\u0119 za pe\u0142nowymiarowym przywr\u00f3ceniem stosunk\u00f3w z USA. Wyrazi\u0142 te\u017c nadziej\u0119, \u017ce dialog ze Stanami Zjednoczonymi da pozytywne rezultaty. \u2014 Je\u015bli chodzi o nasze kontakty z ameryka\u0144sk\u0105 administracj\u0105, to s\u0105 one kontynuowane. I mam nadziej\u0119, \u017ce nadal tak b\u0119dzie \u2014 powiedzia\u0142.<\/p>\n<p><a href=\"https:\/\/wiadomosci.onet.pl\/swiat\/niespokojnie-w-ukrainie-rosja-odpowiada-na-decyzje-niemiec-podsumowanie-nocy\/81dqzfz\" id=\"c200c04a-0dce-4628-b7b7-cb9ce5359906\" rel=\"nofollow noopener\" target=\"_blank\">Prezydent USA Donald Trump powiedzia\u0142 w \u015brod\u0119, \u017ce chce spotka\u0107 si\u0119 z Putinem<\/a>, lecz dopiero wtedy, gdy Rosja i Ukraina b\u0119d\u0105 gotowe do zawarcia porozumienia pokojowego.<\/p>\n<p>Trump oceni\u0142, \u017ce cho\u0107 przeszkod\u0105 w zawarciu pokoju jest animozja mi\u0119dzy przyw\u00f3dcami Rosji i Ukrainy, Putinem i Ze\u0142enskim, to uwa\u017ca, \u017ce w rozmowach pojawi\u0142 si\u0119 &#8222;nowy impuls energii&#8221;, a porozumienie jest blisko.<\/p>\n","protected":false},"excerpt":{"rendered":"Wyst\u0119puj\u0105c na Wschodnim Forum Ekonomicznym we W\u0142adywostoku, Putin powiedzia\u0142 te\u017c, \u017ce szereg kraj\u00f3w, w tym Stany Zjednoczone i&hellip;\n","protected":false},"author":2,"featured_media":664716,"comment_status":"","ping_status":"","sticky":false,"template":"","format":"standard","meta":{"footnotes":"","_share_on_mastodon":"0"},"categories":[14],"tags":[61195,32,33,27,76,34,35,28,31,48,25,46,40,41,87,47,80,29,30,415,26,408,309,82,83,84],"class_list":["post-664715","post","type-post","status-publish","format-standard","has-post-thumbnail","category-swiat","tag-bottomfeed_styl","tag-breaking-news","tag-breakingnews","tag-headlines","tag-inwazja_rosji_na_ukraine","tag-latest-news","tag-latestnews","tag-naglowki","tag-najwazniejsze-artykuly","tag-nat_styl","tag-news","tag-omp","tag-polish","tag-polski","tag-rosja","tag-screening_general","tag-swiat","tag-top-stories","tag-topstories","tag-ukraina","tag-wiadomosci","tag-wladimir_putin","tag-wolodymyr_zelenski","tag-world","tag-world-news","tag-worldnews"],"share_on_mastodon":{"url":"https:\/\/pubeurope.com\/@pl\/117207026064069290","error":""},"_links":{"self":[{"href":"https:\/\/www.europesays.com\/pl\/wp-json\/wp\/v2\/posts\/664715","targetHints":{"allow":["GET"]}}],"collection":[{"href":"https:\/\/www.europesays.com\/pl\/wp-json\/wp\/v2\/posts"}],"about":[{"href":"https:\/\/www.europesays.com\/pl\/wp-json\/wp\/v2\/types\/post"}],"author":[{"embeddable":true,"href":"https:\/\/www.europesays.com\/pl\/wp-json\/wp\/v2\/users\/2"}],"replies":[{"embeddable":true,"href":"https:\/\/www.europesays.com\/pl\/wp-json\/wp\/v2\/comments?post=664715"}],"version-history":[{"count":0,"href":"https:\/\/www.europesays.com\/pl\/wp-json\/wp\/v2\/posts\/664715\/revisions"}],"wp:featuredmedia":[{"embeddable":true,"href":"https:\/\/www.europesays.com\/pl\/wp-json\/wp\/v2\/media\/664716"}],"wp:attachment":[{"href":"https:\/\/www.europesays.com\/pl\/wp-json\/wp\/v2\/media?parent=664715"}],"wp:term":[{"taxonomy":"category","embeddable":true,"href":"https:\/\/www.europesays.com\/pl\/wp-json\/wp\/v2\/categories?post=664715"},{"taxonomy":"post_tag","embeddable":true,"href":"https:\/\/www.europesays.com\/pl\/wp-json\/wp\/v2\/tags?post=664715"}],"curies":[{"name":"wp","href":"https:\/\/api.w.org\/{rel}","templated":true}]}}