{"id":664731,"date":"2026-09-03T12:17:14","date_gmt":"2026-09-03T12:17:14","guid":{"rendered":"https:\/\/www.europesays.com\/pl\/664731\/"},"modified":"2026-09-03T12:17:14","modified_gmt":"2026-09-03T12:17:14","slug":"zuzel-wiemy-jak-orzel-wystapi-w-bydgoszczy-oto-sklady","status":"publish","type":"post","link":"https:\/\/www.europesays.com\/pl\/664731\/","title":{"rendered":"\u017bu\u017cel. Wiemy, jak Orze\u0142 wyst\u0105pi w Bydgoszczy. Oto sk\u0142ady"},"content":{"rendered":"\n<p class=\"contentpart contentpart--default contentpart--text\" data-position=\"0\">Abramczyk Polonia jak burza przesz\u0142a przez rund\u0119 zasadnicz\u0105 Metalkas 2. Ekstraligi z kompletem 14 zwyci\u0119stw. H. Skrzydlewska Orze\u0142 jako jedyny potrafi\u0142 postawi\u0107 si\u0119 pretendentowi do awansu i zremisowa\u0142 pierwszy mecz p\u00f3\u0142fina\u0142owy na w\u0142asnym torze 45:45. Niemniej to wci\u0105\u017c Bydgoszczanie s\u0105 murowanym faworytem tego dwumeczu.<\/p>\n<p class=\"contentpart contentpart--default contentpart--text\" data-position=\"1\">Do rewan\u017cu w Bydgoszczy Orze\u0142 przyst\u0105pi os\u0142abiony. W pierwszym meczu obu dru\u017cyn na tor upad\u0142 Villads Nagel. M\u0142ody Du\u0144czyk doko\u0144czy\u0142 spotkanie, ale jak si\u0119 p\u00f3\u017aniej okaza\u0142o dozna\u0142 z\u0142amania r\u0119ki. Jego miejsce zaj\u0105\u0142 Daniel Thompson.<\/p>\n<p>  <img decoding=\"async\" src=\"https:\/\/v.wpimg.pl\/X3dwLnN2d1IFFTpdYUl6R0ZNbgcnEHQREVV2TGEGbUtRT2MdOlZ2RBQUKABgQjQcDRotCStBd1IAAWMeIlM7VgwYIAorQAdEFFk_GCkQJQ\" alt=\"\" width=\"45\" height=\"58\" loading=\"lazy\"\/>  <\/p>\n<p class=\"contentpart contentpart--default contentpart--text\" data-position=\"2\">ZOBACZ WIDEO: &#8222;Nie chce by\u0107 frajerem&#8221;. Prezes PGE Ekstraligi nie gryz\u0142 si\u0119 w j\u0119zyk w temacie kontrakt\u00f3w<\/p>\n<p class=\"contentpart contentpart--default contentpart--text\" data-position=\"4\">W zestawieniu gospodarzy nie dosz\u0142o do zmian. Wa\u017cn\u0105 informacj\u0105 jest to, \u017ce do \u015bcigania powr\u00f3ci\u0142 po kontuzji Wiktor Przyjemski, kt\u00f3ry standardowo znajdzie si\u0119 pod numerem szesnastym.<\/p>\n<p class=\"contentpart contentpart--default contentpart--text\" data-position=\"5\">Awizowane sk\u0142ady:<\/p>\n<p class=\"contentpart contentpart--default contentpart--text\" data-position=\"6\"><a href=\"https:\/\/sportowefakty.wp.pl\/zuzel\/hskrzydlewska-orzel-lodz\" rel=\"nofollow noopener\" target=\"_blank\">H.Skrzydlewska Orze\u0142 \u0141\u00f3d\u017a<\/a>:<br \/>1. Marcin Nowak<br \/>2. Daniel Thompson<br \/>3. Zach Cook<br \/>4. Szymon Szlauderbach<br \/>5. Oliver Berntzon<br \/>6. Krzysztof Lewandowski<br \/>7. Kacper Halkiewicz<\/p>\n<p>  <img decoding=\"async\" src=\"https:\/\/v.wpimg.pl\/X3dwLnN2d1IFFTpdYUl6R0ZNbgcnEHQREVV2TGEGbUtRT2MdOlZ2RBQUKABgQjQcDRotCStBd1IAAWMeIlM7VgwYIAorQAdEFFk_GCkQJQ\" alt=\"\" width=\"45\" height=\"58\" loading=\"lazy\"\/>  <\/p>\n<p class=\"contentpart contentpart--default contentpart--text\" data-position=\"7\"><a href=\"https:\/\/sportowefakty.wp.pl\/zuzel\/polonia-bydgoszcz\" rel=\"nofollow noopener\" target=\"_blank\">Abramczyk Polonia Bydgoszcz<\/a>:<br \/>9. Szymon Wo\u017aniak<br \/>10. Maksymilian Kostera<br \/>11. Kai Huckenbeck<br \/>12. Aleksandr \u0141oktajew<br \/>13. Krzysztof Buczkowski<br \/>14. Maksymilian Pawe\u0142czak<br \/>15. Kacper Andrzejewski<\/p>\n<p class=\"contentpart contentpart--default contentpart--text\" data-position=\"8\">Pocz\u0105tek spotkania: 15:15<br \/>S\u0119dzia: Piotr Lis\u00a0<br \/>Komisarz toru: \u0141ukasz Izak<br \/>Przewodnicz\u0105cy jury: Zbigniew Ku\u015bnierski<br \/>Komisarz techniczny: Rafa\u0142 Wojciechowski<br \/>Wynik pierwszego spotkania: \u0141\u00f3d\u017a 45:45 Bydgoszcz<\/p>\n","protected":false},"excerpt":{"rendered":"Abramczyk Polonia jak burza przesz\u0142a przez rund\u0119 zasadnicz\u0105 Metalkas 2. Ekstraligi z kompletem 14 zwyci\u0119stw. H. Skrzydlewska Orze\u0142&hellip;\n","protected":false},"author":2,"featured_media":664732,"comment_status":"","ping_status":"","sticky":false,"template":"","format":"standard","meta":{"footnotes":"","_share_on_mastodon":"0"},"categories":[51613],"tags":[883,7132,22718,3652,979,42,38,40,39,41,174],"class_list":["post-664731","post","type-post","status-publish","format-standard","has-post-thumbnail","category-bydgoszcz","tag-abramczyk-polonia-bydgoszcz","tag-bydgoszcz","tag-h-skrzydlewska-orzel-lodz","tag-lodz","tag-metalkas-2-ekstraliga","tag-pl","tag-poland","tag-polish","tag-polska","tag-polski","tag-zuzel"],"share_on_mastodon":{"url":"https:\/\/pubeurope.com\/@pl\/117207070326464741","error":""},"_links":{"self":[{"href":"https:\/\/www.europesays.com\/pl\/wp-json\/wp\/v2\/posts\/664731","targetHints":{"allow":["GET"]}}],"collection":[{"href":"https:\/\/www.europesays.com\/pl\/wp-json\/wp\/v2\/posts"}],"about":[{"href":"https:\/\/www.europesays.com\/pl\/wp-json\/wp\/v2\/types\/post"}],"author":[{"embeddable":true,"href":"https:\/\/www.europesays.com\/pl\/wp-json\/wp\/v2\/users\/2"}],"replies":[{"embeddable":true,"href":"https:\/\/www.europesays.com\/pl\/wp-json\/wp\/v2\/comments?post=664731"}],"version-history":[{"count":0,"href":"https:\/\/www.europesays.com\/pl\/wp-json\/wp\/v2\/posts\/664731\/revisions"}],"wp:featuredmedia":[{"embeddable":true,"href":"https:\/\/www.europesays.com\/pl\/wp-json\/wp\/v2\/media\/664732"}],"wp:attachment":[{"href":"https:\/\/www.europesays.com\/pl\/wp-json\/wp\/v2\/media?parent=664731"}],"wp:term":[{"taxonomy":"category","embeddable":true,"href":"https:\/\/www.europesays.com\/pl\/wp-json\/wp\/v2\/categories?post=664731"},{"taxonomy":"post_tag","embeddable":true,"href":"https:\/\/www.europesays.com\/pl\/wp-json\/wp\/v2\/tags?post=664731"}],"curies":[{"name":"wp","href":"https:\/\/api.w.org\/{rel}","templated":true}]}}