{"id":664759,"date":"2026-09-03T12:31:23","date_gmt":"2026-09-03T12:31:23","guid":{"rendered":"https:\/\/www.europesays.com\/pl\/664759\/"},"modified":"2026-09-03T12:31:23","modified_gmt":"2026-09-03T12:31:23","slug":"w-koncu-ktos-pokazal-ze-ai-moze-byc-praktyczne-philips-hue-polaczy-sie-z-nanoleaf","status":"publish","type":"post","link":"https:\/\/www.europesays.com\/pl\/664759\/","title":{"rendered":"W ko\u0144cu kto\u015b pokaza\u0142, \u017ce AI mo\u017ce by\u0107 praktyczne. Philips Hue po\u0142\u0105czy si\u0119\u00a0z Nanoleaf"},"content":{"rendered":"<p>Funkcje AI trafiaj\u0105 do elektroniki g\u0142\u00f3wnie ze wzgl\u0119du na mod\u0119 i panuj\u0105ce trendy, a nie w celu rozwi\u0105zania konkretnych problem\u00f3w. Tak\u0105 opini\u0119 mam ju\u017c od d\u0142u\u017cszego czasu. Sztuczna inteligencja pr\u00f3buje rozwi\u0105za\u0107 problemy, kt\u00f3re s\u0105 wymy\u015blane przez producent\u00f3w. Trudno jest wskaza\u0107 du\u017cego producenta smartfon\u00f3w, kt\u00f3ry nie chwali si\u0119 tym, \u017ce AI zam\u00f3wi nam Ubera i zarezerwuje stolik w restauracji. Brzmi jak funkcja, kt\u00f3ra zmieni moje \u017cycie.\u00a0<\/p>\n<p>Nie przecz\u0119, sam korzystam z funkcji AI. Do przy\u015bpieszenia wyszukiwania informacji czy podczas edycji zdj\u0119\u0107, jednak s\u0105 to bardziej narz\u0119dzia konkretnych aplikacji ni\u017c funkcje sprz\u0119tu. I w\u0142a\u015bnie w tym momencie ca\u0142y na bia\u0142o wchodzi Philips Hue.<\/p>\n<p>Podczas targ\u00f3w IFA firma pokaza\u0142a nowe urz\u0105dzenia, ale te\u017c zupe\u0142nie nowy spos\u00f3b zarz\u0105dzania sprz\u0119tem z wykorzystaniem AI. Podobne rozwi\u0105zania powinny trafi\u0107 m.in. do robot\u00f3w sprz\u0105taj\u0105cych i urz\u0105dze\u0144 smart home.\u00a0\u00a0<\/p>\n<p><a href=\"https:\/\/zero.pl\/news\/nowe-zegarki-huawei-watch-gt-7-i-watch-gt-7-pro-czy-jest-tu-miejsce-na-usprawnienia\" class=\"\" rel=\"nofollow noopener\" target=\"_blank\">Nowe zegarki Huawei Watch GT 7 i Watch GT 7 Pro. Czy jest tu miejsce na usprawnienia?<\/a><\/p>\n<p>Philips Hue pomo\u017ce skonfigurowa\u0107 o\u015bwietlenie i nowe regu\u0142y z pomoc\u0105 AI<img width=\"2560\" height=\"1707\" data-nuxt-img=\"\"   onerror=\"this.setAttribute('data-error', 1)\" class=\"article-image size-full wp-image-166964\" loading=\"lazy\" decoding=\"async\" alt=\"\" src=\"https:\/\/www.europesays.com\/pl\/wp-content\/uploads\/2026\/09\/philips-hue-ifa-2026-8.jpg\" data-v-e4ee449a=\"\"\/><\/p>\n<p class=\"wp-caption-text\">Philips Hue, IFA 2026 (fot. Arkadiusz Dzierma\u0144ski \/ Zero.pl)<\/p>\n<p>Inteligentne o\u015bwietlenie oraz og\u00f3lnie inteligentny dom oferuj\u0105 bardzo szeroki zakres konfiguracji. Dla przyk\u0142adu: konkretne \u015bwiat\u0142o mo\u017ce si\u0119 uruchamia\u0107 i gasn\u0105\u0107 automatycznie o wybranej godzinie lub w\u0142\u0105cza\u0107 si\u0119 po wykryciu ruchu za pomoc\u0105 czujnika. Takich regu\u0142 mo\u017cemy stworzy\u0107 wiele, ale ka\u017cd\u0105 z nich trzeba, m\u00f3wi\u0105c wprost, przeklika\u0107.<\/p>\n<p>Mo\u017ce ich by\u0107 tyle, ile przewidzia\u0142 producent, ale ka\u017cda regu\u0142a wymaga wprowadzenia jej do aplikacji. Ka\u017cda opcja musi by\u0107 dodana i jest kolejnym elementem, poziomem lub oknem aplikacji. Philips Hue postanowi\u0142 zast\u0105pi\u0107 to za pomoc\u0105 AI.<\/p>\n<p>Zamiast przeklikiwa\u0107 si\u0119 przez kolejne poziomy aplikacji, wystarczy wprowadzi\u0107 w niej polecenie za pomoc\u0105 naturalnego j\u0119zyka. Producent poda\u0142 tutaj ciekawy przyk\u0142ad \u2013 je\u015bli wcisn\u0119 prze\u0142\u0105cznik w sypialni, uruchom \u015bwiat\u0142o na korytarzu na 30 sekund. Wprowadzenie takiej regu\u0142y r\u0119cznie wymaga\u0142oby po\u015bwi\u0119cenia na to sporo czasu, a tu wystarczy wpisa\u0107 jedno zdanie i aplikacja sama j\u0105 stworzy.\u00a0<\/p>\n<p>Wydaje si\u0119 to banalne, ale to mo\u017ce zmieni\u0107 dodawanie regu\u0142 automatyzacji i takie rozwi\u0105zania powinny si\u0119 pojawi\u0107 wsz\u0119dzie tam, gdzie mamy dost\u0119pne podobne funkcje. Czyli w urz\u0105dzeniach inteligentnego domu czy robotach sprz\u0105taj\u0105cych. W ko\u0144cu AI w elektronice mo\u017ce by\u0107 naprawd\u0119 u\u017cyteczne.\u00a0<\/p>\n<p>Oczywi\u015bcie, \u017ce musi by\u0107 w tym wszystkim haczyk. Funkcje AI pojawi\u0105 si\u0119 w pa\u017adzierniku, ale tylko dla u\u017cytkownik\u00f3w, kt\u00f3rzy korzystaj\u0105 z nowego modelu mostka Bridge Pro.\u00a0<\/p>\n<p><a href=\"https:\/\/zero.pl\/news\/premiera-poco-f9-pro-i-poco-f9-ultra-uprzedzila-applea-tak-ma-wygladac-iphone-18-pro\" class=\"\" rel=\"nofollow noopener\" target=\"_blank\">Poco F9 Pro i Poco F9 Ultra zadebiutowa\u0142y w Polsce. Xiaomi uprzedzi\u0142 iPhone&#8217;a 18 Pro<\/a><\/p>\n<p>Philips Hue dodaje d\u0142ugo wyczekiwan\u0105 funkcj\u0105 kopii zapasowej<img width=\"2560\" height=\"1707\" data-nuxt-img=\"\"   onerror=\"this.setAttribute('data-error', 1)\" class=\"article-image size-full wp-image-166967\" loading=\"lazy\" decoding=\"async\" alt=\"\" src=\"https:\/\/www.europesays.com\/pl\/wp-content\/uploads\/2026\/09\/philips-hue-ifa-2026-5.jpg\" data-v-e4ee449a=\"\"\/><\/p>\n<p class=\"wp-caption-text\">Philips Hue, IFA 2026. Listwa o\u015bwietlenia zewn\u0119trzengo.\u00a0 (fot. Arkadiusz Dzierma\u0144ski \/ Zero.pl)<\/p>\n<p>Nie tylko tworzenie regu\u0142, ale te\u017c sama konfiguracja o\u015bwietlenia Philips Hue, szczeg\u00f3lnie przy du\u017cej liczbie element\u00f3w, bywa czasoch\u0142onna. To a\u017c dziwne, \u017ce producent do tej pory nie mia\u0142 funkcji tworzenia kopii zapasowej i to si\u0119 w ko\u0144cu zmienia.<\/p>\n<p>Wszystkie stworzone ustawienia b\u0119dzie mo\u017cna zapisa\u0107, a nast\u0119pnie \u0142atwo je wczyta\u0107 i zastosowa\u0107 ponownie. To szczeg\u00f3lnie przydatne przy np. przeprowadzce, zmianie routera, dostawcy internetu czy te\u017c zwyczajnie kiedy co\u015b pomieszamy w konfiguracji i b\u0119dziemy chcieli si\u0119 zabezpieczy\u0107 na tak\u0105 ewentualno\u015b\u0107.\u00a0<\/p>\n<p>Funkcja pojawi si\u0119 wraz z najnowsz\u0105 aktualizacj\u0105 oprogramowania.\u00a0<\/p>\n<p><a href=\"https:\/\/zero.pl\/news\/xiaomi-14-pro-z-wieksza-bateria-wydluzanie-zycia-starszych-modeli-recepta-na-kryzys\" class=\"\" rel=\"nofollow noopener\" target=\"_blank\">Xiaomi 14 Pro z wi\u0119ksz\u0105 bateri\u0105. Wyd\u0142u\u017canie \u017cycia starszych modeli recept\u0105 na kryzys<\/a><\/p>\n<p>Drogie o\u015bwietlenie lubi si\u0119 przyci\u0105ga\u0107, czyli Philips Hue wchodzi w partnerstwo z Nanoleaf<img width=\"2560\" height=\"1707\" data-nuxt-img=\"\"   onerror=\"this.setAttribute('data-error', 1)\" class=\"article-image size-full wp-image-166965\" loading=\"lazy\" decoding=\"async\" alt=\"\" src=\"https:\/\/www.europesays.com\/pl\/wp-content\/uploads\/2026\/09\/philips-hue-ifa-2026-7.jpg\" data-v-e4ee449a=\"\"\/><\/p>\n<p class=\"wp-caption-text\">Philips Hue, IFA 2026. Panele Nanoleaf (fot. Arkadiusz Dzierma\u0144ski \/ Zero.pl)<\/p>\n<p>Nanoleaf to producent modnych, bardzo efektownych paneli \u015bwietlnych w formie tr\u00f3jk\u0105t\u00f3w lub hexagon\u00f3w. Podobnie jak Philips Hue, to nie s\u0105 tanie rzeczy. Od teraz drogie o\u015bwietlenie b\u0119dzie mo\u017cna ze sob\u0105 po\u0142\u0105czy\u0107.<\/p>\n<p>Pos\u0142u\u017cy do tego niewielki odbiornik, dzi\u0119ki kt\u00f3remu sprz\u0119t Nanoleaf stanie si\u0119 cz\u0119\u015bci\u0105 ekosystemu Hue. Oczywi\u015bcie nie za darmo, a za 39,99 euro.<\/p>\n<p><img width=\"2560\" height=\"1707\" data-nuxt-img=\"\"   onerror=\"this.setAttribute('data-error', 1)\" class=\"article-image size-full wp-image-166961\" loading=\"lazy\" decoding=\"async\" alt=\"\" src=\"https:\/\/www.europesays.com\/pl\/wp-content\/uploads\/2026\/09\/philips-hue-ifa-2026-11.jpg\" data-v-e4ee449a=\"\"\/><\/p>\n<p class=\"wp-caption-text\">Philips Hue, IFA 2026 (fot. Arkadiusz Dzierma\u0144ski \/ Zero.pl)<\/p>\n<p>Musz\u0119 tu przyzna\u0107, \u017ce dawno nie widzia\u0142em podczas prezentacji sprz\u0119tu tak zadowolonego cz\u0142owieka jak prezes Nanoleaf. Mi\u0142o jest zobaczy\u0107, jak kto\u015b z pasj\u0105 opowiada o tym, jak wsp\u00f3lnie z inzynierami Philips Hue pracowa\u0142 nad dopasowaniem obu system\u00f3w. \u0141atwo go zrozumie\u0107, w ko\u0144cu ma stosunkowo niewielk\u0105 firm\u0119, do kt\u00f3rej zg\u0142osi\u0142 si\u0119 jeden z najwi\u0119kszych graczy na rynku o\u015bwietlenia. Mo\u017ce nawet przez chwil\u0119 przesta\u0142em my\u015ble\u0107 o tym, jak drogie jest o\u015bwietlenie Nanoleaf. By\u0142a to bardzo kr\u00f3tka chwila, bo szybko przypomnia\u0142em sobie, \u017ce polskie ceny zaczynaj\u0105 si\u0119 od 189 z\u0142 za trzy \u015bwiec\u0105ce heksagony, przez 799 z\u0142 za dziewi\u0119\u0107, po 1 099 z\u0142 za 15.\u00a0<\/p>\n<p><a href=\"https:\/\/zero.pl\/news\/dreame-przesadzil-z-ekspansja-firma-ma-problemy-z-finansami\" class=\"\" rel=\"nofollow noopener\" target=\"_blank\">Dreame przesadzi\u0142 z ekspansj\u0105. Firma wpad\u0142a w tarapaty<\/a><\/p>\n<p>O\u015bwietlenie pod\u0142\u0105czone do telewizora nie b\u0119dzie wymaga\u0107 mostka, a obraz mo\u017ce \u015bledzi\u0107 kamera<img width=\"2560\" height=\"1707\" data-nuxt-img=\"\"   onerror=\"this.setAttribute('data-error', 1)\" class=\"article-image size-full wp-image-166958\" loading=\"lazy\" decoding=\"async\" alt=\"\" src=\"https:\/\/www.europesays.com\/pl\/wp-content\/uploads\/2026\/09\/philips-hue-ifa-2026-14.jpg\" data-v-e4ee449a=\"\"\/><\/p>\n<p class=\"wp-caption-text\">Philips Hue, IFA 2026 (fot. Arkadiusz Dzierma\u0144ski \/ Zero.pl)<\/p>\n<p>O\u015bwietlenie Philips Hue jest drogie, bywa te\u017c bardzo drogie. Dodatkowo jego spora cz\u0119\u015b\u0107 wymaga kolejnej op\u0142aty w postaci dokupienia mostka.\u00a0W ko\u0144cu cz\u0119\u015bciowo si\u0119 to zmieni, przynajmniej w przypadku nowych urz\u0105dze\u0144.<\/p>\n<p>O\u015bwietlenie dedykowane telewizorom to nic innego jak dodanie funkcji Ambilight do dowolnego modelu. Listw\u0119 \u015bwietln\u0105 mo\u017cemy przyklei\u0107 z ty\u0142u obudowy i pozostaje jeszcze kwestia synchronizacji \u015bwiecenia z tym, co wy\u015bwietla si\u0119 na ekranie. Tu pojawiaj\u0105 si\u0119 dwie nowe opcje.<\/p>\n<p><img width=\"2560\" height=\"1707\" data-nuxt-img=\"\"   onerror=\"this.setAttribute('data-error', 1)\" class=\"article-image size-full wp-image-166960\" loading=\"lazy\" decoding=\"async\" alt=\"\" src=\"https:\/\/www.europesays.com\/pl\/wp-content\/uploads\/2026\/09\/philips-hue-ifa-2026-12.jpg\" data-v-e4ee449a=\"\"\/><\/p>\n<p class=\"wp-caption-text\">Philips Hue, IFA 2026. HDMI sync box 4K. (fot. Arkadiusz Dzierma\u0144ski \/ Zero.pl)<\/p>\n<p>Pierwsza to Philips Hue Play HDMI sync box 4K, czyli niewielkie pude\u0142ko, kt\u00f3re pod\u0142\u0105czamy do \u017ar\u00f3d\u0142a obrazu, telewizora oraz o\u015bwietlenia. Przechwytuje ono szczeg\u00f3\u0142y sygna\u0142u i pozwala bez \u017cadnych op\u00f3\u017anie\u0144 synchronizowa\u0107 o\u015bwietlenie. Urz\u0105dzenie zosta\u0142o wycenione na 149,99 euro.<\/p>\n<p><img width=\"2560\" height=\"1707\" data-nuxt-img=\"\"   onerror=\"this.setAttribute('data-error', 1)\" class=\"article-image size-full wp-image-166962\" loading=\"lazy\" decoding=\"async\" alt=\"\" src=\"https:\/\/www.europesays.com\/pl\/wp-content\/uploads\/2026\/09\/philips-hue-ifa-2026-10.jpg\" data-v-e4ee449a=\"\"\/><\/p>\n<p class=\"wp-caption-text\">Philips Hue, IFA 2026. Hue Play Screen Sync. (fot. Arkadiusz Dzierma\u0144ski \/ Zero.pl)<\/p>\n<p>Druga opcja to Philips Hue Play Screen Sync. Jest to kamera montowana na g\u00f3rnej kraw\u0119dzi telewizora, kt\u00f3ra w czasie rzeczywistym \u015bledzi wy\u015bwietlany obraz i przekazuje zebrane informacje do o\u015bwietlenia. Podczas demonstracji dzia\u0142a\u0142o to faktycznie dobrze i przyznaj\u0119, \u017ce by\u0142em sceptycznie nastawiony do tego, czy faktycznie poradzi sobie z dynamicznym obrazem. Producent deklaruje, \u017ce op\u00f3\u017anienie wzgl\u0119dem sync box-a 4K jest liczone w milisekundach.Kamera zosta\u0142a wyceniona na 119,99 euro.\u00a0<\/p>\n<p>Oba urz\u0105dzenia do dzia\u0142ania nie b\u0119d\u0105 wymaga\u0107 dokupienia dodatkowego mostka. Jest to sprz\u0119t plug-and-play, czyli wystarczy go pod\u0142\u0105czy\u0107 i dzia\u0142a.\u00a0<\/p>\n<p><a href=\"https:\/\/zero.pl\/news\/microsoft-nie-umie-tego-zrobic-za-usmiercenie-windowsa-10-wziela-sie-nvidia\" class=\"\" rel=\"nofollow noopener\" target=\"_blank\">Microsoft nie umie tego zrobi\u0107. Za u\u015bmiercenie Windowsa 10 wzi\u0119\u0142a si\u0119\u00a0Nvidia<\/a><\/p>\n<p>Nowe lampy Philips Hue zrobi\u0142y na mnie wra\u017cenie. Tylko te ceny&#8230;<img width=\"2560\" height=\"1707\" data-nuxt-img=\"\"   onerror=\"this.setAttribute('data-error', 1)\" class=\"article-image size-full wp-image-166969\" loading=\"lazy\" decoding=\"async\" alt=\"\" src=\"https:\/\/www.europesays.com\/pl\/wp-content\/uploads\/2026\/09\/philips-hue-ifa-2026-3.jpg\" data-v-e4ee449a=\"\"\/><\/p>\n<p class=\"wp-caption-text\">Philips Hue, IFA 2026. Liane 360 (fot. Arkadiusz Dzierma\u0144ski \/ Inne)<\/p>\n<p>Podczas prezentacji Philips zaprezentowa\u0142 te\u017c kilka rodzaj\u00f3w nowych lamp do wn\u0119trza oraz urz\u0105dzenia zewn\u0119trzne.<\/p>\n<p>Najwi\u0119ksze zainteresowanie wzbudzi\u0142 Philips Hue Liane 360. To bardzo elastyczna rurka o d\u0142ugo\u015bci trzech lub pi\u0119ciu metr\u00f3w, kt\u00f3r\u0105 mo\u017cna dowolnie kszta\u0142towa\u0107. W zasadzie nawet nie tyle rurka, co lina, kt\u00f3r\u0105 mo\u017cemy powiesi\u0107, co\u015b ni\u0105 owin\u0105\u0107&#8230;, co tylko przyjdzie nam do g\u0142owy.<\/p>\n<p><img width=\"2560\" height=\"1707\" data-nuxt-img=\"\"   onerror=\"this.setAttribute('data-error', 1)\" class=\"article-image size-full wp-image-166970\" loading=\"lazy\" decoding=\"async\" alt=\"\" src=\"https:\/\/www.europesays.com\/pl\/wp-content\/uploads\/2026\/09\/philips-hue-ifa-2026-2.jpg\" data-v-e4ee449a=\"\"\/><\/p>\n<p class=\"wp-caption-text\">Philips Hue, IFA 2026. Liane 360. (fot. Arkadiusz Dzierma\u0144ski \/ Zero.pl)<\/p>\n<p>Taka przyjemno\u015b\u0107 nie b\u0119dzie tania i w zale\u017cno\u015bci od wersji Liane 360 b\u0119dzie kosztowa\u0107 399,99, 429,99 lub 529,99 euro.\u00a0<\/p>\n<p><img width=\"2560\" height=\"1707\" data-nuxt-img=\"\"   onerror=\"this.setAttribute('data-error', 1)\" class=\"article-image size-full wp-image-166968\" loading=\"lazy\" decoding=\"async\" alt=\"\" src=\"https:\/\/www.europesays.com\/pl\/wp-content\/uploads\/2026\/09\/philips-hue-ifa-2026-4.jpg\" data-v-e4ee449a=\"\"\/><\/p>\n<p class=\"wp-caption-text\">Philips Hue, IFA 2026. Philips Signe. (fot. Arkadiusz Dzierma\u0144ski \/ Zero.pl)<\/p>\n<p>Do wn\u0119trza przewidziano te\u017c nowe modele serii Philips Signe, konkretnie modele pendant, pendulum oraz pole. S\u0105 to trzy \u015bwiec\u0105ce \u201ekijki\u201d. W zale\u017cno\u015bci od modelu mo\u017ce to by\u0107 kijek wolnostoj\u0105cy, wisz\u0105cy pionowo lub wisz\u0105cy poziomo. Mo\u017cna je dowolnie obraca\u0107 i przy odpowiednich zasobach finansowych by\u0142aby z tego bardzo efektowna dekoracja wn\u0119trza. Konkretnie m\u00f3wimy o kwotach 299,99, 349,99 i 399 euro.\u00a0<\/p>\n<p><img width=\"2560\" height=\"1707\" data-nuxt-img=\"\"   onerror=\"this.setAttribute('data-error', 1)\" class=\"article-image size-full wp-image-166966\" loading=\"lazy\" decoding=\"async\" alt=\"\" src=\"https:\/\/www.europesays.com\/pl\/wp-content\/uploads\/2026\/09\/philips-hue-ifa-2026-6.jpg\" data-v-e4ee449a=\"\"\/><\/p>\n<p class=\"wp-caption-text\">Philips Hue, IFA 2026 (fot. Arkadiusz Dzierma\u0144ski \/ Zero.pl)<\/p>\n<p>Opr\u00f3cz tego Philips Hue pokaza\u0142 kilka wariant\u00f3w o\u015bwietlenia zewn\u0119trznego. Od niedu\u017cych prostok\u0105tnych lampek, przez listwy \u015bwietlne, po praktycznie lampki choinkowe. Cho\u0107 przy cenie 229,99 euro za 250 lampek choinkowych&#8230; chyba wol\u0119 bardziej tradycyjne i mniej inteligentne rozwi\u0105zania.\u00a0<\/p>\n","protected":false},"excerpt":{"rendered":"Funkcje AI trafiaj\u0105 do elektroniki g\u0142\u00f3wnie ze wzgl\u0119du na mod\u0119 i panuj\u0105ce trendy, a nie w celu rozwi\u0105zania&hellip;\n","protected":false},"author":2,"featured_media":664760,"comment_status":"","ping_status":"","sticky":false,"template":"","format":"standard","meta":{"footnotes":"","_share_on_mastodon":"0"},"categories":[20],"tags":[120,118,119,42,38,40,39,41,116,114,115,121,1348,117],"class_list":["post-664759","post","type-post","status-publish","format-standard","has-post-thumbnail","category-nauka-i-technika","tag-nauka","tag-nauka-i-technika","tag-naukatechnika","tag-pl","tag-poland","tag-polish","tag-polska","tag-polski","tag-science","tag-science-and-technology","tag-sciencetechnology","tag-technika","tag-technologia","tag-technology"],"share_on_mastodon":{"url":"https:\/\/pubeurope.com\/@pl\/117207125895099114","error":""},"_links":{"self":[{"href":"https:\/\/www.europesays.com\/pl\/wp-json\/wp\/v2\/posts\/664759","targetHints":{"allow":["GET"]}}],"collection":[{"href":"https:\/\/www.europesays.com\/pl\/wp-json\/wp\/v2\/posts"}],"about":[{"href":"https:\/\/www.europesays.com\/pl\/wp-json\/wp\/v2\/types\/post"}],"author":[{"embeddable":true,"href":"https:\/\/www.europesays.com\/pl\/wp-json\/wp\/v2\/users\/2"}],"replies":[{"embeddable":true,"href":"https:\/\/www.europesays.com\/pl\/wp-json\/wp\/v2\/comments?post=664759"}],"version-history":[{"count":0,"href":"https:\/\/www.europesays.com\/pl\/wp-json\/wp\/v2\/posts\/664759\/revisions"}],"wp:featuredmedia":[{"embeddable":true,"href":"https:\/\/www.europesays.com\/pl\/wp-json\/wp\/v2\/media\/664760"}],"wp:attachment":[{"href":"https:\/\/www.europesays.com\/pl\/wp-json\/wp\/v2\/media?parent=664759"}],"wp:term":[{"taxonomy":"category","embeddable":true,"href":"https:\/\/www.europesays.com\/pl\/wp-json\/wp\/v2\/categories?post=664759"},{"taxonomy":"post_tag","embeddable":true,"href":"https:\/\/www.europesays.com\/pl\/wp-json\/wp\/v2\/tags?post=664759"}],"curies":[{"name":"wp","href":"https:\/\/api.w.org\/{rel}","templated":true}]}}