{"id":664819,"date":"2026-09-03T13:23:10","date_gmt":"2026-09-03T13:23:10","guid":{"rendered":"https:\/\/www.europesays.com\/pl\/664819\/"},"modified":"2026-09-03T13:23:10","modified_gmt":"2026-09-03T13:23:10","slug":"zaskakujaca-decyzja-przed-meczem-swiatek-ekspert-to-dla-niej-zadna-ujma","status":"publish","type":"post","link":"https:\/\/www.europesays.com\/pl\/664819\/","title":{"rendered":"Zaskakuj\u0105ca decyzja przed meczem \u015awi\u0105tek. Ekspert: To dla niej \u017cadna ujma"},"content":{"rendered":"\n<p class=\"contentpart contentpart--default contentpart--text\" data-position=\"0\">Arthur Ashe Stadium i Louis Armstrong Stadium to dwie najwa\u017cniejsze areny <a href=\"https:\/\/sportowefakty.wp.pl\/tenis\/us-open\" rel=\"nofollow noopener\" target=\"_blank\">US Open<\/a>, na kt\u00f3rych zwykle wyst\u0119puj\u0105 wielkie gwiazdy. W ostatnim czasie regularnie gra\u0142a na nich <a href=\"https:\/\/sportowefakty.wp.pl\/tenis\/iga-swiatek\" rel=\"nofollow noopener\" target=\"_blank\">Iga \u015awi\u0105tek<\/a>, zwyci\u0119\u017cczyni imprezy z 2022 r.<\/p>\n<p class=\"contentpart contentpart--default contentpart--text\" data-position=\"1\">W pierwszej rundzie Polka pokona\u0142a Chink\u0119 Wang w\u0142a\u015bnie na Louis Armstrong Stadium, kt\u00f3ry mo\u017ce pomie\u015bci\u0107 14 tys. kibic\u00f3w. Sporym zaskoczeniem by\u0142a wi\u0119c decyzja organizator\u00f3w przed kolejnym spotkaniem \u015awi\u0105tek.<\/p>\n<p>  <img decoding=\"async\" src=\"https:\/\/v.wpimg.pl\/X3dwLnN2d1IFFTpdYUl6R0ZNbgcnEHQREVV2TGEGbUtRT2MdOlZ2RBQUKABgQjQcDRotCStBd1IAAWMeIlM7VgwYIAorQAdEFFk_GCkQJQ\" alt=\"\" width=\"45\" height=\"58\" loading=\"lazy\"\/>  <\/p>\n<p class=\"contentpart contentpart--default contentpart--text\" data-position=\"2\">ZOBACZ WIDEO: Jeden obrazek z Maj\u0105 Chwali\u0144sk\u0105. &#8222;Ten widok \u0142amie serce&#8221;<\/p>\n<p class=\"contentpart contentpart--default contentpart--text\" data-position=\"4\">W czwartek Iga \u015awi\u0105tek zmierzy si\u0119 z <a href=\"https:\/\/sportowefakty.wp.pl\/tenis\/nadia-podoroska\" rel=\"nofollow noopener\" target=\"_blank\">Nadi\u0105 Podorosk\u0105<\/a>\u00a0o awans do III rundy US Open. Nie na wspomnianych dw\u00f3ch arenach, lecz na Grandstandzie &#8211; trzecim co do wielko\u015bci korcie, kt\u00f3ry pomie\u015bci ponad 8 tys. kibic\u00f3w.<\/p>\n<p>\u015awi\u0105tek &#8222;zepchni\u0119ta&#8221;? &#8222;Nie zgadzam si\u0119&#8221;<\/p>\n<p class=\"contentpart contentpart--default contentpart--text\" data-position=\"6\">Na Arthur Ashe Stadium odb\u0119d\u0105 si\u0119 dwa mecze turnieju singla pa\u0144: Naomi Osaka zagra z Katerin\u0105 Siniakov\u0105, za\u015b Paula Badosa z Coco Gauff. Natomiast na Louis Armstrong Stadium zmierz\u0105 si\u0119 ze sob\u0105: O\u0142eksandra Olijnykowa z Alexandr\u0105 Eal\u0105 oraz Jessica Bouzas Maneiro z Jelen\u0105 Rybakin\u0105.<\/p>\n<p>  <img decoding=\"async\" src=\"https:\/\/v.wpimg.pl\/X3dwLnN2d1IFFTpdYUl6R0ZNbgcnEHQREVV2TGEGbUtRT2MdOlZ2RBQUKABgQjQcDRotCStBd1IAAWMeIlM7VgwYIAorQAdEFFk_GCkQJQ\" alt=\"\" width=\"45\" height=\"58\" loading=\"lazy\"\/>  <\/p>\n<p class=\"contentpart contentpart--default contentpart--text\" data-position=\"7\">&#8222;Zepchn\u0119li \u015awi\u0105tek z najwi\u0119kszych aren&#8221; &#8211; napisa\u0142 dziennikarz &#8222;Przegl\u0105du Sportowego&#8221; Maciej Tr\u0105bski.<\/p>\n<p class=\"contentpart contentpart--default contentpart--text\" data-position=\"8\">Z jego opini\u0105 nie zgadza si\u0119 jednak <a href=\"https:\/\/sportowefakty.wp.pl\/tenis\/adam-romer\" rel=\"nofollow noopener\" target=\"_blank\">Adam  Romer<\/a>, redaktor naczelny magazynu Tenisklub.<\/p>\n<p class=\"contentpart contentpart--default contentpart--text\" data-position=\"9\">&#8211; Z Ma\u0107kiem Tr\u0105bskim, kt\u00f3ry jest moim dobrym znajomym, akurat si\u0119 nie zgadzam. To nie jest jaka\u015b ujma dla zawodniczki, kt\u00f3ra kiedy\u015b ten turniej wygra\u0142a. Wydaje mi si\u0119, \u017ce jest tak du\u017co r\u00f3\u017cnych zawodnik\u00f3w, kt\u00f3rych Amerykanie chc\u0105 pokazywa\u0107 na g\u0142\u00f3wnych arenach, \u017ce to, \u017ce Iga b\u0119dzie gra\u0142a z Nadi\u0105 Podorosk\u0105 na Grandstandzie, czyli na trzecim co do wielko\u015bci korcie, nie ma \u017cadnego znaczenia &#8211; podkre\u015bla Romer w rozmowie z WP SportoweFakty.<br \/>\u00a0\u00a0<br \/>&#8211; Dobrze, \u017ce Iga \u015awi\u0105tek taki mecz zagra, bo tu jest zdecydowan\u0105 faworytk\u0105 i powinna sobie poradzi\u0107 z Argentynk\u0105 bez problemu. Trzeba po prostu wyj\u015b\u0107 i wygra\u0107 ten mecz, wi\u0119c czy to b\u0119dzie pod dachem, czy nie pod dachem, to naprawd\u0119 nie ma wielkiego znaczenia &#8211; dodaje dziennikarz.<\/p>\n<p>Dlaczego wybrali tenisistk\u0119 z Filipin, a nie \u015awi\u0105tek?<\/p>\n<p class=\"contentpart contentpart--default contentpart--text\" data-position=\"11\">Zwraca on uwag\u0119 na fakt, czym mogli si\u0119 kierowa\u0107 organizatorzy US Open, desygnuj\u0105c do gry na drugim najwi\u0119kszym korcie Alexandr\u0119 Eal\u0119 z Filipin.<\/p>\n<p>  <img decoding=\"async\" src=\"https:\/\/v.wpimg.pl\/X3dwLnN2d1IFFTpdYUl6R0ZNbgcnEHQREVV2TGEGbUtRT2MdOlZ2RBQUKABgQjQcDRotCStBd1IAAWMeIlM7VgwYIAorQAdEFFk_GCkQJQ\" alt=\"\" width=\"45\" height=\"58\" loading=\"lazy\"\/>  <\/p>\n<p class=\"contentpart contentpart--default contentpart--text\" data-position=\"12\">&#8211; Trzeba mie\u0107 \u015bwiadomo\u015b\u0107, \u017ce Filipinka jest teraz wschodz\u0105c\u0105 gwiazd\u0105. Po pierwsze jest z bardzo wa\u017cnego rynku &#8211; Filipiny to stumilionowy kraj &#8211; gdzie ona sta\u0142a si\u0119 absolutn\u0105 ikon\u0105 sportu. Po drugie ma umow\u0119 z Nike&#8217;em. Po trzecie ma umow\u0119 z IMG, czyli z wielk\u0105 agencj\u0105 marketingow\u0105. Oczywi\u015bcie, Iga te\u017c ma umow\u0119, ale je\u017celi mamy wa\u017cy\u0107, kto jest jakby lepszym no\u015bnikiem reklamowym,\u00a0a Amerykanie na to wszystko patrz\u0105, to troszk\u0119 t\u0142umaczy nam to, dlaczego akurat Alexandra Eala gra na korcie g\u0142\u00f3wnym, a nie Iga \u015awi\u0105tek &#8211; ko\u0144czy rozmow\u0119 z WP Sportowe Fakty Adam Romer.<\/p>\n<p class=\"contentpart contentpart--default contentpart--text\" data-position=\"13\">Spotkanie Iga \u015awi\u0105tek &#8211; Nadia Podoroska rozpocznie si\u0119 w czwartek (3.09) o godz. 17.00. Raszynianka jest jedyn\u0105 Polk\u0105, kt\u00f3ra pozosta\u0142a w turnieju singlowym. Odpad\u0142y ju\u017c: Maja Chwali\u0144ska, Magda Linette i Magdalena Fr\u0119ch, za\u015b z rywalizacji m\u0119\u017cczyzn &#8211; Hubert Hurkacz i Kamil Majchrzak.<\/p>\n<p class=\"contentpart contentpart--default contentpart--text\" data-position=\"14\">Micha\u0142 Mielnik, dziennikarz WP SportoweFakty<\/p>\n","protected":false},"excerpt":{"rendered":"Arthur Ashe Stadium i Louis Armstrong Stadium to dwie najwa\u017cniejsze areny US Open, na kt\u00f3rych zwykle wyst\u0119puj\u0105 wielkie&hellip;\n","protected":false},"author":2,"featured_media":664820,"comment_status":"","ping_status":"","sticky":false,"template":"","format":"standard","meta":{"footnotes":"","_share_on_mastodon":"0"},"categories":[24],"tags":[91829,40409,1013,158,129085,42,38,40,39,41,127,126,156,102709],"class_list":["post-664819","post","type-post","status-publish","format-standard","has-post-thumbnail","category-sport","tag-adam-romer","tag-alexandra-eala","tag-filipiny","tag-iga-swiatek","tag-nadia-podoroska","tag-pl","tag-poland","tag-polish","tag-polska","tag-polski","tag-sport","tag-sports","tag-tenis","tag-us-open"],"share_on_mastodon":{"url":"https:\/\/pubeurope.com\/@pl\/117207329833954911","error":""},"_links":{"self":[{"href":"https:\/\/www.europesays.com\/pl\/wp-json\/wp\/v2\/posts\/664819","targetHints":{"allow":["GET"]}}],"collection":[{"href":"https:\/\/www.europesays.com\/pl\/wp-json\/wp\/v2\/posts"}],"about":[{"href":"https:\/\/www.europesays.com\/pl\/wp-json\/wp\/v2\/types\/post"}],"author":[{"embeddable":true,"href":"https:\/\/www.europesays.com\/pl\/wp-json\/wp\/v2\/users\/2"}],"replies":[{"embeddable":true,"href":"https:\/\/www.europesays.com\/pl\/wp-json\/wp\/v2\/comments?post=664819"}],"version-history":[{"count":0,"href":"https:\/\/www.europesays.com\/pl\/wp-json\/wp\/v2\/posts\/664819\/revisions"}],"wp:featuredmedia":[{"embeddable":true,"href":"https:\/\/www.europesays.com\/pl\/wp-json\/wp\/v2\/media\/664820"}],"wp:attachment":[{"href":"https:\/\/www.europesays.com\/pl\/wp-json\/wp\/v2\/media?parent=664819"}],"wp:term":[{"taxonomy":"category","embeddable":true,"href":"https:\/\/www.europesays.com\/pl\/wp-json\/wp\/v2\/categories?post=664819"},{"taxonomy":"post_tag","embeddable":true,"href":"https:\/\/www.europesays.com\/pl\/wp-json\/wp\/v2\/tags?post=664819"}],"curies":[{"name":"wp","href":"https:\/\/api.w.org\/{rel}","templated":true}]}}