{"id":664833,"date":"2026-09-03T13:31:18","date_gmt":"2026-09-03T13:31:18","guid":{"rendered":"https:\/\/www.europesays.com\/pl\/664833\/"},"modified":"2026-09-03T13:31:18","modified_gmt":"2026-09-03T13:31:18","slug":"msz-kontra-palac-prezydencki-ekspert-ocenil-spor","status":"publish","type":"post","link":"https:\/\/www.europesays.com\/pl\/664833\/","title":{"rendered":"MSZ kontra Pa\u0142ac Prezydencki. Ekspert oceni\u0142 sp\u00f3r"},"content":{"rendered":"<p>Dyskusj\u0119 rozpocz\u0105\u0142 wpis ministra spraw zagranicznych Rados\u0142awa Sikorskiego. Szef MSZ odni\u00f3s\u0142 si\u0119 do sprawy nominacji ambasadorskich i wskaza\u0142 na przypadek Jana Tombi\u0144skiego, do\u015bwiadczonego polskiego dyplomaty i by\u0142ego ambasadora Unii Europejskiej w Kijowie. Sikorski zwr\u00f3ci\u0142 uwag\u0119, \u017ce prezydent Karol Nawrocki nie podpisa\u0142 jego nominacji na ambasadora w Niemczech. Jednocze\u015bnie zaapelowa\u0142 o przedstawienie uzasadnienia takiej decyzji.<\/p>\n<p>Czytaj te\u017c: <a href=\"https:\/\/www.fakt.pl\/polityka\/afera-zondacrypto-prof-bugaj-problem-dla-pis-i-jaroslawa-kaczynskiego\/zw2wxet\" id=\"1e4846ca-6807-497a-9270-ea20635ea46f\" rel=\"nofollow noopener\" target=\"_blank\">Prof. Bugaj: Afera Zondacrypto mo\u017ce przyspieszy\u0107 emerytur\u0119 Kaczy\u0144skiego<\/a><a href=\"https:\/\/www.fakt.pl\/\" title=\"Strona G\u0142\u00f3wna\" aria-label=\"Strona G\u0142\u00f3wna\" data-astro-prefetch=\"tap\" class=\"ods-a-logo-main-desktop\" rel=\"nofollow noopener\" target=\"_blank\"><img src=\"https:\/\/cdn.fakt.pl\/img\/Logo_desktop_Fakt.svg\" class=\"ods-a-logo-main-desktop__image\" alt=\"Logo\" width=\"107\" height=\"86\" fetchpriority=\"high\" decoding=\"sync\" style=\"height:86px\"\/><\/a><\/p>\n<p class=\"ods-m-google-article__text\">Czytaj nas cz\u0119\u015bciej w Google<\/p>\n<p><a href=\"https:\/\/google.com\/preferences\/source?q=fakt.pl\" target=\"_blank\" rel=\"noopener noreferrer nofollow\" aria-label=\"Dodaj w Google\" title=\"Dodaj w Google\" class=\"ods-a-button ods-a-button__primary ods-a-button__default ods-a-button-l\">Dodaj w Google<\/a>Dalszy ci\u0105g artyku\u0142u pod materia\u0142em wideoSp\u00f3r o nominacje ambasadorskie. Pojawi\u0142o sie zdj\u0119cie<\/p>\n<p>Nied\u0142ugo p\u00f3\u017aniej do sprawy odni\u00f3s\u0142 si\u0119 szef prezydenckiego Biura Polityki Mi\u0119dzynarodowej Marcin Przydacz. Zarzuci\u0142 Sikorskiemu, \u017ce jeden z wniosk\u00f3w dotycz\u0105cych nominacji ambasadorskiej zosta\u0142 przygotowany w nieprofesjonalny spos\u00f3b. Do swojego wpisu do\u0142\u0105czy\u0142 fragment dokumentu, kt\u00f3ry mia\u0142 trafi\u0107 do prezydenta. Na przedstawionym dokumencie zdj\u0119cie kandydata jest bardzo s\u0142abo widoczne.<\/p>\n<p>&#8222;Je\u015bli pyta Pan o opini\u0119 Prezydenta RP w sprawie kandydata na stanowisko kierownika plac\u00f3wki, to uprzejma pro\u015bba, aby nast\u0119pnym razem wyra\u017ca\u0142 si\u0119 Pan nieco ja\u015bniej. Podpowied\u017a na przysz\u0142o\u015b\u0107: za\u0142\u0105czana kopia zdj\u0119cia kandydata nie powinna by\u0107 wykonywana technik\u0105 chiaroscuro.&#8221; \u2014 napisa\u0142 Przydacz.<\/p>\n<p>Chiaroscuro to technika opieraj\u0105ca si\u0119 na bardzo mocnym kontra\u015bcie pomi\u0119dzy jasnymi i ciemnymi partiami obrazu.<\/p>\n<p>Na wpis prezydenckiego ministra odpowiedzia\u0142 rzecznik MSZ Maciej Wewi\u00f3r. &#8222;Dokumenty wychodz\u0105ce z MSZ s\u0105 zupe\u0142nie innej jako\u015bci, nawet papier mamy inny&#8221; \u2014 napisa\u0142. Jednocze\u015bnie zasugerowa\u0142 Przydaczowi, aby &#8222;skontrolowa\u0142 w\u0142asne kopiarki i obieg dokumentacji w Kancelarii Prezydenta&#8221;.<\/p>\n<p>Zobacz: <a href=\"https:\/\/www.onet.pl\/informacje\/onetwiadomosci\/co-dalej-z-tk-pieniadze-z-budzetu-nie-poplyna-widac-ogromny-strach-kulisy\/ve8v4xs,79cfc278\" id=\"57d6d194-8274-46eb-9c91-5131732564a6\" rel=\"nofollow noopener\" target=\"_blank\">Co dalej z TK? S\u0119dzia: strach w\u015br\u00f3d pracownik\u00f3w jest parali\u017cuj\u0105cy<\/a><\/p>\n<p>Wewi\u00f3r zaznaczy\u0142 tak\u017ce, \u017ce w resorcie &#8222;pr\u00f3bujemy si\u0119 domy\u015bla\u0107, o kogo mo\u017ce Panu chodzi\u0107&#8221;. Jego zdaniem prawdopodobnie chodzi o &#8222;osob\u0119, kt\u00f3rej kandydatura zosta\u0142a wycofana 9 miesi\u0119cy temu&#8221;. &#8222;Ale to nie najlepiej \u015bwiadczy\u0142oby o sprawno\u015bci KPRP&#8221; \u2014 doda\u0142 rzecznik MSZ.<\/p>\n<p>Przydacz szybko odpowiedzia\u0142 na te s\u0142owa. &#8222;Podpowiem Panom, bo s\u0142ysz\u0119, \u017ce mimo pop\u0142ochu w Gmachu \u2014 nadal nie wiecie o co chodzi&#8221; \u2014 napisa\u0142. Podkre\u015bli\u0142, \u017ce dokument, kt\u00f3rego dotyczy\u0142a jego uwaga, nie pochodzi sprzed dziewi\u0119ciu miesi\u0119cy.<\/p>\n<p>&#8222;Pismo zosta\u0142o podpisane z upowa\u017cnienia Ministra Spraw Zagranicznych i nadane 27 sierpnia bie\u017c\u0105cego roku&#8221; \u2014 wskaza\u0142 prezydencki minister. Zapowiedzia\u0142 r\u00f3wnie\u017c, \u017ce &#8222;na to pismo MSZ dostanie jutro odpowied\u017a&#8221;.<\/p>\n<p>Przydacz zaznaczy\u0142 jednocze\u015bnie, \u017ce prezydent nie zg\u0142asza zastrze\u017ce\u0144 do osoby wskazanej w dokumencie. &#8222;Mimo kompromituj\u0105co s\u0142abej jako\u015bci fotografii, osoba wskazana w dokumencie jest godna pe\u0142nienia funkcji ambasadora i Pan Prezydent z przyjemno\u015bci\u0105 przyjmie od niej listy uwierzytelniaj\u0105ce w uzgodnionym terminie&#8221; \u2014 o\u015bwiadczy\u0142.<\/p>\n<p>Ekspert: To pomieszanie z popl\u0105taniem<\/p>\n<p>Do publicznego sporu na linii MSZ\u2013Pa\u0142ac Prezydencki odni\u00f3s\u0142 si\u0119 w rozmowie z &#8222;Faktem&#8221; dr Janusz Sibora, ekspert ds. dyplomacji. Jego zdaniem dyskusja nie powinna w og\u00f3le przenosi\u0107 si\u0119 do przestrzeni publicznej.<\/p>\n<p>\u2014 Ca\u0142a ta wymiana zda\u0144 jest troch\u0119 pomieszaniem z popl\u0105taniem. Tego rodzaju dyskusje nie powinny toczy\u0107 si\u0119 publicznie w internecie. Oczywi\u015bcie minister Sikorski ma prawo przypomina\u0107, \u017ce prezydent nie podpisa\u0142 kilkudziesi\u0119ciu wniosk\u00f3w ambasadorskich. Uwa\u017cam jednak, \u017ce wyci\u0105ganie jednego konkretnego przypadku, dotycz\u0105cego w dodatku dyplomaty, kt\u00f3ry ju\u017c pe\u0142ni funkcj\u0119 ambasadorsk\u0105 i obecnie pe\u0142ni misj\u0119 charg\u00e9 d\u2019affaires (Jan Tombi\u0144ski \u2014red.), nie wp\u0142ywa dobrze ani na jego pozycj\u0119, ani na wizerunek Ministerstwa Spraw Zagranicznych \u2014 ocenia ekspert.<\/p>\n<p>Sibora krytycznie ocenia r\u00f3wnie\u017c publikowanie przez stron\u0119 prezydenck\u0105 fragment\u00f3w dokument\u00f3w. Jego zdaniem pokazuje to, \u017ce w sporze coraz wi\u0119ksz\u0105 rol\u0119 zaczyna odgrywa\u0107 polityczna rywalizacja.<\/p>\n<p class=\"ods-o-quote__paragraph\">Publikowanie przez prezydenckiego ministra fragmentu dokumentu w internecie, nawet je\u015bli jest to tylko jego cz\u0119\u015b\u0107, pokazuje, \u017ce w tej sprawie zaczyna dominowa\u0107 interes polityczny. Ch\u0119\u0107 uderzenia w politycznego rywala okazuje si\u0119 wa\u017cniejsza ni\u017c profesjonalne prowadzenie spraw dyplomatycznych, w tym przypadku zwi\u0105zanych z obsad\u0105 stanowisk ambasadorskich<\/p>\n<p>\u2014 m\u00f3wi dr Sibora.<\/p>\n<p>Uwa\u017ca, \u017ce &#8222;kwestie techniczne, takie jak \u017ale skopiowane zdj\u0119cie czy dyskusja o jako\u015bci papieru, nie powinny by\u0107 przedmiotem publicznej wymiany zda\u0144&#8221;. \u2014 Takie sprawy powinny by\u0107 wyja\u015bniane na poziomie urz\u0119dniczym, a nie za po\u015brednictwem medi\u00f3w spo\u0142eczno\u015bciowych \u2014 podkre\u015bla.<\/p>\n<p>Dodaje przy tym, \u017ce &#8222;tego rodzaju publiczna wymiana cios\u00f3w z pewno\u015bci\u0105 nie s\u0142u\u017cy polskiej s\u0142u\u017cbie zagranicznej ani dyplomacji&#8221;. \u2014 Wr\u0119cz przeciwnie \u2014 szkodzi ich wizerunkowi i podwa\u017ca profesjonalizm pa\u0144stwa. W tym przypadku r\u0119k\u0119 do tego przy\u0142o\u017cy\u0142o zar\u00f3wno Ministerstwo Spraw Zagranicznych, jak i Pa\u0142ac Prezydencki \u2014 ocenia dr Janusz Sibora.<\/p>\n<p><a href=\"https:\/\/www.fakt.pl\/polityka\/szef-mon-rosyjski-il-20-40-km-od-ustki-polskie-mysliwce-interweniowaly\/6efc374\" id=\"8b0fe472-5da1-4a80-9a1e-314ae9c8a69f\" rel=\"nofollow noopener\" target=\"_blank\">Rosyjski samolot zn\u00f3w pod polskim wybrze\u017cem. My\u015bliwce w akcji<\/a><a href=\"https:\/\/www.fakt.pl\/polityka\/zuber-o-slowach-bosaka-na-temat-ue-trzeba-dzialac-tak-jak-w-polityce\/6gkw86r\" id=\"7296fa9c-6584-4a3c-b4ef-394fbf0d5f76\" rel=\"nofollow noopener\" target=\"_blank\">Ekspert o s\u0142owach Bosaka na temat UE. &#8222;Nie op\u0142aca si\u0119&#8221;<\/a><a href=\"https:\/\/www.fakt.pl\/polityka\/barbara-nowacka-uruchamia-sluzby-po-wecie-karola-nawrockiego\/gdffzqh\" id=\"b502cfb9-a068-4af9-bec9-1f114bd2a771\" rel=\"nofollow noopener\" target=\"_blank\">S\u0142u\u017cby sprawdz\u0105 otoczenie Nawrockiego? Nowacka wykona\u0142a ruch<\/a>1\/3<img class=\"ods-a-photo ods-a-photo--background\" src=\"https:\/\/www.europesays.com\/pl\/wp-content\/uploads\/2026\/09\/Qook9lQaHR0cDovL29jZG4uZXUvaW1hZ2VzL3B1bHNjbXMvWkdNN01EQV8vNTc1ODBmMWYtYjM1Mi00MzUwLTlkMzQtOGFiN2EzY.jpeg\" height=\"800\" width=\"533\" alt=\"Nadzwyczajne posiedzenie Rady Europejskiego Centrum Solidarnosci\" loading=\"lazy\" fetchpriority=\"auto\" decoding=\"auto\" url=\"http:\/\/ocdn.eu\/images\/pulscms\/ZGM7MDA_\/57580f1f-b352-4350-9d34-8ab7a3ac7518.jpeg\" description=\"Nadzwyczajne posiedzenie Rady Europejskiego Centrum Solidarnosci\" author=\"\u0141ukasz Dejnarowicz \/ Forum\" source=\"\"\/><\/p>\n<p>\u0141ukasz Dejnarowicz \/ Forum<\/p>\n<p>Nadzwyczajne posiedzenie Rady Europejskiego Centrum Solidarnosci<\/p>\n<p>Dr Janusz Sibora. <\/p>\n<p>2\/3<img class=\"ods-a-photo ods-a-photo--background\" src=\"https:\/\/www.europesays.com\/pl\/wp-content\/uploads\/2026\/09\/9Y6k9lGaHR0cHM6Ly9vY2RuLmV1L3B1bHNjbXMvTURBXy8zYzUwZjY5Zi0zMzc3LTQ4YzItOTY2MS04YjYxZTQwN2U1NDIuanBlZ.jpeg\" height=\"627\" width=\"940\" alt=\"KONFERENCJA SIKORSKI KOSINIAK\" loading=\"lazy\" fetchpriority=\"auto\" decoding=\"auto\" url=\"https:\/\/ocdn.eu\/pulscms\/MDA_\/3c50f69f-3377-48c2-9661-8b61e407e542.jpeg\" description=\"KONFERENCJA SIKORSKI KOSINIAK\" author=\"Damian Burzykowski \/ newspix.pl\" source=\"\"\/><\/p>\n<p>Damian Burzykowski \/ newspix.pl<\/p>\n<p>KONFERENCJA SIKORSKI KOSINIAK<\/p>\n<p>Szef MSZ Rados\u0142aw Sikorski.<\/p>\n<p>3\/3<img class=\"ods-a-photo ods-a-photo--background\" src=\"https:\/\/www.europesays.com\/pl\/wp-content\/uploads\/2026\/09\/yg7k9lGaHR0cHM6Ly9vY2RuLmV1L3B1bHNjbXMvTURBXy8zMDM3MjVjOS1lMDUyLTQ5ZjktYjU0NC0zZWU0OWYyNTdjNTQuanBlZ.jpeg\" height=\"626\" width=\"940\" alt=\"Nawrocki \u015bwi\u0119tuje rok prezydentury. Nagle ludzie zacz\u0119li skandowa\u0107 trzy s\u0142owa\" loading=\"lazy\" fetchpriority=\"auto\" decoding=\"auto\" url=\"https:\/\/ocdn.eu\/pulscms\/MDA_\/303725c9-e052-49f9-b544-3ee49f257c54.jpeg\" description=\"Nawrocki \u015bwi\u0119tuje rok prezydentury. Nagle ludzie zacz\u0119li skandowa\u0107 trzy s\u0142owa\" author=\"Damian Burzykowski \/ newspix.pl\" source=\"\"\/><\/p>\n<p>Damian Burzykowski \/ newspix.pl<\/p>\n<p>Nawrocki \u015bwi\u0119tuje rok prezydentury. Nagle ludzie zacz\u0119li skandowa\u0107 trzy s\u0142owa<\/p>\n<p>Prezydent Karol Nawrocki.<\/p>\n","protected":false},"excerpt":{"rendered":"Dyskusj\u0119 rozpocz\u0105\u0142 wpis ministra spraw zagranicznych Rados\u0142awa Sikorskiego. Szef MSZ odni\u00f3s\u0142 si\u0119 do sprawy nominacji ambasadorskich i wskaza\u0142&hellip;\n","protected":false},"author":2,"featured_media":664834,"comment_status":"","ping_status":"","sticky":false,"template":"","format":"standard","meta":{"footnotes":"","_share_on_mastodon":"0"},"categories":[62712],"tags":[61195,129233,1898,1766,690,43,46,129234,907,1005,1118,47,111182],"class_list":["post-664833","post","type-post","status-publish","format-standard","has-post-thumbnail","category-karol-nawrocki","tag-bottomfeed_styl","tag-dr_janusz_sibora","tag-dyplomacja","tag-internet","tag-karol-nawrocki","tag-karol_nawrocki","tag-omp","tag-omp_tst2","tag-polityka","tag-prezydent","tag-radoslaw_sikorski","tag-screening_general","tag-topbar_tst1"],"share_on_mastodon":{"url":"https:\/\/pubeurope.com\/@pl\/117207361409092223","error":""},"_links":{"self":[{"href":"https:\/\/www.europesays.com\/pl\/wp-json\/wp\/v2\/posts\/664833","targetHints":{"allow":["GET"]}}],"collection":[{"href":"https:\/\/www.europesays.com\/pl\/wp-json\/wp\/v2\/posts"}],"about":[{"href":"https:\/\/www.europesays.com\/pl\/wp-json\/wp\/v2\/types\/post"}],"author":[{"embeddable":true,"href":"https:\/\/www.europesays.com\/pl\/wp-json\/wp\/v2\/users\/2"}],"replies":[{"embeddable":true,"href":"https:\/\/www.europesays.com\/pl\/wp-json\/wp\/v2\/comments?post=664833"}],"version-history":[{"count":0,"href":"https:\/\/www.europesays.com\/pl\/wp-json\/wp\/v2\/posts\/664833\/revisions"}],"wp:featuredmedia":[{"embeddable":true,"href":"https:\/\/www.europesays.com\/pl\/wp-json\/wp\/v2\/media\/664834"}],"wp:attachment":[{"href":"https:\/\/www.europesays.com\/pl\/wp-json\/wp\/v2\/media?parent=664833"}],"wp:term":[{"taxonomy":"category","embeddable":true,"href":"https:\/\/www.europesays.com\/pl\/wp-json\/wp\/v2\/categories?post=664833"},{"taxonomy":"post_tag","embeddable":true,"href":"https:\/\/www.europesays.com\/pl\/wp-json\/wp\/v2\/tags?post=664833"}],"curies":[{"name":"wp","href":"https:\/\/api.w.org\/{rel}","templated":true}]}}