{"id":664871,"date":"2026-09-03T14:18:13","date_gmt":"2026-09-03T14:18:13","guid":{"rendered":"https:\/\/www.europesays.com\/pl\/664871\/"},"modified":"2026-09-03T14:18:13","modified_gmt":"2026-09-03T14:18:13","slug":"warszawa-figura-czarownicy-w-polskim-teatrze-najnowszym-warsztaty-czarownica-retoryczna","status":"publish","type":"post","link":"https:\/\/www.europesays.com\/pl\/664871\/","title":{"rendered":"Warszawa. Figura czarownicy w polskim teatrze najnowszym. Warsztaty \u201eCzarownica retoryczna\u201d"},"content":{"rendered":"<p>Instytut Teatralny zaprasza 7 pa\u017adziernika o godz. 18:00 na warsztaty \u201eCzarownica retoryczna\u201d po\u015bwi\u0119cone figurze \u201eczarownicy\u201d jako jednemu z popularnych narz\u0119dzi wsp\u00f3\u0142czesnej retoryki publicznej. Spotkanie odb\u0119dzie si\u0119 w Sali Edukacyjnej w Centrum Sztuki Wsp\u00f3\u0142czesnej Zamek Ujazdowski. Obowi\u0105zuj\u0105 zapisy przez mail <a href=\"https:\/\/e-teatr.pl\/cdn-cgi\/l\/email-protection\" class=\"__cf_email__\" data-cfemail=\"e5878c8980919ca58c8b96919c919091c8918084919784898b9ccb9589\" rel=\"nofollow noopener\" target=\"_blank\">[email\u00a0protected]<\/a>.<\/p>\n<p>            <a data-lightbox=\"article-gallery\" href=\"https:\/\/e-teatr.pl\/files\/multimedias\/182626\/Figura_czarownicy_w_polskim_teatrze_najnowszym_-_warsztaty_Czarownica_retoryczna.jpg\" rel=\"nofollow noopener\" target=\"_blank\">&#13;<br \/>\n        <img loading=\"lazy\" decoding=\"async\" src=\"https:\/\/www.europesays.com\/pl\/wp-content\/uploads\/2026\/09\/thumb_Figura_czarownicy_w_polskim_teatrze_najnowszym_-_warsztaty_Czarownica_retoryczna.jpg\" alt=\"\" title=\"\" width=\"1100\" height=\"577\"\/>      <\/a><\/p>\n<p>fot. mat. IT<\/p>\n<p>Podczas spotkania warsztatowego wsp\u00f3lnie przyjrzymy si\u0119 temu, jak i po co posta\u0107 czarownicy pojawia si\u0119 w debacie publicznej \u2013 jako symbol, metafora i no\u015bnik emocji. Punktem wyj\u015bcia do rozmowy b\u0119d\u0105 konkretne, inspiruj\u0105ce przyk\u0142ady: od g\u0142o\u015bnego manifestu Moniki Strz\u0119pki i \u201eSabatu Dobrego Pocz\u0105tku\u201d, kt\u00f3ry otworzy\u0142 jej kadencj\u0119 jako dyrektorki w warszawskim Teatrze Dramatycznym, po mi\u0119dzynarodowe wydanie tematycznego numeru magazynu National Geographic po\u015bwi\u0119conego procesom o czary.<\/p>\n<p>Wsp\u00f3lna lektura i analiza r\u00f3\u017cnych tekst\u00f3w pozwol\u0105 nam dostrzec zaskakuj\u0105c\u0105 uniwersalno\u015b\u0107 retoryki czarownicy, funkcjonuj\u0105cej ponad podzia\u0142ami ideologicznymi, a tak\u017ce zrozumie\u0107 jej si\u0142\u0119 jako narz\u0119dzia wp\u0142ywu, mobilizacji i budowania narracji. Zastanowimy si\u0119, kto si\u0119ga po t\u0119 figur\u0119, w jakich kontekstach i z jakimi intencjami, a tak\u017ce jakie konsekwencje dla spo\u0142ecznej (pod)\u015bwiadomo\u015bci niesie zar\u00f3wno utrwalanie, jak i prze\u0142amywanie stereotypu czarownicy.<\/p>\n<p>Na warsztaty mo\u017cna zapisa\u0107 si\u0119 przez mail <a href=\"http:\/\/e-teatr.pl\/cdn-cgi\/l\/email-protection#16747f7a73626f567f7865626f6263623b6273776264777a786f38667a\" rel=\"nofollow noopener\" target=\"_blank\">[email\u00a0protected]<\/a>. Liczba miejsc ograniczona, obowi\u0105zuje kolejno\u015b\u0107 zg\u0142osze\u0144.<\/p>\n<p>Harmonogram<\/p>\n<p>10 kwietnia, godz. 18:00 | wyk\u0142ad \u201eW\u0119dr\u00f3wka czarownicy\u201d<\/p>\n<p>3 czerwca, godz. 18:00 | wyk\u0142ad \u201eNie tylko Heksy, czyli czarownica w polskim teatrze ostatniej dekady<\/p>\n<p>7 pa\u017adziernika, godz. 18:00 | warsztaty \u201eCzarownica retoryczna\u201d<\/p>\n<p>8 pa\u017adziernika, godz. 18:00 | \u201eNaznaczone niesp\u00f3jno\u015bci\u0105. Czarownice w sztuce\u201d. Spotkanie z tw\u00f3rczyniami i tw\u00f3rcami<\/p>\n<p>Magdalena Rewerenda \u2013 dr nauk o sztuce, teatrolo\u017cka, badaczka i adiunktka w Katedrze Teatru i Sztuki Medi\u00f3w na Uniwersytecie im. Adama Mickiewicza w Poznaniu. Recenzentka wsp\u00f3\u0142pracuj\u0105ca mi\u0119dzy innymi z dwutygodnikiem \u201eCzasKultury.pl\u201d, \u201eDialogiem\u201d i \u201eDidaskaliami\u201d. Autorka ksi\u0105\u017cki Performatywne archiwum teatru. Konsekwencje \u201eNie-Boskiej komedii. Szcz\u0105tk\u00f3w\u201d Olivera Frljicia (2020). Zajmuje si\u0119 teatrem i dramatem wsp\u00f3\u0142czesnym oraz zwrotem pami\u0119ciowym i archiwalnym w humanistyce. Cz\u0142onkini komisji artystycznej 29. Og\u00f3lnopolskiego Konkursu na Wystawienie Polskiej Sztuki Wsp\u00f3\u0142czesnej (2022\/23) oraz komisji eksperckiej projektu Nowa Generacja 2023. Jurorka pierwszego etapu 35. Konkursu na Sztuk\u0119 Teatraln\u0105 dla Dzieci i M\u0142odzie\u017cy (2024), cz\u0142onkini Komisji Artystycznej X edycji Konkursu na Inscenizacj\u0119 Dawnych Dzie\u0142 Literatury Polskiej \u201eKlasyka \u017bywa\u201d (2024) i cz\u0142onkini komisji pierwszego etapu konkursu na dramat dla Teatru Telewizji \u201eNarracje Nieobecne\u201d (2025 i 2026).<\/p>\n<p><a href=\"https:\/\/www.instytut-teatralny.pl\/dzialalnosc\/konkursy\/konkurs-badawczo-wydawniczy\/\" rel=\"nofollow noopener\" target=\"_blank\">Konkurs na projekt badawczo-wydawniczy<\/a><\/p>\n<p>Celem Konkursu jest wspieranie bada\u0144 i refleksji prezentuj\u0105cych teatr i sztuki performatywne w szerokim kontek\u015bcie zjawisk kulturowych, spo\u0142ecznych, politycznych, ekonomicznych czy ekologicznych.<\/p>\n<p>W ramach programu wy\u0142aniane s\u0105 projekty sk\u0142adaj\u0105ce si\u0119 z rocznego procesu badawczego, kt\u00f3rego etapy s\u0105 prezentowane i\/lub dyskutowane publicznie w Instytucie Teatralnym w formie zaproponowanej przez autora\/autork\u0119 oraz rocznego procesu pracy nad tekstem sk\u0142adaj\u0105cym si\u0119 na publikacj\u0119, kt\u00f3ra zostanie wydana w ramach serii Nowa Biblioteka Instytutu Teatralnego.<\/p>\n","protected":false},"excerpt":{"rendered":"Instytut Teatralny zaprasza 7 pa\u017adziernika o godz. 18:00 na warsztaty \u201eCzarownica retoryczna\u201d po\u015bwi\u0119cone figurze \u201eczarownicy\u201d jako jednemu z&hellip;\n","protected":false},"author":2,"featured_media":664872,"comment_status":"","ping_status":"","sticky":false,"template":"","format":"standard","meta":{"footnotes":"","_share_on_mastodon":"0"},"categories":[51605],"tags":[2434,8588,6588,17490,16331,51630,42,38,40,39,41,649,650,11541,51629,8815,51631,8767,51628,800,8816,435],"class_list":["post-664871","post","type-post","status-publish","format-standard","has-post-thumbnail","category-warszawa","tag-aktor","tag-aktorzy","tag-festiwal","tag-festiwale","tag-kariera","tag-kariery","tag-pl","tag-poland","tag-polish","tag-polska","tag-polski","tag-premiera","tag-premiery","tag-realizacja","tag-realizacje","tag-repertuar","tag-ruch-teatralny","tag-sztuka","tag-sztuki","tag-teatr","tag-teatry","tag-warszawa"],"share_on_mastodon":{"url":"https:\/\/pubeurope.com\/@pl\/117207546125466888","error":""},"_links":{"self":[{"href":"https:\/\/www.europesays.com\/pl\/wp-json\/wp\/v2\/posts\/664871","targetHints":{"allow":["GET"]}}],"collection":[{"href":"https:\/\/www.europesays.com\/pl\/wp-json\/wp\/v2\/posts"}],"about":[{"href":"https:\/\/www.europesays.com\/pl\/wp-json\/wp\/v2\/types\/post"}],"author":[{"embeddable":true,"href":"https:\/\/www.europesays.com\/pl\/wp-json\/wp\/v2\/users\/2"}],"replies":[{"embeddable":true,"href":"https:\/\/www.europesays.com\/pl\/wp-json\/wp\/v2\/comments?post=664871"}],"version-history":[{"count":0,"href":"https:\/\/www.europesays.com\/pl\/wp-json\/wp\/v2\/posts\/664871\/revisions"}],"wp:featuredmedia":[{"embeddable":true,"href":"https:\/\/www.europesays.com\/pl\/wp-json\/wp\/v2\/media\/664872"}],"wp:attachment":[{"href":"https:\/\/www.europesays.com\/pl\/wp-json\/wp\/v2\/media?parent=664871"}],"wp:term":[{"taxonomy":"category","embeddable":true,"href":"https:\/\/www.europesays.com\/pl\/wp-json\/wp\/v2\/categories?post=664871"},{"taxonomy":"post_tag","embeddable":true,"href":"https:\/\/www.europesays.com\/pl\/wp-json\/wp\/v2\/tags?post=664871"}],"curies":[{"name":"wp","href":"https:\/\/api.w.org\/{rel}","templated":true}]}}