{"id":664879,"date":"2026-09-03T14:22:14","date_gmt":"2026-09-03T14:22:14","guid":{"rendered":"https:\/\/www.europesays.com\/pl\/664879\/"},"modified":"2026-09-03T14:22:14","modified_gmt":"2026-09-03T14:22:14","slug":"wyrwane-lawki-polamane-rosliny-i-ogniska-pod-drzewami-co-dzieje-sie-w-parku-reagana","status":"publish","type":"post","link":"https:\/\/www.europesays.com\/pl\/664879\/","title":{"rendered":"Wyrwane \u0142awki, po\u0142amane ro\u015bliny i ogniska pod drzewami. Co dzieje si\u0119 w Parku Reagana?"},"content":{"rendered":"<p class=\"lead\">Wyrwane z\u00a0pod\u0142o\u017ca \u0142awki, po\u0142amane \u015bwie\u017co posadzone ro\u015bliny, \u015blady po ogniskach rozpalanych pod drzewami i\u00a0gor\u0105ce w\u0119gle wysypywane na traw\u0119. <a href=\"https:\/\/www.trojmiasto.pl\/Gdanski-Zarzad-Zieleni-o101686.html\" data-tklik=\"956072\" rel=\"nofollow noopener\" target=\"_blank\">Gda\u0144ski Zarz\u0105d Zieleni<\/a> alarmuje, \u017ce w\u00a0<a data-tklik=\"956606\" href=\"https:\/\/mapa.trojmiasto.pl\/#\/location\/-102.17,36.13\/map\/-101.76,35.46,5,b\" onclick=\"openMap(this.href); return false;\" target=\"_blank\" title=\"zobacz na mapie Gda\u0144ska\" rel=\"nofollow noopener\">Parku Reagana<img decoding=\"async\" class=\"icon-map\" src=\"https:\/\/www.trojmiasto.pl\/_img\/svg\/ico-map-flat.svg\" alt=\"Mapka\"\/><\/a> dochodzi ostatnio do coraz wi\u0119kszej liczby przypadk\u00f3w niszczenia infrastruktury i\u00a0zieleni.<\/p>\n<p><\/p>\n<p>                                zwi\u0119kszenie liczby patroli stra\u017cy miejskiej<br \/>\n                                29%<\/p>\n<p>                                instalacja monitoringu w kluczowych miejscach<br \/>\n                                43%<\/p>\n<p>                                wprowadzenie surowszych kar finansowych<br \/>\n                                23%<\/p>\n<p>                                zwi\u0119kszenie liczby wyznaczonych miejsc do grillowania<br \/>\n                                5%<\/p>\n<p>Wsp\u00f3lna przestrze\u0144 do sp\u0119dzania czasu wolnego<\/p>\n<p><a href=\"https:\/\/www.trojmiasto.pl\/Park-Reagana-o35667.html\" data-tklik=\"227145\" rel=\"nofollow noopener\" target=\"_blank\">Park Reagana<\/a> jest jednym z\u00a0najch\u0119tniej odwiedzanych teren\u00f3w rekreacyjnych w\u00a0Gda\u0144sku. Mo\u017cna tam spacerowa\u0107, odpoczywa\u0107 czy korzysta\u0107 z\u00a0wyznaczonych miejsc do grillowania i\u00a0rozpalania ognisk. <\/p>\n<p>Problem pojawia si\u0119 wtedy, gdy u\u017cytkownicy parku ignoruj\u0105 obowi\u0105zuj\u0105ce zasady i\u00a0niszcz\u0105 jego wyposa\u017cenie oraz ro\u015blinno\u015b\u0107.<\/p>\n<p>Wyrwali \u0142awki i\u00a0zniszczyli rabat\u0119<\/p>\n<p>Gda\u0144ski Zarz\u0105d Zieleni kolejny raz w\u00a0tym sezonie informuje o\u00a0aktach dewastacji na terenie parku.<\/p>\n<p>Tym razem kto\u015b wyrwa\u0142 \u0142awki, kt\u00f3re by\u0142y trwale zamontowane w\u00a0pod\u0142o\u017cu, a\u00a0tak\u017ce zniszczy\u0142 niedawno odtworzon\u0105 rabat\u0119. M\u0142ode ro\u015bliny zosta\u0142y po\u0142amane, mimo \u017ce wcze\u015bniej zabezpieczono je drewnianymi palikami i\u00a0lin\u0105.<\/p>\n<p>                <a href=\"https:\/\/ogloszenia.trojmiasto.pl\/narzedzia\/k1i,1.html\" data-tklik=\"524894\" rel=\"nofollow noopener\" target=\"_blank\"><br \/>\n                    Wi\u0119cej w serwisie Og\u0142oszenia<br \/>\n                    (113)<\/p>\n<p>                <\/a><\/p>\n<p><\/p>\n<p>Ogniska pod drzewami i\u00a0gor\u0105ce w\u0119gle na trawie<\/p>\n<p>Kilka tygodni wcze\u015bniej miasto zwraca\u0142o uwag\u0119 na skutki niew\u0142a\u015bciwego korzystania z\u00a0miejsc rekreacyjnych. W\u00a0parku znaleziono m.in. \u015blady po ogniskach rozpalanych w\u00a0miejscach do tego nieprzeznaczonych, tak\u017ce bezpo\u015brednio pod drzewami.<\/p>\n<p>Na traw\u0119 trafia\u0142y te\u017c gor\u0105ce w\u0119gle i\u00a0popi\u00f3\u0142, co &#8211; szczeg\u00f3lnie w\u00a0okresie suszy &#8211; mo\u017ce stwarza\u0107 zagro\u017cenie po\u017carowe.<\/p>\n<p>Zniszczone zosta\u0142y r\u00f3wnie\u017c \u0142awosto\u0142y. Na ich powierzchniach pozostawiono \u015blady po gor\u0105cych tackach i\u00a0jednorazowych grillach. Niekt\u00f3re elementy wyposa\u017cenia by\u0142y przestawiane, a\u00a0ich mocowania uszkadzane lub wyrywane.<\/p>\n<p>                                    <a data-tklik=\"923173\" href=\"https:\/\/katalog.trojmiasto.pl\/dom_i_budownictwo\/ogrody\/zakladanie_i_pielegnacja_ogrodow\/\" rel=\"nofollow noopener\" target=\"_blank\"><br \/>\n                                                    Katalog.trojmiasto.pl \u2013<br \/>\n                                                                    Firmy zajmuj\u0105ce si\u0119 piel\u0119gnacj\u0105 zieleni<br \/>\n                                                                    <\/a><\/p>\n<p>                <a data-tklik=\"923173\" href=\"https:\/\/katalog.trojmiasto.pl\/dom_i_budownictwo\/ogrody\/zakladanie_i_pielegnacja_ogrodow\/\" rel=\"nofollow noopener\" target=\"_blank\"><br \/>\n                    wi\u0119cej<\/p>\n<p>                <\/a><\/p>\n<p><\/p>\n<p>W parku mo\u017cna grillowa\u0107, ale tylko w\u00a0wyznaczonych miejscach<\/p>\n<p>Gda\u0144ski Zarz\u0105d Zieleni przypomina, \u017ce korzystanie z\u00a0grilla czy rozpalanie ogniska w\u00a0Parku Reagana jest mo\u017cliwe, ale tylko w\u00a0miejscach do tego przeznaczonych.<\/p>\n<p>&#8211; Ognisko nale\u017cy rozpala\u0107 wy\u0142\u0105cznie w\u00a0przygotowanym palenisku. Nie w\u00a0trawie, pod drzewem czy w\u00a0innym przypadkowym miejscu. Drewniane sto\u0142y piknikowe nie s\u0105 natomiast przeznaczone do stawiania na nich gor\u0105cych tacek czy jednorazowych grilli &#8211; wskazuje GZZ.<br \/>Ka\u017cdy przypadek zniszczenia oznacza p\u00f3\u017aniej konieczno\u015b\u0107 naprawy lub wymiany element\u00f3w wyposa\u017cenia, ponownego sadzenia ro\u015blin i\u00a0zaanga\u017cowania pracownik\u00f3w. To tak\u017ce dodatkowe koszty.<\/p>\n<p>Gda\u0144ski Zarz\u0105d Zieleni apeluje, by osoby, kt\u00f3re s\u0105 \u015bwiadkami niszczenia infrastruktury lub ro\u015blinno\u015bci, nie przechodzi\u0142y oboj\u0119tnie i\u00a0zg\u0142asza\u0142y takie sytuacje odpowiednim s\u0142u\u017cbom.\n                <\/p>\n","protected":false},"excerpt":{"rendered":"Wyrwane z\u00a0pod\u0142o\u017ca \u0142awki, po\u0142amane \u015bwie\u017co posadzone ro\u015bliny, \u015blady po ogniskach rozpalanych pod drzewami i\u00a0gor\u0105ce w\u0119gle wysypywane na traw\u0119.&hellip;\n","protected":false},"author":2,"featured_media":664880,"comment_status":"","ping_status":"","sticky":false,"template":"","format":"standard","meta":{"footnotes":"","_share_on_mastodon":"0"},"categories":[16],"tags":[113,112,85375,17120,1048,35953,1064,67006,69422,57939,2089,11534,35762,129245,27737,56342,3994,129246,129243,97519,42,38,40,39,41,129244,2148,3852,88188,11571,52157,1063,4987,51888,2812,18455,11589],"class_list":["post-664879","post","type-post","status-publish","format-standard","has-post-thumbnail","category-biznes","tag-biznes","tag-business","tag-dewastacja","tag-drzewo","tag-gdansk","tag-gdanski-zarzad-zieleni","tag-gdynia","tag-grill","tag-grillowanie","tag-gzz","tag-infrastruktura","tag-koszt","tag-lawka","tag-lawostol","tag-naprawa","tag-niszczenie","tag-ognisko","tag-palenisko","tag-park-reagan","tag-park-reagana","tag-pl","tag-poland","tag-polish","tag-polska","tag-polski","tag-popiol","tag-pozar","tag-przestrzen","tag-rabata","tag-rekreacja","tag-roslina","tag-sopot","tag-susza","tag-trawa","tag-wegiel","tag-zagrozenie","tag-zielen"],"share_on_mastodon":{"url":"https:\/\/pubeurope.com\/@pl\/117207561816210274","error":""},"_links":{"self":[{"href":"https:\/\/www.europesays.com\/pl\/wp-json\/wp\/v2\/posts\/664879","targetHints":{"allow":["GET"]}}],"collection":[{"href":"https:\/\/www.europesays.com\/pl\/wp-json\/wp\/v2\/posts"}],"about":[{"href":"https:\/\/www.europesays.com\/pl\/wp-json\/wp\/v2\/types\/post"}],"author":[{"embeddable":true,"href":"https:\/\/www.europesays.com\/pl\/wp-json\/wp\/v2\/users\/2"}],"replies":[{"embeddable":true,"href":"https:\/\/www.europesays.com\/pl\/wp-json\/wp\/v2\/comments?post=664879"}],"version-history":[{"count":0,"href":"https:\/\/www.europesays.com\/pl\/wp-json\/wp\/v2\/posts\/664879\/revisions"}],"wp:featuredmedia":[{"embeddable":true,"href":"https:\/\/www.europesays.com\/pl\/wp-json\/wp\/v2\/media\/664880"}],"wp:attachment":[{"href":"https:\/\/www.europesays.com\/pl\/wp-json\/wp\/v2\/media?parent=664879"}],"wp:term":[{"taxonomy":"category","embeddable":true,"href":"https:\/\/www.europesays.com\/pl\/wp-json\/wp\/v2\/categories?post=664879"},{"taxonomy":"post_tag","embeddable":true,"href":"https:\/\/www.europesays.com\/pl\/wp-json\/wp\/v2\/tags?post=664879"}],"curies":[{"name":"wp","href":"https:\/\/api.w.org\/{rel}","templated":true}]}}