{"id":664887,"date":"2026-09-03T14:39:16","date_gmt":"2026-09-03T14:39:16","guid":{"rendered":"https:\/\/www.europesays.com\/pl\/664887\/"},"modified":"2026-09-03T14:39:16","modified_gmt":"2026-09-03T14:39:16","slug":"polonia-bydgoszcz-jedna-noga-w-finale-problemy-orla-lodz","status":"publish","type":"post","link":"https:\/\/www.europesays.com\/pl\/664887\/","title":{"rendered":"Polonia Bydgoszcz jedn\u0105 nog\u0105 w finale. Problemy Or\u0142a \u0141\u00f3d\u017a"},"content":{"rendered":"<p>Najpierw w niedziel\u0119 odb\u0119dzie si\u0119 mecz w Poznaniu. Tu \u017cadnych zmian w sk\u0142adach nie ma. Trudno wskaza\u0107 faworyta dwumeczu.<\/p>\n<p>Dalszy ci\u0105g artyku\u0142u pod materia\u0142em wideo<\/p>\n<p>Pierwszy mecz wygra\u0142 ROW Rybnik, ale nieznacznie, bo tylko 48:42. W rewan\u017cu zatem wszystko b\u0119dzie mo\u017cliwe. Ekipie z Poznania wystarczy wynik 48:42, aby awansowa\u0107, bo by\u0142a wy\u017cej po rundzie zasadniczej.<\/p>\n<p><a href=\"https:\/\/przegladsportowy.onet.pl\/\" title=\"Strona g\u0142\u00f3wna serwisu\" aria-label=\"Strona g\u0142\u00f3wna serwisu\" data-astro-prefetch=\"tap\" class=\"ods-a-logo-main-desktop\" rel=\"nofollow noopener\" target=\"_blank\"><img src=\"https:\/\/cdn.przegladsportowy.onet.pl\/img\/Logo_desktop_Onet.svg\" class=\"ods-a-logo-main-desktop__image\" alt=\"Logo\" width=\"107\" height=\"60\" fetchpriority=\"high\" decoding=\"sync\" style=\"height:60px\"\/><\/a><\/p>\n<p class=\"ods-m-google-article__text\">Czytaj nas cz\u0119\u015bciej w Google<\/p>\n<p><a href=\"https:\/\/google.com\/preferences\/source?q=przegladsportowy.onet.pl\" target=\"_blank\" rel=\"noopener noreferrer nofollow\" aria-label=\"Dodaj w Google\" title=\"Dodaj w Google\" class=\"ods-a-button ods-a-button__primary ods-a-button__default ods-a-button-l\">Dodaj w Google<\/a>Os\u0142abiony Orze\u0142<\/p>\n<p>W drugim spotkaniu Polonia podejmie Or\u0142a. W \u0141odzi pad\u0142 remis, ale g\u0142\u00f3wnie dlatego, \u017ce Bydgoszczanie zostali pot\u0119\u017cnie os\u0142abieni. Nie jecha\u0142 z powodu urazu Wiktor Przyjemski, a w szpitalu wyl\u0105dowa\u0142 Krzysztof Buczkowski. W rewan\u017cu Polonia wyst\u0105pi ju\u017c w najmocniejszym zestawieniu, a w \u015brod\u0119 w pierwszym finale DMPJ powracaj\u0105cy na tor po kontuzji Przyjemski zdoby\u0142 komplet 15 punkt\u00f3w.<\/p>\n<p>Z kolei problemy kadrowe maj\u0105 \u0141odzianie. W Bydgoszczy ma zabrakn\u0105\u0107 drugiego zawodnika dru\u017cyny (pierwszym jest Nowak), a wi\u0119c Villadsa Nagela, kt\u00f3ry jest kontuzjowany. W sk\u0142adzie zast\u0105pi\u0142 go Brytyjczyk Thompson, kt\u00f3ry dot\u0105d je\u017adzi\u0142 sporadycznie.<\/p>\n<p>Zwyci\u0119zcy dwumecz\u00f3w awansuj\u0105 do fina\u0142owego dwumeczu. Pokonani w p\u00f3\u0142fina\u0142ach zako\u0144cz\u0105 sezon.<\/p>\n<p>Sk\u0142ady na p\u00f3\u0142fina\u0142y play-off Metalkas 2. Ekstraligi \u2014 rewan\u017ce<\/p>\n<p>HUNTERS PS\u017b POZNA\u0143 \u2014 INNPRO ROW RYBNIK<\/p>\n<p>Niedziela (6.09, godz. 13.00), transmisja Canal+ Sport 5, relacja tekstowa PS Onet<\/p>\n<p>PS\u017b: 9. Dimitri Berge; 10. Bartosz Smetka\u0142a; 11. Niels Kristian Iversen; 12. Kacper Pludra; 13. Ryan Douglas; 14. Kamil Witkowski; 15. Antoni Mencel; 16. \u2014. Trener: Eryk J\u00f3\u017awiak.<\/p>\n<p>ROW: 1. Nicolai Klindt; 2. Patryk Wojdy\u0142o; 3. Jepser Knudsen; 4. Jakub Jamr\u00f3g; 5. Jan Kvech; 6. Kacper Tkocz; 7. Jakub \u017burek; 8. \u2014. Trener: Robert Miko\u0142ajczak.<\/p>\n<p>S\u0119dziowa\u0142: Arkadiusz Kalwasi\u0144ski<\/p>\n<p>Pierwszy mecz: ROW \u2014 PS\u017b 48:42<\/p>\n<p>ABRAMCZYK POLONIA BYDGOSZCZ \u2014 H. SKRZYDLEWSKA ORZE\u0141 \u0141\u00d3D\u0179<\/p>\n<p>Niedziela (6.09, godz. 15.30), transmisja w Canal+ Sport 5, relacja tekstowa w PS Onet<\/p>\n<p>POLONIA: 9. Szymon Wo\u017aniak; 10. Maksymilian Kostera; 11. Kai Huckenbeck; 12. Aleksandr \u0141oktajew; 13. Krzysztof Buczkowski; 14. Maksymilian Pawe\u0142czak; 15. Kacper Andrzejewski; 16. \u2014. Trener: Dariusz \u015aled\u017a.<\/p>\n<p>ORZE\u0141: 1. Marcin Nowak; 2. Daniel Thompson; 3. Zach Cook; 4. Szymon Szlauderbach; 5. Oliver Berntzon; 6. Krzysztof Lewandowski; 7. Kacper Halkiewicz; 8. \u2014. Trener: Maciej J\u0105der.<\/p>\n<p>S\u0119dziuje: Piotr Lis<\/p>\n<p>Pierwszy mecz: Orze\u0142 \u2014 Polonia 45:45<\/p>\n","protected":false},"excerpt":{"rendered":"Najpierw w niedziel\u0119 odb\u0119dzie si\u0119 mecz w Poznaniu. Tu \u017cadnych zmian w sk\u0142adach nie ma. Trudno wskaza\u0107 faworyta&hellip;\n","protected":false},"author":2,"featured_media":664888,"comment_status":"","ping_status":"","sticky":false,"template":"","format":"standard","meta":{"footnotes":"","_share_on_mastodon":"0"},"categories":[51608],"tags":[2718,128177,61195,3652,30647,48,46,2719,42,38,40,1296,39,41,4555,3049,47,128178,174],"class_list":["post-664887","post","type-post","status-publish","format-standard","has-post-thumbnail","category-lodz","tag-1_liga_zuzlowa","tag-adshield_tst2","tag-bottomfeed_styl","tag-lodz","tag-metalkas_2_ekstraliga","tag-nat_styl","tag-omp","tag-orzel_lodz","tag-pl","tag-poland","tag-polish","tag-polonia_bydgoszcz","tag-polska","tag-polski","tag-psz_poznan","tag-row_rybnik","tag-screening_general","tag-wthl_off","tag-zuzel"],"share_on_mastodon":{"url":"https:\/\/pubeurope.com\/@pl\/117207628509334935","error":""},"_links":{"self":[{"href":"https:\/\/www.europesays.com\/pl\/wp-json\/wp\/v2\/posts\/664887","targetHints":{"allow":["GET"]}}],"collection":[{"href":"https:\/\/www.europesays.com\/pl\/wp-json\/wp\/v2\/posts"}],"about":[{"href":"https:\/\/www.europesays.com\/pl\/wp-json\/wp\/v2\/types\/post"}],"author":[{"embeddable":true,"href":"https:\/\/www.europesays.com\/pl\/wp-json\/wp\/v2\/users\/2"}],"replies":[{"embeddable":true,"href":"https:\/\/www.europesays.com\/pl\/wp-json\/wp\/v2\/comments?post=664887"}],"version-history":[{"count":0,"href":"https:\/\/www.europesays.com\/pl\/wp-json\/wp\/v2\/posts\/664887\/revisions"}],"wp:featuredmedia":[{"embeddable":true,"href":"https:\/\/www.europesays.com\/pl\/wp-json\/wp\/v2\/media\/664888"}],"wp:attachment":[{"href":"https:\/\/www.europesays.com\/pl\/wp-json\/wp\/v2\/media?parent=664887"}],"wp:term":[{"taxonomy":"category","embeddable":true,"href":"https:\/\/www.europesays.com\/pl\/wp-json\/wp\/v2\/categories?post=664887"},{"taxonomy":"post_tag","embeddable":true,"href":"https:\/\/www.europesays.com\/pl\/wp-json\/wp\/v2\/tags?post=664887"}],"curies":[{"name":"wp","href":"https:\/\/api.w.org\/{rel}","templated":true}]}}