{"id":664921,"date":"2026-09-03T15:13:11","date_gmt":"2026-09-03T15:13:11","guid":{"rendered":"https:\/\/www.europesays.com\/pl\/664921\/"},"modified":"2026-09-03T15:13:11","modified_gmt":"2026-09-03T15:13:11","slug":"zgodza-sie-nawet-na-zawody-w-rosji-kolejna-federacja-znosi-restrykcje","status":"publish","type":"post","link":"https:\/\/www.europesays.com\/pl\/664921\/","title":{"rendered":"Zgodz\u0105 si\u0119 nawet na zawody w Rosji. Kolejna federacja znosi restrykcje"},"content":{"rendered":"\n<p class=\"contentpart contentpart--default contentpart--text\" data-position=\"0\">Mi\u0119dzynarodowa Federacja Je\u017adziecka (FEI) zdecydowa\u0142a o zniesieniu ogranicze\u0144 na\u0142o\u017conych na rosyjskich sportowc\u00f3w i dzia\u0142aczy. Nowe zasady zaczn\u0105 obowi\u0105zywa\u0107 5 pa\u017adziernika. Od tego dnia ponownie b\u0119dzie r\u00f3wnie\u017c mo\u017cliwe organizowanie w Rosji zawod\u00f3w obj\u0119tych patronatem FEI, pod warunkiem spe\u0142nienia regulaminowych wymog\u00f3w federacji.<\/p>\n<p class=\"contentpart contentpart--default contentpart--text\" data-position=\"1\">Rosjanie i Bia\u0142orusini od marca 2022 roku nie mogli reprezentowa\u0107 swoich kraj\u00f3w pod narodowymi flagami podczas imprez FEI. Ograniczenia zosta\u0142y wprowadzone po rozpocz\u0119ciu rosyjskiej inwazji na Ukrain\u0119. Cz\u0119\u015b\u0107 zawodnik\u00f3w mog\u0142a w kolejnych latach rywalizowa\u0107 na arenie mi\u0119dzynarodowej, ale jedynie jako sportowcy neutralni.<\/p>\n<p>  <img decoding=\"async\" src=\"https:\/\/v.wpimg.pl\/X3dwLnN2d1IFFTpdYUl6R0ZNbgcnEHQREVV2TGEGbUtRT2MdOlZ2RBQUKABgQjQcDRotCStBd1IAAWMeIlM7VgwYIAorQAdEFFk_GCkQJQ\" alt=\"\" width=\"45\" height=\"58\" loading=\"lazy\"\/>  <\/p>\n<p class=\"contentpart contentpart--default contentpart--text\" data-position=\"2\">ZOBACZ WIDEO: Kto zast\u0105pi Piesiewicza? Pad\u0142a konkretna data<\/p>\n<p class=\"contentpart contentpart--default contentpart--text\" data-position=\"4\">Decyzja FEI oznacza, \u017ce od 5 pa\u017adziernika w przypadku Rosjan przestan\u0105 obowi\u0105zywa\u0107 restrykcje dotycz\u0105ce mi\u0119dzy innymi narodowej flagi, hymnu, barw, stroj\u00f3w oraz innych symboli pa\u0144stwowych. Federacja powi\u0105za\u0142a swoj\u0105 decyzj\u0119 z lipcowym ruchem Mi\u0119dzynarodowego Komitetu Olimpijskiego, kt\u00f3ry tymczasowo zni\u00f3s\u0142 zawieszenie Rosyjskiego Komitetu Olimpijskiego.<\/p>\n<p class=\"contentpart contentpart--default contentpart--text\" data-position=\"5\">Rosyjska federacja je\u017adziecka poinformowa\u0142a, \u017ce decyzj\u0119 poprzedzi\u0142y szeroko zakrojone negocjacje z przedstawicielami mi\u0119dzynarodowych w\u0142adz. &#8222;FEI otrzyma\u0142a r\u00f3wnie\u017c pisemne potwierdzenie od Rosyjskiej Federacji Je\u017adzieckiej, \u017ce nie rozwija ona sportu je\u017adzieckiego ani nie prowadzi klub\u00f3w je\u017adzieckich w obwodach donieckim, cherso\u0144skim, \u0142uga\u0144skim i zaporoskim, a tak\u017ce na Krymie i w Sewastopolu&#8221; &#8211; przekaza\u0142 przedstawiciel FEI. Dodano r\u00f3wnie\u017c, \u017ce &#8222;jej oficjalne dokumenty i publikacje nie zawieraj\u0105 \u017cadnych odniesie\u0144 do tych terytori\u00f3w&#8221;.<\/p>\n<p>  <img decoding=\"async\" src=\"https:\/\/v.wpimg.pl\/X3dwLnN2d1IFFTpdYUl6R0ZNbgcnEHQREVV2TGEGbUtRT2MdOlZ2RBQUKABgQjQcDRotCStBd1IAAWMeIlM7VgwYIAorQAdEFFk_GCkQJQ\" alt=\"\" width=\"45\" height=\"58\" loading=\"lazy\"\/>  <\/p>\n<p class=\"contentpart contentpart--default contentpart--text\" data-position=\"6\">Jednocze\u015bnie FEI podkre\u015bli\u0142a, \u017ce nadal zamierza pomaga\u0107 ukrai\u0144skiemu \u015brodowisku je\u017adzieckiemu. &#8222;Fundusz Solidarno\u015bci FEI na rzecz Ukrainy, utworzony w 2022 roku, nadal dzia\u0142a i w dalszym ci\u0105gu pomaga zaspokaja\u0107 cz\u0119\u015b\u0107 pilnych potrzeb ukrai\u0144skiej spo\u0142eczno\u015bci je\u017adzieckiej&#8221; &#8211; zaznaczy\u0142a federacja. MKOl zawiesi\u0142 Rosyjski Komitet Olimpijski w 2023 roku po tym, jak rosyjska organizacja przej\u0119\u0142a struktury sportowe z okupowanych teren\u00f3w Ukrainy.<\/p>\n<p class=\"contentpart contentpart--default contentpart--text\" data-position=\"7\">FEI nie jest jedyn\u0105 organizacj\u0105, kt\u00f3ra w ostatnim czasie z\u0142agodzi\u0142a ograniczenia wobec sportowc\u00f3w z Rosji i Bia\u0142orusi. Podobne kroki podj\u0119\u0142y federacje mi\u0119dzy innymi koszyk\u00f3wki, sport\u00f3w wodnych, motorsportu, pi\u0119cioboju nowoczesnego, zapas\u00f3w i gimnastyki. Mi\u0119dzynarodowa Federacja Narciarska i Snowboardowa dopu\u015bci\u0142a natomiast Rosjan i Bia\u0142orusin\u00f3w do indywidualnej rywalizacji w sezonie 2026\/27 po podpisaniu deklaracji neutralno\u015bci i spe\u0142nieniu wymaga\u0144 antydopingowych. W ich przypadku nadal nie b\u0119dzie jednak mo\u017cna u\u017cywa\u0107 narodowych flag, hymn\u00f3w ani stroj\u00f3w.<\/p>\n","protected":false},"excerpt":{"rendered":"Mi\u0119dzynarodowa Federacja Je\u017adziecka (FEI) zdecydowa\u0142a o zniesieniu ogranicze\u0144 na\u0142o\u017conych na rosyjskich sportowc\u00f3w i dzia\u0142aczy. Nowe zasady zaczn\u0105 obowi\u0105zywa\u0107&hellip;\n","protected":false},"author":2,"featured_media":664922,"comment_status":"","ping_status":"","sticky":false,"template":"","format":"standard","meta":{"footnotes":"","_share_on_mastodon":"0"},"categories":[24],"tags":[6123,73834,42,38,40,39,41,3900,87,127,126],"class_list":["post-664921","post","type-post","status-publish","format-standard","has-post-thumbnail","category-sport","tag-inne","tag-jezdziectwo","tag-pl","tag-poland","tag-polish","tag-polska","tag-polski","tag-pozostale-dyscypliny","tag-rosja","tag-sport","tag-sports"],"share_on_mastodon":{"url":"","error":""},"_links":{"self":[{"href":"https:\/\/www.europesays.com\/pl\/wp-json\/wp\/v2\/posts\/664921","targetHints":{"allow":["GET"]}}],"collection":[{"href":"https:\/\/www.europesays.com\/pl\/wp-json\/wp\/v2\/posts"}],"about":[{"href":"https:\/\/www.europesays.com\/pl\/wp-json\/wp\/v2\/types\/post"}],"author":[{"embeddable":true,"href":"https:\/\/www.europesays.com\/pl\/wp-json\/wp\/v2\/users\/2"}],"replies":[{"embeddable":true,"href":"https:\/\/www.europesays.com\/pl\/wp-json\/wp\/v2\/comments?post=664921"}],"version-history":[{"count":0,"href":"https:\/\/www.europesays.com\/pl\/wp-json\/wp\/v2\/posts\/664921\/revisions"}],"wp:featuredmedia":[{"embeddable":true,"href":"https:\/\/www.europesays.com\/pl\/wp-json\/wp\/v2\/media\/664922"}],"wp:attachment":[{"href":"https:\/\/www.europesays.com\/pl\/wp-json\/wp\/v2\/media?parent=664921"}],"wp:term":[{"taxonomy":"category","embeddable":true,"href":"https:\/\/www.europesays.com\/pl\/wp-json\/wp\/v2\/categories?post=664921"},{"taxonomy":"post_tag","embeddable":true,"href":"https:\/\/www.europesays.com\/pl\/wp-json\/wp\/v2\/tags?post=664921"}],"curies":[{"name":"wp","href":"https:\/\/api.w.org\/{rel}","templated":true}]}}