{"id":664937,"date":"2026-09-03T15:25:20","date_gmt":"2026-09-03T15:25:20","guid":{"rendered":"https:\/\/www.europesays.com\/pl\/664937\/"},"modified":"2026-09-03T15:25:20","modified_gmt":"2026-09-03T15:25:20","slug":"media-zona-znanego-posla-pis-w-pkoi-przypadkowy-trop-zacznie-sie-burza","status":"publish","type":"post","link":"https:\/\/www.europesays.com\/pl\/664937\/","title":{"rendered":"Media: \u017cona znanego pos\u0142a PiS w PKOI. Przypadkowy trop, zacznie si\u0119 burza"},"content":{"rendered":"<p>Wed\u0142ug informacji lokalnego serwisu Jawny Lublin Angelika Kanthak mia\u0142a pracowa\u0107 w Polskim Komitecie Olimpijskim. \u2014 Pracuje w marketingu. Z tego, co wiem, to raczej zdalnie ni\u017c stacjonarnie \u2014 przekazuje \u017ar\u00f3d\u0142o w tek\u015bcie.<\/p>\n<p>Dalszy ci\u0105g artyku\u0142u pod materia\u0142em wideo<\/p>\n<p>Na trop dziennikarzy naprowadzi\u0142 wpis prezes ATT Investments Eweliny Tobiasz, kt\u00f3ra dzi\u0119kowa\u0142a kobiecie jako przedstawicielce PKOI. To firma, kt\u00f3ra jest partnerem PKOI. Publikacja w mediach spo\u0142eczno\u015bciowych zosta\u0142a usuni\u0119ta, a Kanthak nie odpowiada na pytania dziennikarzy.<\/p>\n<p><a href=\"https:\/\/przegladsportowy.onet.pl\/\" title=\"Strona g\u0142\u00f3wna serwisu\" aria-label=\"Strona g\u0142\u00f3wna serwisu\" data-astro-prefetch=\"tap\" class=\"ods-a-logo-main-desktop\" rel=\"nofollow noopener\" target=\"_blank\"><img src=\"https:\/\/cdn.przegladsportowy.onet.pl\/img\/Logo_desktop_Onet.svg\" class=\"ods-a-logo-main-desktop__image\" alt=\"Logo\" width=\"107\" height=\"60\" fetchpriority=\"high\" decoding=\"sync\" style=\"height:60px\"\/><\/a><\/p>\n<p class=\"ods-m-google-article__text\">Czytaj nas cz\u0119\u015bciej w Google<\/p>\n<p><a href=\"https:\/\/google.com\/preferences\/source?q=przegladsportowy.onet.pl\" target=\"_blank\" rel=\"noopener noreferrer nofollow\" aria-label=\"Dodaj w Google\" title=\"Dodaj w Google\" class=\"ods-a-button ods-a-button__primary ods-a-button__default ods-a-button-l\">Dodaj w Google<\/a>Angelika Kanthak wcze\u015bniej pracowa\u0142a w TVP Lublin oraz zajmowa\u0142a si\u0119 modelingiem. By\u0142a nawet finalistk\u0105 konkursu Miss Polonia <a href=\"https:\/\/plejada.pl\/newsy\/jan-kanthak-zeni-sie-ze-znana-modelka-po-skandalu-zakochalem-sie\/x4rfvtw\" id=\"d52cd9cd-823c-48af-b462-7ba0509d3a18\" rel=\"nofollow noopener\" target=\"_blank\">W 2023 r. media zacz\u0119\u0142y opisywa\u0107 jej zwi\u0105zek z Janem Kanthakiem, w\u00f3wczas politykiem Suwerennej Polski, obecnie pos\u0142em PiS<\/a>. Para pobra\u0142a si\u0119 w 2024 r. w Kazimierzu Dolnym.<\/p>\n<p>Warto jednak nadmieni\u0107, \u017ce przed godz. 15 pojawi\u0142 si\u0119 komunikat PKOl-u, kt\u00f3ry dementuje informacje o zatrudnieniu Angeliki Kanthak. &#8222;Polski Komitet Olimpijski informuje, \u017ce pani Angelika Kanthak nigdy nie by\u0142a zatrudniona w PKOl, ani nie \u0142\u0105czy\u0142 j\u0105 z PKOl \u017caden inny rodzaj umowy&#8221; \u2014 czytamy.<\/p>\n<p>Jan Kanthak jest pos\u0142em od 2019 r. Pe\u0142ni\u0142 funkcj\u0119 sekretarza stanu w Ministerstwie Aktyw\u00f3w Pa\u0144stwowych za czas\u00f3w Jacka Sasina.<\/p>\n","protected":false},"excerpt":{"rendered":"Wed\u0142ug informacji lokalnego serwisu Jawny Lublin Angelika Kanthak mia\u0142a pracowa\u0107 w Polskim Komitecie Olimpijskim. \u2014 Pracuje w marketingu.&hellip;\n","protected":false},"author":2,"featured_media":664938,"comment_status":"","ping_status":"","sticky":false,"template":"","format":"standard","meta":{"footnotes":"","_share_on_mastodon":"0"},"categories":[52122],"tags":[128237,61195,2399,48,46,6010,752,42,38,40,39,41,47],"class_list":["post-664937","post","type-post","status-publish","format-standard","has-post-thumbnail","category-pko-bank-polski","tag-adshield_tst1","tag-bottomfeed_styl","tag-igrzyska_olimpijskie","tag-nat_styl","tag-omp","tag-pko-bank-polski","tag-pko-bp","tag-pl","tag-poland","tag-polish","tag-polska","tag-polski","tag-screening_general"],"share_on_mastodon":{"url":"https:\/\/pubeurope.com\/@pl\/117207809501623238","error":""},"_links":{"self":[{"href":"https:\/\/www.europesays.com\/pl\/wp-json\/wp\/v2\/posts\/664937","targetHints":{"allow":["GET"]}}],"collection":[{"href":"https:\/\/www.europesays.com\/pl\/wp-json\/wp\/v2\/posts"}],"about":[{"href":"https:\/\/www.europesays.com\/pl\/wp-json\/wp\/v2\/types\/post"}],"author":[{"embeddable":true,"href":"https:\/\/www.europesays.com\/pl\/wp-json\/wp\/v2\/users\/2"}],"replies":[{"embeddable":true,"href":"https:\/\/www.europesays.com\/pl\/wp-json\/wp\/v2\/comments?post=664937"}],"version-history":[{"count":0,"href":"https:\/\/www.europesays.com\/pl\/wp-json\/wp\/v2\/posts\/664937\/revisions"}],"wp:featuredmedia":[{"embeddable":true,"href":"https:\/\/www.europesays.com\/pl\/wp-json\/wp\/v2\/media\/664938"}],"wp:attachment":[{"href":"https:\/\/www.europesays.com\/pl\/wp-json\/wp\/v2\/media?parent=664937"}],"wp:term":[{"taxonomy":"category","embeddable":true,"href":"https:\/\/www.europesays.com\/pl\/wp-json\/wp\/v2\/categories?post=664937"},{"taxonomy":"post_tag","embeddable":true,"href":"https:\/\/www.europesays.com\/pl\/wp-json\/wp\/v2\/tags?post=664937"}],"curies":[{"name":"wp","href":"https:\/\/api.w.org\/{rel}","templated":true}]}}