{"id":664945,"date":"2026-09-03T15:38:18","date_gmt":"2026-09-03T15:38:18","guid":{"rendered":"https:\/\/www.europesays.com\/pl\/664945\/"},"modified":"2026-09-03T15:38:18","modified_gmt":"2026-09-03T15:38:18","slug":"warszawa-tance-spacery-i-koncert-na-domowce-u-mietka-wajnberga-2","status":"publish","type":"post","link":"https:\/\/www.europesays.com\/pl\/664945\/","title":{"rendered":"Warszawa. Ta\u0144ce, spacery i koncert na \u201eDom\u00f3wce u Mietka Wajnberga\u201d"},"content":{"rendered":"<p>Prezentacja utworu \u201eOgr\u00f3d pami\u0119ci\u201d Wojciecha B\u0142a\u017cejczyka z librettem Sylwii Chutnik, spacer po fonosferze Warszawy prze\u0142omu XIX i XX wieku oraz spotkanie i wsp\u00f3lne ta\u0144ce znalaz\u0142y si\u0119 w programie 6. edycji \u201eDom\u00f3wki u Mietka Wajnberga\u201d. Wydarzenie odb\u0119dzie si\u0119 w niedziel\u0119 13 wrze\u015bnia.<\/p>\n<p>            <a data-lightbox=\"article-gallery\" href=\"https:\/\/e-teatr.pl\/files\/multimedias\/182623\/domowka2.jpg\" rel=\"nofollow noopener\" target=\"_blank\">&#13;<br \/>\n        <img loading=\"lazy\" decoding=\"async\" src=\"https:\/\/www.europesays.com\/pl\/wp-content\/uploads\/2026\/09\/thumb_domowka2.jpg\" alt=\"\" title=\"\" width=\"1100\" height=\"575\"\/>      <\/a><\/p>\n<p>fot. mat. organizatora<\/p>\n<p>Wajnberg tworzy\u0142 przede wszystkim muzyk\u0119 instrumentaln\u0105, zw\u0142aszcza orkiestrow\u0105. W jego dorobku znalaz\u0142o si\u0119 26 symfonii, poemat symfoniczny, 18 koncert\u00f3w, muzyka kameralna (kwartety smyczkowe, sonaty) i solowa (g\u0142\u00f3wnie fortepianowa). Skomponowa\u0142 r\u00f3wnie\u017c siedem oper oraz wiele utwor\u00f3w ch\u00f3ralnych i filmowych (m.in. muzyk\u0119 do radzieckiego filmu wojennego \u201eLec\u0105 \u017curawie\u201d).<\/p>\n<p>Najbardziej znana jest jego opera \u201ePasa\u017cerka\u201d, do kt\u00f3rej libretto napisa\u0142 Aleksander Miedwiediew na podstawie s\u0142uchowiska i ksi\u0105\u017cki Zofii Posmysz, by\u0142ej wi\u0119\u017aniarki KL Auschwitz-Birkenau, Ravensbr\u00fcck i Neustadt-Glewe. Opera powsta\u0142a w 1968 r., ale jej wykonywanie by\u0142o zakazane w Zwi\u0105zku Radzieckim. W Moskwie mo\u017cna j\u0105 by\u0142o us\u0142ysze\u0107 dopiero w 2006 r., dekad\u0119 po jego \u015bmierci.<\/p>\n<p>By\u0142 kompozytorem polsko-\u017cydowskiego pochodzenia. Urodzi\u0142 si\u0119 8 grudnia 1919 r. w Warszawie. Do wybuchu II wojny \u015bwiatowej studiowa\u0142 w klasie fortepianu w warszawskim konserwatorium. W 1939 r. przeni\u00f3s\u0142 si\u0119 na Wsch\u00f3d &#8211; w Mi\u0144sku uczy\u0142 si\u0119 dyrygentury u Wasilija Zo\u0142otariowa, po 1941 r. wyjecha\u0142 do Taszkientu, gdzie sp\u0119dzi\u0142 kolejne dwa lata. W 1943 r. przeni\u00f3s\u0142 si\u0119 do Moskwy i tam sp\u0119dzi\u0142 reszt\u0119 \u017cycia. Zmar\u0142 26 lutego 1996 r. &#8211; w tym roku przypada 30. rocznica jego \u015bmierci.<\/p>\n<p>6. edycja \u201eDom\u00f3wki u Mietka Wajnberga\u201d odb\u0119dzie si\u0119 w niedziel\u0119, 13 wrze\u015bnia na podw\u00f3rku kamienicy przy ul. \u017belaznej 66 na warszawskiej Woli. Adres \u00adnie jest przypadkowy &#8211; w\u0142a\u015bnie w tym domu urodzi\u0142 si\u0119 Wajnberg.<\/p>\n<p>Wydarzenia rozpocznie o godz. 15 spacer prowadzony przez Mart\u0119 Michalsk\u0105 &#8211; autork\u0119 ksi\u0105\u017cki \u201eD\u017awi\u0119ki, ludzie i nas\u0142uchiwanie miasta. Wybrane elementy fonosfery Warszawy na prze\u0142omie XIX i XX wieku\u201d.<\/p>\n<p>Centralnym punktem tegorocznej \u201eDom\u00f3wki\u201d b\u0119dzie warszawska prezentacja \u201eOgrodu pami\u0119ci\u201d &#8211; utworu Wojciecha B\u0142a\u017cejczyka z librettem Sylwii Chutnik. Kompozycja powsta\u0142a jako rezultat spo\u0142ecznego projektu \u201ePoczt\u00f3wka do Mietka\u201d zrealizowanego przez Instytut Mieczys\u0142awa Wajnberga w 2022 r. Pomys\u0142odawc\u0105 projektu by\u0142 Aleksander Laskowski, a autorem grafiki Karol Tomoki Yamazaki.<\/p>\n<p>\u201ePoczt\u00f3wka do Mietka\u201d narodzi\u0142a si\u0119 w odpowiedzi na do\u015bwiadczenie kryzysu uchod\u017aczego w 2022 r. Historia Mieczys\u0142awa Wajnberga \u2013 Warszawiaka, \u017byda i Polaka, kt\u00f3ry w 1939 r. musia\u0142 opu\u015bci\u0107 rodzinne miasto, uciekaj\u0105c przed wojn\u0105 &#8211; sta\u0142a si\u0119 punktem wyj\u015bcia do rozmowy o wsp\u00f3\u0142czesnych do\u015bwiadczeniach migracji. Specjalnie zaprojektowane poczt\u00f3wki trafi\u0142y do warszawskich kawiarni, ksi\u0119gar\u0144 i instytucji kultury, gdzie umieszczono prowizoryczne skrzynki pocztowe. Odpowiedzi mo\u017cna by\u0142o przesy\u0142a\u0107 tak\u017ce tradycyjn\u0105 poczt\u0105 oraz za po\u015brednictwem strony internetowej projektu. Zebrane wypowiedzi stworzy\u0142y zapis osobistych do\u015bwiadcze\u0144, emocji i refleksji \u2013 wielog\u0142os wsp\u00f3\u0142czesnego miasta. Na podstawie nades\u0142anych tekst\u00f3w Sylwia Chutnik stworzy\u0142a libretto.<\/p>\n<p>Pierwsze wykonanie dzie\u0142a odby\u0142o si\u0119 w grudniu 2025 r. podczas Festiwalu Muzyki \u017bydowskiej im. Rywki Tiktiner w Tykocinie. Utw\u00f3r wykona grupa Hashtag Ensemble. W wydarzeniu wezm\u0105 tak\u017ce udzia\u0142 aktor Waldemar Ra\u017aniak oraz dyrygentka Lilianna Krych.<\/p>\n<p>W programie \u201eDom\u00f3wki\u201d znalaz\u0142a si\u0119 ponadto prezentacja multimedialnego portalu \u201eUniwersum Mieczys\u0142awa Wajnberga\u201d, po\u015bwi\u0119conego \u017cyciu, tw\u00f3rczo\u015bci i dziedzictwu tego kompozytora. Natomiast o godz. 18 wydarzenie przeniesie si\u0119 do pobliskiej restauracji, gdzie zaplanowano spotkanie z tw\u00f3rcami \u201eOgrodu pami\u0119ci\u201d, a tak\u017ce pocz\u0119stunek, rozmowy i wsp\u00f3lne ta\u0144ce.<\/p>\n<p>Projekt realizowany jest przez Instytut Mieczys\u0142awa Wajnberga. Kuratorkami wydarzenia s\u0105 Maria S\u0142awek i Aleksandra Demowska-Madejska, a koordynatork\u0105 &#8211; Zuzanna Basek.\u00a0<\/p>\n","protected":false},"excerpt":{"rendered":"Prezentacja utworu \u201eOgr\u00f3d pami\u0119ci\u201d Wojciecha B\u0142a\u017cejczyka z librettem Sylwii Chutnik, spacer po fonosferze Warszawy prze\u0142omu XIX i XX&hellip;\n","protected":false},"author":2,"featured_media":664946,"comment_status":"","ping_status":"","sticky":false,"template":"","format":"standard","meta":{"footnotes":"","_share_on_mastodon":"0"},"categories":[51605],"tags":[2434,8588,6588,17490,16331,51630,42,38,40,39,41,649,650,11541,51629,8815,51631,8767,51628,800,8816,435],"class_list":["post-664945","post","type-post","status-publish","format-standard","has-post-thumbnail","category-warszawa","tag-aktor","tag-aktorzy","tag-festiwal","tag-festiwale","tag-kariera","tag-kariery","tag-pl","tag-poland","tag-polish","tag-polska","tag-polski","tag-premiera","tag-premiery","tag-realizacja","tag-realizacje","tag-repertuar","tag-ruch-teatralny","tag-sztuka","tag-sztuki","tag-teatr","tag-teatry","tag-warszawa"],"share_on_mastodon":{"url":"https:\/\/pubeurope.com\/@pl\/117207860422199793","error":""},"_links":{"self":[{"href":"https:\/\/www.europesays.com\/pl\/wp-json\/wp\/v2\/posts\/664945","targetHints":{"allow":["GET"]}}],"collection":[{"href":"https:\/\/www.europesays.com\/pl\/wp-json\/wp\/v2\/posts"}],"about":[{"href":"https:\/\/www.europesays.com\/pl\/wp-json\/wp\/v2\/types\/post"}],"author":[{"embeddable":true,"href":"https:\/\/www.europesays.com\/pl\/wp-json\/wp\/v2\/users\/2"}],"replies":[{"embeddable":true,"href":"https:\/\/www.europesays.com\/pl\/wp-json\/wp\/v2\/comments?post=664945"}],"version-history":[{"count":0,"href":"https:\/\/www.europesays.com\/pl\/wp-json\/wp\/v2\/posts\/664945\/revisions"}],"wp:featuredmedia":[{"embeddable":true,"href":"https:\/\/www.europesays.com\/pl\/wp-json\/wp\/v2\/media\/664946"}],"wp:attachment":[{"href":"https:\/\/www.europesays.com\/pl\/wp-json\/wp\/v2\/media?parent=664945"}],"wp:term":[{"taxonomy":"category","embeddable":true,"href":"https:\/\/www.europesays.com\/pl\/wp-json\/wp\/v2\/categories?post=664945"},{"taxonomy":"post_tag","embeddable":true,"href":"https:\/\/www.europesays.com\/pl\/wp-json\/wp\/v2\/tags?post=664945"}],"curies":[{"name":"wp","href":"https:\/\/api.w.org\/{rel}","templated":true}]}}