{"id":664949,"date":"2026-09-03T15:40:10","date_gmt":"2026-09-03T15:40:10","guid":{"rendered":"https:\/\/www.europesays.com\/pl\/664949\/"},"modified":"2026-09-03T15:40:10","modified_gmt":"2026-09-03T15:40:10","slug":"2-ligowiec-wyrzucil-wieczysta-z-pucharu-polski-reakcja-milionera-mowi-wszystko","status":"publish","type":"post","link":"https:\/\/www.europesays.com\/pl\/664949\/","title":{"rendered":"2-ligowiec wyrzuci\u0142 Wieczyst\u0105 z Pucharu Polski. Reakcja milionera m\u00f3wi wszystko"},"content":{"rendered":"<p>Po losowaniu pierwszej rundy pucharu ta para od razu mog\u0142a zwraca\u0107 uwag\u0119 kibic\u00f3w i obok bezpo\u015brednich star\u0107 zespo\u0142\u00f3w z Ekstraklasy zapowiada\u0142a ciekaw\u0105 walk\u0119. Klub z Lubelszczyzny prze\u017cywa fantastyczny czas. Po wygraniu rozgrywek Betclic 3. Ligi awansowa\u0142 na trzeci szczebel rozgrywkowy.<\/p>\n<p>Dalszy ci\u0105g artyku\u0142u pod materia\u0142em wideo<\/p>\n<p>Do tego w zesz\u0142ym sezonie Avia napisa\u0142a najnowsz\u0105 histori\u0119 klubu i awansowa\u0142a a\u017c do \u0107wier\u0107fina\u0142u Pucharu Polski po raz drugi. Ogra\u0142a m.in. Ruch Chorz\u00f3w i Poloni\u0119 Bytom i przegra\u0142a dopiero po dogrywce z Rakowem Cz\u0119stochowa.<\/p>\n<p><a href=\"https:\/\/przegladsportowy.onet.pl\/\" title=\"Strona g\u0142\u00f3wna serwisu\" aria-label=\"Strona g\u0142\u00f3wna serwisu\" data-astro-prefetch=\"tap\" class=\"ods-a-logo-main-desktop\" rel=\"nofollow noopener\" target=\"_blank\"><img src=\"https:\/\/cdn.przegladsportowy.onet.pl\/img\/Logo_desktop_Onet.svg\" class=\"ods-a-logo-main-desktop__image\" alt=\"Logo\" width=\"107\" height=\"60\" fetchpriority=\"high\" decoding=\"sync\" style=\"height:60px\"\/><\/a><\/p>\n<p class=\"ods-m-google-article__text\">Czytaj nas cz\u0119\u015bciej w Google<\/p>\n<p><a href=\"https:\/\/google.com\/preferences\/source?q=przegladsportowy.onet.pl\" target=\"_blank\" rel=\"noopener noreferrer nofollow\" aria-label=\"Dodaj w Google\" title=\"Dodaj w Google\" class=\"ods-a-button ods-a-button__primary ods-a-button__default ods-a-button-l\">Dodaj w Google<\/a>Avia \u015awidnik ogra\u0142a Wieczyst\u0105 Krak\u00f3w. Sensacja<\/p>\n<p>Wieczysta przed rokiem odpad\u0142a po rzutach karnych z Olimpi\u0105 Grudzi\u0105dz ju\u017c w rundzie wst\u0119pnej. Niemal dok\u0142adnie rok po tym wydarzeniu przyst\u0105pi\u0142a do rozgrywek PP ju\u017c jako zesp\u00f3\u0142 z elity. Awans do Ekstraklasy musi robi\u0107 ogromne wra\u017cenie, ale w pucharze wci\u0105\u017c brakuje wyra\u017anego sukcesu. Po osi\u0105gni\u0119ciu 1\/16 fina\u0142u w sezonie 2021\/22 krakowski zesp\u00f3\u0142 ani razu nie zaszed\u0142 dalej.<\/p>\n<p>W tym roku tak\u017ce zacz\u0119\u0142o si\u0119 od sporych problem\u00f3w. W 14. minucie gospodarze ze \u015awidnika uradowa\u0142y kibic\u00f3w, kt\u00f3rzy zapewnili trybuny. Dave Djalme Assuncao przedar\u0142 si\u0119 z pi\u0142k\u0105 prawym skrzyd\u0142em, a gdy wycofa\u0142 do Grzegorza Aftyki, ten uderzy\u0142 j\u0105 bardzo nieczysto. Futbol\u00f3wka powoli toczy\u0142a si\u0119 w kierunku bramki i wpad\u0142a do siatki po tym, jak zd\u0105\u017cy\u0142 tr\u0105ci\u0107 j\u0105 Micha\u0142 Zuber.<\/p>\n<p>Kamery TVP Sport nagra\u0142y reakcj\u0119 S\u0142awomira Peszko i Wojciecha Kwietnia. Wiceprezes Wieczystej ze zdziwieniem obserwowa\u0142 boiskowe wydarzenia, a polski milioner z delikatnym u\u015bmiechem tylko wymownie spojrza\u0142 na by\u0142ego pi\u0142karza.<\/p>\n<p>Ich gracze chcieli odpowiedzie\u0107 szybko, ale brakowa\u0142o naprawd\u0119 dogodnej okazji. Tobias Christensen uderzy\u0142 mocno z dystansu i podj\u0105\u0142 dobr\u0105 decyzj\u0119, ale ten strza\u0142 obroni\u0142 jeszcze \u0141ukasz Jakubowski.<\/p>\n<p>Avia nie zamierza\u0142a tylko czeka\u0107 na to, co zrobi beniaminek Ekstraklasy. Bardzo ma\u0142o brakowa\u0142o, a podwy\u017cszy\u0142aby prowadzenie. Po p\u0142askim uderzeniu Andrija Remeniuka futbol\u00f3wka trafi\u0142a w s\u0142upek i znalaz\u0142a si\u0119 na linii bramkowej. Po pokonaniu kilku metr\u00f3w nie przekroczy\u0142a jej, a Antoni Miku\u0142o mia\u0142 fur\u0119 szcz\u0119\u015bcia.<\/p>\n<p>Pi\u0119\u0107 minut przed przerw\u0105 wyr\u00f3wna\u0142 Efthymisa Koulouris. By\u0142y kr\u00f3l strzelc\u00f3w Ekstraklasy wykorzysta\u0142 zamieszanie po wrzutce Lisandro Semedo. Pi\u0142ka odbi\u0142a si\u0119 od Paw\u0142a Ulicznego, a snajper od razu odda\u0142 mocny strza\u0142 i trafi\u0142 do siatki.<\/p>\n<p>W drugiej po\u0142owie d\u0142u\u017cy\u0142y si\u0119 starania go\u015bci o wyj\u015bcie na prowadzenie. Po g\u0142\u00f3wce Semedo kolejn\u0105 wa\u017cn\u0105 interwencj\u0119 zaliczy\u0142 Jakubowski, a w 64. minucie okaza\u0142o si\u0119, \u017ce po raz drugi pi\u0142k\u0119 z siatki wyjmie nie on, a Miku\u0142ko po drugiej stronie boiska.<\/p>\n<p>Po akcji lewym skrzyd\u0142em pi\u0142ka dotar\u0142a w pole karne do Remeniuka. Ukrai\u0144ski pomocnik nie przestraszy\u0142 si\u0119 obro\u0144c\u00f3w ani faktu, \u017ce jest osamotniony w szesnastce, i odda\u0142 precyzyjny strza\u0142 tu\u017c przy s\u0142upku, dzi\u0119ki czemu Avia zn\u00f3w prowadzi\u0142a.<\/p>\n<p>W 70. minucie Lucas Piazon powinien pokona\u0107 golkipera z kilkunastu metr\u00f3w, ale przegra\u0142 ten pojedynek. Wieczysta atakowa\u0142a coraz wi\u0119ksz\u0105 liczb\u0105 zawodnik\u00f3w i nie da\u0142a rady upilnowa\u0107 Avii w kolejnej akcji. W 85. minucie gospodarze wyszli z kontratakiem i po do\u015brodkowaniu Davida Niepsuja z prawej strony Bartosz Fabierski sprytnie, technicznym strza\u0142em pokona\u0142 Miku\u0142k\u0119.<\/p>\n<p>By\u0142o 3:1, a Wieczysta by\u0142a na deskach. Mimo kolejnych akcji nie uda\u0142o si\u0119 nawet zmniejszy\u0107 strat. A beniaminek Betclic 2. Ligi w kolejnym sezonie pisze pi\u0119kn\u0105 histori\u0119 w STS Pucharze Polski.<\/p>\n","protected":false},"excerpt":{"rendered":"Po losowaniu pierwszej rundy pucharu ta para od razu mog\u0142a zwraca\u0107 uwag\u0119 kibic\u00f3w i obok bezpo\u015brednich star\u0107 zespo\u0142\u00f3w&hellip;\n","protected":false},"author":2,"featured_media":664950,"comment_status":"","ping_status":"","sticky":false,"template":"","format":"standard","meta":{"footnotes":"","_share_on_mastodon":"0"},"categories":[24],"tags":[128177,61195,48,46,948,42,38,40,39,41,4773,47,127,126,130,3644,128178],"class_list":["post-664949","post","type-post","status-publish","format-standard","has-post-thumbnail","category-sport","tag-adshield_tst2","tag-bottomfeed_styl","tag-nat_styl","tag-omp","tag-pilka_nozna","tag-pl","tag-poland","tag-polish","tag-polska","tag-polski","tag-puchar_polski","tag-screening_general","tag-sport","tag-sports","tag-wiadomosci_sportowe","tag-wieczysta_krakow","tag-wthl_off"],"share_on_mastodon":{"url":"https:\/\/pubeurope.com\/@pl\/117207867480657109","error":""},"_links":{"self":[{"href":"https:\/\/www.europesays.com\/pl\/wp-json\/wp\/v2\/posts\/664949","targetHints":{"allow":["GET"]}}],"collection":[{"href":"https:\/\/www.europesays.com\/pl\/wp-json\/wp\/v2\/posts"}],"about":[{"href":"https:\/\/www.europesays.com\/pl\/wp-json\/wp\/v2\/types\/post"}],"author":[{"embeddable":true,"href":"https:\/\/www.europesays.com\/pl\/wp-json\/wp\/v2\/users\/2"}],"replies":[{"embeddable":true,"href":"https:\/\/www.europesays.com\/pl\/wp-json\/wp\/v2\/comments?post=664949"}],"version-history":[{"count":0,"href":"https:\/\/www.europesays.com\/pl\/wp-json\/wp\/v2\/posts\/664949\/revisions"}],"wp:featuredmedia":[{"embeddable":true,"href":"https:\/\/www.europesays.com\/pl\/wp-json\/wp\/v2\/media\/664950"}],"wp:attachment":[{"href":"https:\/\/www.europesays.com\/pl\/wp-json\/wp\/v2\/media?parent=664949"}],"wp:term":[{"taxonomy":"category","embeddable":true,"href":"https:\/\/www.europesays.com\/pl\/wp-json\/wp\/v2\/categories?post=664949"},{"taxonomy":"post_tag","embeddable":true,"href":"https:\/\/www.europesays.com\/pl\/wp-json\/wp\/v2\/tags?post=664949"}],"curies":[{"name":"wp","href":"https:\/\/api.w.org\/{rel}","templated":true}]}}