{"id":66500,"date":"2025-10-24T16:02:13","date_gmt":"2025-10-24T16:02:13","guid":{"rendered":"https:\/\/www.europesays.com\/pl\/66500\/"},"modified":"2025-10-24T16:02:13","modified_gmt":"2025-10-24T16:02:13","slug":"malpki-uciekly-spod-systemu-kaucyjnego-rzad-nie-wyklucza-zmian","status":"publish","type":"post","link":"https:\/\/www.europesays.com\/pl\/66500\/","title":{"rendered":"Ma\u0142pki uciek\u0142y spod systemu kaucyjnego. Rz\u0105d nie wyklucza zmian"},"content":{"rendered":"<p data-section=\"detail-body\">Resort klimatu zosta\u0142 zapytany w interpelacji m.in. o to, czy prowadzi obecnie analizy dotycz\u0105ce w\u0142\u0105czenia jednorazowych butelek szklanych (tzw. &#8222;ma\u0142pek&#8221;) do systemu kaucyjnego.<\/p>\n<p class=\"article_p\" data-section=\"detail-body\">&#8222;Obj\u0119cie systemem (kaucyjnym \u2014 PAP) dodatkowej frakcji (tzw. ma\u0142pek \u2014 PAP), obok dodatkowego obci\u0105\u017cenia sklep\u00f3w oraz zmniejszenia strumienia szklanych odpad\u00f3w w systemie komunalnym wymaga\u0142oby istotnych inwestycji w infrastruktur\u0119. Obecnie systemy kaucyjne zaplanowane s\u0105 dla trzech frakcji jasno wskazanych w ustawie i dla tych trzech strumieni budowana jest infrastruktura i logistyka. MKi\u015a nie wyklucza zmian w tym zakresie w kolejnych latach funkcjonowania systemu&#8221; \u2014 napisano.<\/p>\n<p class=\"article_p\" data-section=\"detail-body\">&#8222;Decyzja o ewentualnej inicjatywie ustawodawczej zostanie podj\u0119ta w 2026 r. Niemniej najpierw system kaucyjny musi w pe\u0142ni ruszy\u0107, tak aby mo\u017cliwa by\u0142a ocena jego efektywno\u015bci w aktualnej formie&#8221; \u2014 dodano.<\/p>\n<p class=\"article_p\" data-section=\"detail-body\">W ocenie MKi\u015a kluczowe jest, aby zapewni\u0107 mo\u017cliwo\u015b\u0107 rozwijania systemu kaucyjnego w stabilnym otoczeniu prawnym, a ewentualne zmiany legislacyjne poddawa\u0107 szerokim konsultacjom i wprowadza\u0107 z odpowiednim vacatio legis, daj\u0105c przedsi\u0119biorcom czas na dostosowanie si\u0119.<\/p>\n<p class=\"article_p\" data-section=\"detail-body\">Przypomnijmy, \u017ce od 1 pa\u017adziernika dzia\u0142anie rozpocz\u0105\u0142 system kaucyjny. Obj\u0119te s\u0105 nim:<\/p>\n<ul class=\"article_ul\">\n<li class=\"article_ul_li\">butelki plastikowe o pojemno\u015bci do 3 litr\u00f3w (kaucja 50 gr),<\/li>\n<li class=\"article_ul_li\">metalowe puszki o pojemno\u015bci do 1 litra (50 gr),<\/li>\n<li class=\"article_ul_li\">szklane butelki wielorazowego u\u017cytku do 1,5 litra (1 z\u0142).<\/li>\n<\/ul>\n<p class=\"article_p\" data-section=\"detail-body\">Wyj\u0105tkiem s\u0105 m.in. opakowania po mleku, ale te\u017c jednorazowe butelki szklane, w tym w\u0142a\u015bnie takie o pojemno\u015bci do 300 ml (tzw. ma\u0142pki).<\/p>\n<p class=\"article_p\" data-section=\"detail-body\">Zobacz tak\u017ce: <a href=\"https:\/\/businessinsider.com.pl\/biznes\/system-kaucyjny-ominal-mleko-tak-branza-odzyskuje-opakowania-rozmowa-z-szefem-tetra\/z122q9j\" id=\"56493411-6154-4141-a6b1-a076fc85cf99\" rel=\"nofollow noopener\" target=\"_blank\">System kaucyjny omin\u0105\u0142 mleko. Tak bran\u017ca odzyskuje opakowania. Rozmowa z szefem Tetra Pak na nasz region<\/a><\/p>\n<p class=\"article_p\" data-section=\"detail-body\">Na razie jednak kaucja dzia\u0142a tylko w teorii, bo producenci wci\u0105\u017c wyprzedaj\u0105 butelki nieobj\u0119te systemem. Dopiero na prze\u0142omie roku w sklepach pojawi\u0105 si\u0119 butelki i puszki ze specjalnym logo systemu kaucyjnego, do kt\u00f3rych doliczane b\u0119d\u0105 powy\u017csze stawki.<\/p>\n<p class=\"article_p\" data-section=\"detail-body\">Zobacz tak\u017ce: <a href=\"https:\/\/businessinsider.com.pl\/wiadomosci\/rusza-system-kaucyjny-oto-wszystko-co-musisz-o-nim-wiedziec\/jbn5p14\" id=\"5db73ea5-4efc-4547-97eb-bafc3711f548\" rel=\"nofollow noopener\" target=\"_blank\">Rewolucja w polskich sklepach. Rusza system kaucyjny<\/a><\/p>\n","protected":false},"excerpt":{"rendered":"Resort klimatu zosta\u0142 zapytany w interpelacji m.in. o to, czy prowadzi obecnie analizy dotycz\u0105ce w\u0142\u0105czenia jednorazowych butelek szklanych&hellip;\n","protected":false},"author":2,"featured_media":66501,"comment_status":"","ping_status":"","sticky":false,"template":"","format":"standard","meta":{"footnotes":""},"categories":[16],"tags":[113,112,42,38,40,39,41],"class_list":{"0":"post-66500","1":"post","2":"type-post","3":"status-publish","4":"format-standard","5":"has-post-thumbnail","7":"category-biznes","8":"tag-biznes","9":"tag-business","10":"tag-pl","11":"tag-poland","12":"tag-polish","13":"tag-polska","14":"tag-polski"},"share_on_mastodon":{"url":"https:\/\/pubeurope.com\/@pl\/115429988472818883","error":""},"_links":{"self":[{"href":"https:\/\/www.europesays.com\/pl\/wp-json\/wp\/v2\/posts\/66500","targetHints":{"allow":["GET"]}}],"collection":[{"href":"https:\/\/www.europesays.com\/pl\/wp-json\/wp\/v2\/posts"}],"about":[{"href":"https:\/\/www.europesays.com\/pl\/wp-json\/wp\/v2\/types\/post"}],"author":[{"embeddable":true,"href":"https:\/\/www.europesays.com\/pl\/wp-json\/wp\/v2\/users\/2"}],"replies":[{"embeddable":true,"href":"https:\/\/www.europesays.com\/pl\/wp-json\/wp\/v2\/comments?post=66500"}],"version-history":[{"count":0,"href":"https:\/\/www.europesays.com\/pl\/wp-json\/wp\/v2\/posts\/66500\/revisions"}],"wp:featuredmedia":[{"embeddable":true,"href":"https:\/\/www.europesays.com\/pl\/wp-json\/wp\/v2\/media\/66501"}],"wp:attachment":[{"href":"https:\/\/www.europesays.com\/pl\/wp-json\/wp\/v2\/media?parent=66500"}],"wp:term":[{"taxonomy":"category","embeddable":true,"href":"https:\/\/www.europesays.com\/pl\/wp-json\/wp\/v2\/categories?post=66500"},{"taxonomy":"post_tag","embeddable":true,"href":"https:\/\/www.europesays.com\/pl\/wp-json\/wp\/v2\/tags?post=66500"}],"curies":[{"name":"wp","href":"https:\/\/api.w.org\/{rel}","templated":true}]}}