{"id":665001,"date":"2026-09-03T16:39:12","date_gmt":"2026-09-03T16:39:12","guid":{"rendered":"https:\/\/www.europesays.com\/pl\/665001\/"},"modified":"2026-09-03T16:39:12","modified_gmt":"2026-09-03T16:39:12","slug":"amerykanska-firma-zniszczona-kolo-kijowa-moskwa-celowo-zaatakowala","status":"publish","type":"post","link":"https:\/\/www.europesays.com\/pl\/665001\/","title":{"rendered":"Ameryka\u0144ska firma zniszczona ko\u0142o Kijowa. &#8222;Moskwa celowo zaatakowa\u0142a&#8221;"},"content":{"rendered":"<p>Co si\u0119 wydarzy\u0142o w czwartek?<\/p>\n<p>W czwartek wojska rosyjskie zaatakowa\u0142y fabryk\u0119 Coca-Coli. &#8222;To jest jaka\u015b nieko\u0144cz\u0105ca si\u0119 opowie\u015b\u0107\u2026 zn\u00f3w s\u0142upy dymu nad Kijowem. Rosjanie zaatakowali fabryk\u0119 Coca-Coli, Fanty, Sprita\u2026 i innych napoj\u00f3w. Moskwa celowo zaatakowa\u0142a oraz zniszczy\u0142a ameryka\u0144sk\u0105 firm\u0119 na terenie Ukrainy&#8221; \u2014 napisa\u0142 korespondent TVP w Kijowie Piotr Kaszuwara.<\/p>\n","protected":false},"excerpt":{"rendered":"Co si\u0119 wydarzy\u0142o w czwartek? W czwartek wojska rosyjskie zaatakowa\u0142y fabryk\u0119 Coca-Coli. &#8222;To jest jaka\u015b nieko\u0144cz\u0105ca si\u0119 opowie\u015b\u0107\u2026&hellip;\n","protected":false},"author":2,"featured_media":665002,"comment_status":"","ping_status":"","sticky":false,"template":"","format":"standard","meta":{"footnotes":"","_share_on_mastodon":"0"},"categories":[14],"tags":[61195,32,33,30274,144,27,76,34,35,28,31,48,25,46,40,41,87,47,80,29,30,415,71,70,26,892,82,83,84],"class_list":["post-665001","post","type-post","status-publish","format-standard","has-post-thumbnail","category-swiat","tag-bottomfeed_styl","tag-breaking-news","tag-breakingnews","tag-coca_cola","tag-drony","tag-headlines","tag-inwazja_rosji_na_ukraine","tag-latest-news","tag-latestnews","tag-naglowki","tag-najwazniejsze-artykuly","tag-nat_styl","tag-news","tag-omp","tag-polish","tag-polski","tag-rosja","tag-screening_general","tag-swiat","tag-top-stories","tag-topstories","tag-ukraina","tag-usa","tag-w_skrocie","tag-wiadomosci","tag-wojna","tag-world","tag-world-news","tag-worldnews"],"share_on_mastodon":{"url":"https:\/\/pubeurope.com\/@pl\/117208099718398560","error":""},"_links":{"self":[{"href":"https:\/\/www.europesays.com\/pl\/wp-json\/wp\/v2\/posts\/665001","targetHints":{"allow":["GET"]}}],"collection":[{"href":"https:\/\/www.europesays.com\/pl\/wp-json\/wp\/v2\/posts"}],"about":[{"href":"https:\/\/www.europesays.com\/pl\/wp-json\/wp\/v2\/types\/post"}],"author":[{"embeddable":true,"href":"https:\/\/www.europesays.com\/pl\/wp-json\/wp\/v2\/users\/2"}],"replies":[{"embeddable":true,"href":"https:\/\/www.europesays.com\/pl\/wp-json\/wp\/v2\/comments?post=665001"}],"version-history":[{"count":0,"href":"https:\/\/www.europesays.com\/pl\/wp-json\/wp\/v2\/posts\/665001\/revisions"}],"wp:featuredmedia":[{"embeddable":true,"href":"https:\/\/www.europesays.com\/pl\/wp-json\/wp\/v2\/media\/665002"}],"wp:attachment":[{"href":"https:\/\/www.europesays.com\/pl\/wp-json\/wp\/v2\/media?parent=665001"}],"wp:term":[{"taxonomy":"category","embeddable":true,"href":"https:\/\/www.europesays.com\/pl\/wp-json\/wp\/v2\/categories?post=665001"},{"taxonomy":"post_tag","embeddable":true,"href":"https:\/\/www.europesays.com\/pl\/wp-json\/wp\/v2\/tags?post=665001"}],"curies":[{"name":"wp","href":"https:\/\/api.w.org\/{rel}","templated":true}]}}